{"id":23782,"date":"2025-07-04T17:40:17","date_gmt":"2025-07-04T15:40:17","guid":{"rendered":"https:\/\/www.lesrencontreseconomiques.fr\/?post_type=blog&#038;p=23782"},"modified":"2025-07-04T17:40:18","modified_gmt":"2025-07-04T15:40:18","slug":"faut-il-reviser-le-mandat-des-banques-centrales","status":"publish","type":"blog","link":"https:\/\/www.lesrencontreseconomiques.fr\/debats-idees\/faut-il-reviser-le-mandat-des-banques-centrales\/","title":{"rendered":"Faut-il r\u00e9viser le mandat des banques centrales ?"},"content":{"rendered":"\n<p>Il y a deux ans, lors des Rencontres \u00c9conomiques d\u2019Aix-en-Provence, j\u2019ai commenc\u00e9 en affirmant que \u00ab les crises sont multidimensionnelles \u00bb et que \u00ab consid\u00e9rer la politique mon\u00e9taire comme le Saint Graal des politiques \u00e9conomiques est aussi illusoire que le Saint Graal lui-m\u00eame \u00bb. Je n\u2019avais pas besoin de recul pour confirmer cela \u2014 c\u2019est, apr\u00e8s tout, l\u2019essentiel du cours d\u2019\u00e9conomie de base \u2014 mais je n\u2019aurais pas pu anticiper la complexit\u00e9 \u00e0 laquelle le monde serait confront\u00e9, complexit\u00e9 qui affecte profond\u00e9ment la politique mon\u00e9taire. Aujourd\u2019hui, nous vivons dans un monde fragment\u00e9, marqu\u00e9 par des guerres, des menaces commerciales, une transition climatique urgente et l\u2019essor de l\u2019intelligence artificielle. Ces d\u00e9fis multiples cr\u00e9ent des d\u00e9s\u00e9quilibres macro\u00e9conomiques, exer\u00e7ant des pressions sur l\u2019activit\u00e9 \u00e9conomique et les prix.<\/p>\n\n\n\n<p>La politique mon\u00e9taire reste sous surveillance et se voit souvent press\u00e9e de r\u00e9pondre \u00e0 des objectifs d\u00e9passant son mandat. Pourtant, en tant qu\u2019outil macro\u00e9conomique, elle est inefficace pour r\u00e9soudre des frictions micro\u00e9conomiques. Cette inefficacit\u00e9 constitue l\u2019un des arguments les plus forts en faveur de l\u2019ind\u00e9pendance des banques centrales. Les syst\u00e8mes \u00e9conomiques disposent d\u2019outils plus efficaces pour atteindre des objectifs micro\u00e9conomiques.<\/p>\n\n\n\n<p>Cependant, l\u2019efficacit\u00e9 seule ne suffit pas \u00e0 pr\u00e9server l\u2019ind\u00e9pendance juridique que les banques centrales ont acquise au fil des d\u00e9cennies. Cette ind\u00e9pendance doit \u00eatre maintenue en remplissant les missions premi\u00e8res des banques centrales. L\u2019histoire \u00e9conomique montre que l\u2019ind\u00e9pendance est n\u00e9cessaire pour mener une politique mon\u00e9taire efficace, mais elle n\u2019est pas suffisante. Les actions des banques centrales doivent \u00eatre align\u00e9es avec leurs objectifs fondamentaux pour construire leur cr\u00e9dibilit\u00e9 et pr\u00e9server leur autonomie. L\u2019ind\u00e9pendance n\u2019est pas synonyme d\u2019isolement.<\/p>\n\n\n\n<p>Dans un monde de plus en plus volatile et interconnect\u00e9, les banques centrales doivent remplir leur mandat tout en adoptant une perspective d\u2019\u00e9quilibre g\u00e9n\u00e9ral. Les prix, les salaires et les anticipations sont endog\u00e8nes \u00e0 l\u2019\u00e9conomie. Que le mandat d\u2019une banque centrale soit unique \u2014 stabilit\u00e9 des prix \u2014 ou dual \u2014 stabilit\u00e9 des prix et plein emploi \u2014 la diff\u00e9rence op\u00e9rationnelle est, en pratique, minime. Au final, les banques centrales visent \u00e0 influencer l\u2019\u00e9conomie par le prix de l\u2019argent, directement ou indirectement.<\/p>\n\n\n\n<p>La th\u00e9orie \u00e9conomique montre que les chocs d\u2019offre \u00e9chappent au champ d\u2019action de la politique mon\u00e9taire. Pourtant, leur impact sur les prix est souvent loin d\u2019\u00eatre n\u00e9gligeable. Ces derni\u00e8res ann\u00e9es en ont donn\u00e9 de nombreux exemples : les perturbations des cha\u00eenes d\u2019approvisionnement dues \u00e0 la pand\u00e9mie, les chocs \u00e9nerg\u00e9tiques provoqu\u00e9s par la guerre injustifi\u00e9e de la Russie contre l\u2019Ukraine, ou encore les perturbations commerciales li\u00e9es au protectionnisme.<\/p>\n\n\n\n<p>Comme la politique mon\u00e9taire agit par la demande globale, elle requiert une approche plus agile, plus flexible et plus pr\u00e9cise. Cibler l\u2019inflation en tol\u00e9rant de petites d\u00e9viations sym\u00e9triques pourrait offrir aux banques centrales une plus grande marge pour absorber les fluctuations temporaires des prix caus\u00e9es par des chocs d\u2019offre exog\u00e8nes. Mais cette flexibilit\u00e9 comporte un risque : celui de d\u00e9sancrer les anticipations d\u2019inflation, \u00e0 la hausse comme \u00e0 la baisse.<\/p>\n\n\n\n<p>La politique mon\u00e9taire ne peut pas agir seule. Les autorit\u00e9s budg\u00e9taires, les r\u00e9gulateurs et les acteurs du secteur priv\u00e9 doivent s\u2019aligner, coop\u00e9rer et partager les risques. Dans un monde non coordonn\u00e9, surcharger les banques centrales de cette responsabilit\u00e9 conduit \u00e0 une politique mon\u00e9taire plus agressive, avec des cons\u00e9quences n\u00e9gatives notables sur l\u2019activit\u00e9 \u00e9conomique et une r\u00e9duction de la marge d\u2019action mon\u00e9taire.<\/p>\n\n\n\n<p>Les politiques adopt\u00e9es par la BCE ont permis d\u2019ancrer les anticipations d\u2019inflation et de ramener l\u2019inflation vers l\u2019objectif de 2 %. Cette cr\u00e9dibilit\u00e9 est essentielle pour consolider et renforcer le r\u00f4le international de l\u2019euro, m\u00eame si cela reste un projet \u00e0 long terme. Pour promouvoir le r\u00f4le de l\u2019euro, l\u2019Europe doit poursuivre l\u2019am\u00e9lioration de son architecture financi\u00e8re. Elle souffre encore de l\u2019absence d\u2019un secteur financier pleinement int\u00e9gr\u00e9. Favoriser un march\u00e9 des capitaux solide et achever l\u2019Union bancaire sont essentiels pour canaliser l\u2019\u00e9pargne europ\u00e9enne vers l\u2019investissement en Europe et d\u00e9velopper un syst\u00e8me financier plus comp\u00e9titif. En outre, une capacit\u00e9 budg\u00e9taire centrale fond\u00e9e sur une dette commune fournirait un actif s\u00fbr aux investisseurs internationaux et all\u00e9gerait les contraintes financi\u00e8res. L\u2019int\u00e9gration europ\u00e9enne repose sur la confiance mutuelle, que les Europ\u00e9ens ont su d\u00e9montrer \u00e0 plusieurs reprises.<\/p>\n\n\n\n<p>L\u2019Europe doit cultiver son r\u00f4le de leader mondial en mati\u00e8re de stabilit\u00e9 macro\u00e9conomique et de cr\u00e9dibilit\u00e9, \u00e9l\u00e9ments cl\u00e9s du statut de monnaie de r\u00e9serve. Sur ce point, l\u2019Europe se porte bien, en termes absolus comme relatifs, et les d\u00e9cideurs doivent continuer \u00e0 agir dans ce sens. La r\u00e9cente \u00e9valuation de la strat\u00e9gie de politique mon\u00e9taire de la BCE t\u00e9moigne d\u2019un engagement clair en faveur d\u2019une politique de meilleure qualit\u00e9.<\/p>\n","protected":false},"featured_media":23794,"template":"","cat-theme":[73],"cat-axe":[],"class_list":["post-23782","blog","type-blog","status-publish","has-post-thumbnail","hentry","cat-theme-financements"],"acf":[],"yoast_head":"<!-- This site is optimized with the Yoast SEO plugin v26.5 - https:\/\/yoast.com\/wordpress\/plugins\/seo\/ -->\n<title>Faut-il r\u00e9viser le mandat des banques centrales ? - Les Rencontres \u00c9conomiques<\/title>\n<meta name=\"robots\" content=\"index, follow, max-snippet:-1, max-image-preview:large, max-video-preview:-1\" \/>\n<link rel=\"canonical\" href=\"https:\/\/www.lesrencontreseconomiques.fr\/debats-idees\/faut-il-reviser-le-mandat-des-banques-centrales\/\" \/>\n<meta property=\"og:locale\" content=\"fr_FR\" \/>\n<meta property=\"og:type\" content=\"article\" \/>\n<meta property=\"og:description\" content=\"Il y a deux ans, lors des Rencontres \u00c9conomiques d\u2019Aix-en-Provence, j\u2019ai commenc\u00e9 en affirmant que \u00ab les crises sont multidimensionnelles \u00bb et que \u00ab consid\u00e9rer la politique mon\u00e9taire comme le Saint Graal des politiques \u00e9conomiques est aussi illusoire que le Saint Graal lui-m\u00eame \u00bb. Je n\u2019avais pas besoin de recul pour confirmer cela \u2014 c\u2019est, [&hellip;]\" \/>\n<meta property=\"og:url\" content=\"https:\/\/www.lesrencontreseconomiques.fr\/debats-idees\/faut-il-reviser-le-mandat-des-banques-centrales\/\" \/>\n<meta property=\"og:site_name\" content=\"Les Rencontres \u00c9conomiques\" \/>\n<meta property=\"article:publisher\" content=\"https:\/\/www.facebook.com\/Le.Cercle.des.Economistes\/\" \/>\n<meta property=\"article:modified_time\" content=\"2025-07-04T15:40:18+00:00\" \/>\n<meta property=\"og:image\" content=\"https:\/\/www.lesrencontreseconomiques.fr\/wp-content\/uploads\/2025\/07\/Capture-decran-2025-07-04-a-17.39.56.png\" \/>\n\t<meta property=\"og:image:width\" content=\"1600\" \/>\n\t<meta property=\"og:image:height\" content=\"833\" \/>\n\t<meta property=\"og:image:type\" content=\"image\/png\" \/>\n<meta name=\"twitter:card\" content=\"summary_large_image\" \/>\n<meta name=\"twitter:site\" content=\"@Cercle_eco\" \/>\n<meta name=\"twitter:label1\" content=\"Dur\u00e9e de lecture estim\u00e9e\" \/>\n\t<meta name=\"twitter:data1\" content=\"4 minutes\" \/>\n<script type=\"application\/ld+json\" class=\"yoast-schema-graph\">{\"@context\":\"https:\/\/schema.org\",\"@graph\":[{\"@type\":\"WebPage\",\"@id\":\"https:\/\/www.lesrencontreseconomiques.fr\/debats-idees\/faut-il-reviser-le-mandat-des-banques-centrales\/\",\"url\":\"https:\/\/www.lesrencontreseconomiques.fr\/debats-idees\/faut-il-reviser-le-mandat-des-banques-centrales\/\",\"name\":\"Faut-il r\u00e9viser le mandat des banques centrales ? - Les Rencontres \u00c9conomiques\",\"isPartOf\":{\"@id\":\"https:\/\/www.lesrencontreseconomiques.fr\/#website\"},\"primaryImageOfPage\":{\"@id\":\"https:\/\/www.lesrencontreseconomiques.fr\/debats-idees\/faut-il-reviser-le-mandat-des-banques-centrales\/#primaryimage\"},\"image\":{\"@id\":\"https:\/\/www.lesrencontreseconomiques.fr\/debats-idees\/faut-il-reviser-le-mandat-des-banques-centrales\/#primaryimage\"},\"thumbnailUrl\":\"https:\/\/www.lesrencontreseconomiques.fr\/wp-content\/uploads\/2025\/07\/Capture-decran-2025-07-04-a-17.39.56.png\",\"datePublished\":\"2025-07-04T15:40:17+00:00\",\"dateModified\":\"2025-07-04T15:40:18+00:00\",\"breadcrumb\":{\"@id\":\"https:\/\/www.lesrencontreseconomiques.fr\/debats-idees\/faut-il-reviser-le-mandat-des-banques-centrales\/#breadcrumb\"},\"inLanguage\":\"fr-FR\",\"potentialAction\":[{\"@type\":\"ReadAction\",\"target\":[\"https:\/\/www.lesrencontreseconomiques.fr\/debats-idees\/faut-il-reviser-le-mandat-des-banques-centrales\/\"]}]},{\"@type\":\"ImageObject\",\"inLanguage\":\"fr-FR\",\"@id\":\"https:\/\/www.lesrencontreseconomiques.fr\/debats-idees\/faut-il-reviser-le-mandat-des-banques-centrales\/#primaryimage\",\"url\":\"https:\/\/www.lesrencontreseconomiques.fr\/wp-content\/uploads\/2025\/07\/Capture-decran-2025-07-04-a-17.39.56.png\",\"contentUrl\":\"https:\/\/www.lesrencontreseconomiques.fr\/wp-content\/uploads\/2025\/07\/Capture-decran-2025-07-04-a-17.39.56.png\",\"width\":1600,\"height\":833},{\"@type\":\"BreadcrumbList\",\"@id\":\"https:\/\/www.lesrencontreseconomiques.fr\/debats-idees\/faut-il-reviser-le-mandat-des-banques-centrales\/#breadcrumb\",\"itemListElement\":[{\"@type\":\"ListItem\",\"position\":1,\"name\":\"Accueil\",\"item\":\"https:\/\/www.lesrencontreseconomiques.fr\/\"},{\"@type\":\"ListItem\",\"position\":2,\"name\":\"D\u00e9bats & Id\u00e9es\",\"item\":\"https:\/\/www.lesrencontreseconomiques.fr\/debats-idees\/\"},{\"@type\":\"ListItem\",\"position\":3,\"name\":\"Faut-il r\u00e9viser le mandat des banques centrales ?\"}]},{\"@type\":\"WebSite\",\"@id\":\"https:\/\/www.lesrencontreseconomiques.fr\/#website\",\"url\":\"https:\/\/www.lesrencontreseconomiques.fr\/\",\"name\":\"Les Rencontres \u00c9conomiques\",\"description\":\"\",\"potentialAction\":[{\"@type\":\"SearchAction\",\"target\":{\"@type\":\"EntryPoint\",\"urlTemplate\":\"https:\/\/www.lesrencontreseconomiques.fr\/?s={search_term_string}\"},\"query-input\":{\"@type\":\"PropertyValueSpecification\",\"valueRequired\":true,\"valueName\":\"search_term_string\"}}],\"inLanguage\":\"fr-FR\"}]}<\/script>\n<!-- \/ Yoast SEO plugin. -->","yoast_head_json":{"title":"Faut-il r\u00e9viser le mandat des banques centrales ? - Les Rencontres \u00c9conomiques","robots":{"index":"index","follow":"follow","max-snippet":"max-snippet:-1","max-image-preview":"max-image-preview:large","max-video-preview":"max-video-preview:-1"},"canonical":"https:\/\/www.lesrencontreseconomiques.fr\/debats-idees\/faut-il-reviser-le-mandat-des-banques-centrales\/","og_locale":"fr_FR","og_type":"article","og_description":"Il y a deux ans, lors des Rencontres \u00c9conomiques d\u2019Aix-en-Provence, j\u2019ai commenc\u00e9 en affirmant que \u00ab les crises sont multidimensionnelles \u00bb et que \u00ab consid\u00e9rer la politique mon\u00e9taire comme le Saint Graal des politiques \u00e9conomiques est aussi illusoire que le Saint Graal lui-m\u00eame \u00bb. Je n\u2019avais pas besoin de recul pour confirmer cela \u2014 c\u2019est, [&hellip;]","og_url":"https:\/\/www.lesrencontreseconomiques.fr\/debats-idees\/faut-il-reviser-le-mandat-des-banques-centrales\/","og_site_name":"Les Rencontres \u00c9conomiques","article_publisher":"https:\/\/www.facebook.com\/Le.Cercle.des.Economistes\/","article_modified_time":"2025-07-04T15:40:18+00:00","og_image":[{"width":1600,"height":833,"url":"https:\/\/www.lesrencontreseconomiques.fr\/wp-content\/uploads\/2025\/07\/Capture-decran-2025-07-04-a-17.39.56.png","type":"image\/png"}],"twitter_card":"summary_large_image","twitter_site":"@Cercle_eco","twitter_misc":{"Dur\u00e9e de lecture estim\u00e9e":"4 minutes"},"schema":{"@context":"https:\/\/schema.org","@graph":[{"@type":"WebPage","@id":"https:\/\/www.lesrencontreseconomiques.fr\/debats-idees\/faut-il-reviser-le-mandat-des-banques-centrales\/","url":"https:\/\/www.lesrencontreseconomiques.fr\/debats-idees\/faut-il-reviser-le-mandat-des-banques-centrales\/","name":"Faut-il r\u00e9viser le mandat des banques centrales ? - Les Rencontres \u00c9conomiques","isPartOf":{"@id":"https:\/\/www.lesrencontreseconomiques.fr\/#website"},"primaryImageOfPage":{"@id":"https:\/\/www.lesrencontreseconomiques.fr\/debats-idees\/faut-il-reviser-le-mandat-des-banques-centrales\/#primaryimage"},"image":{"@id":"https:\/\/www.lesrencontreseconomiques.fr\/debats-idees\/faut-il-reviser-le-mandat-des-banques-centrales\/#primaryimage"},"thumbnailUrl":"https:\/\/www.lesrencontreseconomiques.fr\/wp-content\/uploads\/2025\/07\/Capture-decran-2025-07-04-a-17.39.56.png","datePublished":"2025-07-04T15:40:17+00:00","dateModified":"2025-07-04T15:40:18+00:00","breadcrumb":{"@id":"https:\/\/www.lesrencontreseconomiques.fr\/debats-idees\/faut-il-reviser-le-mandat-des-banques-centrales\/#breadcrumb"},"inLanguage":"fr-FR","potentialAction":[{"@type":"ReadAction","target":["https:\/\/www.lesrencontreseconomiques.fr\/debats-idees\/faut-il-reviser-le-mandat-des-banques-centrales\/"]}]},{"@type":"ImageObject","inLanguage":"fr-FR","@id":"https:\/\/www.lesrencontreseconomiques.fr\/debats-idees\/faut-il-reviser-le-mandat-des-banques-centrales\/#primaryimage","url":"https:\/\/www.lesrencontreseconomiques.fr\/wp-content\/uploads\/2025\/07\/Capture-decran-2025-07-04-a-17.39.56.png","contentUrl":"https:\/\/www.lesrencontreseconomiques.fr\/wp-content\/uploads\/2025\/07\/Capture-decran-2025-07-04-a-17.39.56.png","width":1600,"height":833},{"@type":"BreadcrumbList","@id":"https:\/\/www.lesrencontreseconomiques.fr\/debats-idees\/faut-il-reviser-le-mandat-des-banques-centrales\/#breadcrumb","itemListElement":[{"@type":"ListItem","position":1,"name":"Accueil","item":"https:\/\/www.lesrencontreseconomiques.fr\/"},{"@type":"ListItem","position":2,"name":"D\u00e9bats & Id\u00e9es","item":"https:\/\/www.lesrencontreseconomiques.fr\/debats-idees\/"},{"@type":"ListItem","position":3,"name":"Faut-il r\u00e9viser le mandat des banques centrales ?"}]},{"@type":"WebSite","@id":"https:\/\/www.lesrencontreseconomiques.fr\/#website","url":"https:\/\/www.lesrencontreseconomiques.fr\/","name":"Les Rencontres \u00c9conomiques","description":"","potentialAction":[{"@type":"SearchAction","target":{"@type":"EntryPoint","urlTemplate":"https:\/\/www.lesrencontreseconomiques.fr\/?s={search_term_string}"},"query-input":{"@type":"PropertyValueSpecification","valueRequired":true,"valueName":"search_term_string"}}],"inLanguage":"fr-FR"}]}},"_links":{"self":[{"href":"https:\/\/www.lesrencontreseconomiques.fr\/wp-json\/wp\/v2\/blog\/23782","targetHints":{"allow":["GET"]}}],"collection":[{"href":"https:\/\/www.lesrencontreseconomiques.fr\/wp-json\/wp\/v2\/blog"}],"about":[{"href":"https:\/\/www.lesrencontreseconomiques.fr\/wp-json\/wp\/v2\/types\/blog"}],"wp:featuredmedia":[{"embeddable":true,"href":"https:\/\/www.lesrencontreseconomiques.fr\/wp-json\/wp\/v2\/media\/23794"}],"wp:attachment":[{"href":"https:\/\/www.lesrencontreseconomiques.fr\/wp-json\/wp\/v2\/media?parent=23782"}],"wp:term":[{"taxonomy":"cat-theme","embeddable":true,"href":"https:\/\/www.lesrencontreseconomiques.fr\/wp-json\/wp\/v2\/cat-theme?post=23782"},{"taxonomy":"cat-axe","embeddable":true,"href":"https:\/\/www.lesrencontreseconomiques.fr\/wp-json\/wp\/v2\/cat-axe?post=23782"}],"curies":[{"name":"wp","href":"https:\/\/api.w.org\/{rel}","templated":true}]}}