{"id":23398,"date":"2025-07-04T15:02:55","date_gmt":"2025-07-04T13:02:55","guid":{"rendered":"https:\/\/www.lesrencontreseconomiques.fr\/?post_type=blog&#038;p=23398"},"modified":"2025-07-04T15:07:38","modified_gmt":"2025-07-04T13:07:38","slug":"la-politique-des-droits-de-douane-de-trump-a-provoque-une-grande-peur-dans-lopinion","status":"publish","type":"blog","link":"https:\/\/www.lesrencontreseconomiques.fr\/debats-idees\/la-politique-des-droits-de-douane-de-trump-a-provoque-une-grande-peur-dans-lopinion\/","title":{"rendered":"\u00ab\u00a0La politique des droits de douane de Trump a provoqu\u00e9 une grande peur dans l\u2019opinion\u00a0\u00bb"},"content":{"rendered":"\n<h3 class=\"wp-block-heading\"><strong>Si le pr\u00e9sident am\u00e9ricain a r\u00e9ussi \u00e0 faire adopter son projet de loi budg\u00e9taire, les questions \u00e9conomiques pourraient constituer son talon d\u2019Achille dans l\u2019avenir, en particulier la question de la dette et des \u00ab\u00a0tariffs\u00a0\u00bb, pas forc\u00e9ment bien compris par les citoyens, souligne le journaliste am\u00e9ricain, \u00e9diteur \u00e0 la <em>Claremont Review of Books<\/em>, contributeur au <em>New York Times<\/em>.<\/strong><\/h3>\n\n\n\n<div style=\"height:100px\" aria-hidden=\"true\" class=\"wp-block-spacer is-style-small-spacer\"><\/div>\n\n\n\n<p><strong>Le 3 juillet, la Chambre des repr\u00e9sentants des \u00c9tats-Unis a adopt\u00e9 le m\u00e9gaprojet de loi budg\u00e9taire qui regroupe la plupart des promesses \u00e9lectorales de Donald Trump. Est-ce une victoire du pr\u00e9sident\u202f?\u00a0<\/strong>\u00a0<\/p>\n\n\n\n<p><strong>Christopher Caldwell<\/strong> Sans doute. Les projets de loi budg\u00e9taires sont tr\u00e8s compliqu\u00e9s \u00e0 faire adopter. La reconduction des baisses d\u2019imp\u00f4t que Donald Trump a impos\u00e9e en 2017 \u00e9tait une promesse \u00e9lectorale majeure, et plusieurs r\u00e9publicains \u2013 des \u00ab&nbsp;faucons&nbsp;\u00bb budg\u00e9taires \u2013 y \u00e9taient r\u00e9fractaires.<\/p>\n\n\n\n<p><strong>Qu\u2019est-ce que cela va changer pour les Am\u00e9ricains<\/strong><strong>\u202f<\/strong><strong>?<\/strong>&nbsp;<\/p>\n\n\n\n<p><strong>C. C.<\/strong> Je ne pense pas que ce projet de loi va changer grand-chose, \u00e0 deux \u00e9gards. La premi\u00e8re, c&rsquo;est que les promesses, notamment les r\u00e9ductions dans le programme Medicaid d\u2019aide aux d\u00e9penses de sant\u00e9 des foyers d\u00e9favoris\u00e9s n&rsquo;entreront pas toutes en vigueur avant la fin du mandat de Trump. Donc, il n&rsquo;est pas certain que le texte ait un impact global. Deuxi\u00e8mement, l\u2019endettement qui en d\u00e9coule est relativement modeste. Selon le bureau du budget du Congr\u00e8s, la loi aggravera l\u2019endettement de quelque 3300 milliards de dollars sur dix ans.\u202fElle majore au passage de 5000 milliards de dollars le plafond de la dette publique, afin d\u2019\u00e9carter tout risque de d\u00e9faut. Quand Bill Clinton a quitt\u00e9 la Maison Blanche, en 2001, la dette f\u00e9d\u00e9rale \u00e9tait faible, s\u2019\u00e9levant \u00e0 environ 5700 milliards de dollars. En l\u2019espace de vingt ans, elle a augment\u00e9 de plus de 25 milliards de dollars, avoisinant les 32 910 milliards de dollars en 2023.\u202f Les 3300 milliards de dollars de plus dans le projet de Trump sont donc regrettables, mais par rapport aux deux derni\u00e8res d\u00e9cennies, ce n&rsquo;est pas si important. Bien s\u00fbr, ces 3300 milliards pourraient \u00eatre la goutte qui fait d\u00e9border la vase. Il arrivera un moment o\u00f9 tout tombera parce que la capacit\u00e9 d&rsquo;absorber la dette n\u2019est pas infinie. Quand ce moment arrivera, ce sera tout d&rsquo;un coup avec une perte de confiance des banquiers, du march\u00e9 des dettes, etc.&nbsp;&nbsp;<\/p>\n\n\n\n<p><strong>La dette n\u2019a pourtant pratiquement pas \u00e9t\u00e9 abord\u00e9e au cours de la campagne \u00e9lectorale. Est-ce un impens\u00e9 de la politique am\u00e9ricaine<\/strong><strong>\u202f<\/strong><strong>?&nbsp;<\/strong>&nbsp;<\/p>\n\n\n\n<p><strong>C. C.<\/strong> Nous avons pris l&rsquo;habitude de nous reposer sur la monnaie de r\u00e9f\u00e9rence. Nous sommes devenus trop confortables avec notre devise, qui est la devise du monde. C&rsquo;est pour cela. On n&rsquo;\u00e9prouve pas les crises financi\u00e8res de la m\u00eame mani\u00e8re que les Europ\u00e9ens les \u00e9prouvent.<\/p>\n\n\n\n<p><strong>Quel bilan faites-vous des premiers mois de la pr\u00e9sidence Trump<\/strong><strong>\u202f<\/strong><strong>?<\/strong>&nbsp;<\/p>\n\n\n\n<p><strong>C. C.<\/strong> Donald Trump a toujours repr\u00e9sent\u00e9 un r\u00e9f\u00e9rendum pour savoir si les classes dirigeantes am\u00e9ricaines \u00e9taient corrompues ou non. Et les \u00e9lecteurs ont dit oui, en 2016 et en 2024. Pour l\u2019\u00e9lectorat, il y avait une urgence de r\u00e9formes. Trump est ainsi intervenu tr\u00e8s fortement contre le wokisme. Malheureusement pour plusieurs de ses \u00e9lecteurs, il l&rsquo;a fait par le biais des m\u00eames artifices que les d\u00e9mocrates, surtout en utilisant les lois sur les droits civiques comme levier pour imposer aux universitaires ce qu\u2019ils avaient le droit de dire ou ne pas dire. Je dirais qu\u2019il a agi de fa\u00e7on irr\u00e9guli\u00e8re envers la Constitution, mais cette mani\u00e8re de faire ne compte pas pour l&rsquo;\u00e9lectorat en g\u00e9n\u00e9ral. Ce qui sera important et o\u00f9 Trump se trouvera vuln\u00e9rable, ce sont les questions \u00e9conomiques et la crainte d\u2019un basculement, surtout avec sa politique des droits de douane qui a provoqu\u00e9 une grande peur dans l\u2019opinion. Les Am\u00e9ricains ne saisissent pas tous les m\u00e9canismes de l&rsquo;\u00e9conomie mondiale, mais ils comprennent tr\u00e8s bien que la Bourse a chut\u00e9 de 20% dans les jours suivant l\u2019annonce du pr\u00e9sident sur les \u00ab\u202ftariffs\u202f\u00bb. Or, chez nous, la Bourse, ce sont les retraites.&nbsp;&nbsp;<\/p>\n\n\n\n<p><strong>Sur le plan ext\u00e9rieur, comment vous jugez sa politique \u00e9trang\u00e8re<\/strong><strong>\u202f<\/strong><strong>?&nbsp;<\/strong>&nbsp;<\/p>\n\n\n\n<p><strong>C. C. <\/strong>Les \u00c9tats-Unis sont dans un \u00e9tat vuln\u00e9rable, en ce qui concerne le consensus sur la politique \u00e9trang\u00e8re. On voit mal comment ils pourraient mener une vraie guerre au Moyen-Orient. Trump a r\u00e9ussi \u00e0 d\u00e9livrer une frappe, significative semble-t-il, en Iran sans embourber les \u00c9tats-Unis dans une guerre. Le risque d&rsquo;enlisement, c&rsquo;est un risque que les \u00e9lecteurs am\u00e9ricains ne sont pas pr\u00eats \u00e0 courir.\u202f&nbsp;<\/p>\n\n\n\n<p><strong>Sur l&rsquo;Ukraine, les efforts de Trump semblent vains, lui-m\u00eame l\u2019a admis apr\u00e8s sa derni\u00e8re conversation avec Vladimir Poutine\u2026&nbsp;<\/strong>&nbsp;<\/p>\n\n\n\n<p><strong>C. C. <\/strong>En r\u00e9alit\u00e9, Trump ne s&rsquo;int\u00e9resse pas vraiment \u00e0 l&rsquo;Ukraine. \u00c7a ne veut pas dire qu\u2019il est un ami de Poutine. Il est indiff\u00e9rent, c\u2019est tout. Il n\u2019y a aucun int\u00e9r\u00eat. C&rsquo;est difficile \u00e0 avouer \u00e0 un Europ\u00e9en, mais \u00e0 part dans certains quartiers, \u00e0 Washington DC, \u00e0 Manhattan ou \u00e0 Cambridge, cette guerre ne fait aucune impression sur les Am\u00e9ricains. Personne n\u2019accepte d\u2019en payer le prix.&nbsp;&nbsp;<\/p>\n\n\n\n<p><strong>La seule boussole de Donald Trump, est-ce son \u00e9lectorat<\/strong><strong>\u202f<\/strong><strong>?&nbsp;<\/strong>&nbsp;<\/p>\n\n\n\n<p><strong>C. C. <\/strong>Je pense que c&rsquo;est quelque chose de plus personnel. Si c&rsquo;\u00e9tait son \u00e9lectorat, il serait plus facile de pr\u00e9voir ce qu&rsquo;il fait.&nbsp;<\/p>\n","protected":false},"featured_media":23414,"template":"","cat-theme":[74],"cat-axe":[],"class_list":["post-23398","blog","type-blog","status-publish","has-post-thumbnail","hentry","cat-theme-geopolitique"],"acf":[],"yoast_head":"<!-- This site is optimized with the Yoast SEO plugin v26.5 - https:\/\/yoast.com\/wordpress\/plugins\/seo\/ -->\n<title>&quot;La politique des droits de douane de Trump a provoqu\u00e9 une grande peur dans l\u2019opinion&quot; - Les Rencontres \u00c9conomiques<\/title>\n<meta name=\"robots\" content=\"index, follow, max-snippet:-1, max-image-preview:large, max-video-preview:-1\" \/>\n<link rel=\"canonical\" href=\"https:\/\/www.lesrencontreseconomiques.fr\/debats-idees\/la-politique-des-droits-de-douane-de-trump-a-provoque-une-grande-peur-dans-lopinion\/\" \/>\n<meta property=\"og:locale\" content=\"fr_FR\" \/>\n<meta property=\"og:type\" content=\"article\" \/>\n<meta property=\"og:description\" content=\"Si le pr\u00e9sident am\u00e9ricain a r\u00e9ussi \u00e0 faire adopter son projet de loi budg\u00e9taire, les questions \u00e9conomiques pourraient constituer son talon d\u2019Achille dans l\u2019avenir, en particulier la question de la dette et des \u00ab\u00a0tariffs\u00a0\u00bb, pas forc\u00e9ment bien compris par les citoyens, souligne le journaliste am\u00e9ricain, \u00e9diteur \u00e0 la Claremont Review of Books, contributeur au New [&hellip;]\" \/>\n<meta property=\"og:url\" content=\"https:\/\/www.lesrencontreseconomiques.fr\/debats-idees\/la-politique-des-droits-de-douane-de-trump-a-provoque-une-grande-peur-dans-lopinion\/\" \/>\n<meta property=\"og:site_name\" content=\"Les Rencontres \u00c9conomiques\" \/>\n<meta property=\"article:publisher\" content=\"https:\/\/www.facebook.com\/Le.Cercle.des.Economistes\/\" \/>\n<meta property=\"article:modified_time\" content=\"2025-07-04T13:07:38+00:00\" \/>\n<meta property=\"og:image\" content=\"https:\/\/www.lesrencontreseconomiques.fr\/wp-content\/uploads\/2025\/07\/Visuels-NL-REAIX-21.png\" \/>\n\t<meta property=\"og:image:width\" content=\"420\" \/>\n\t<meta property=\"og:image:height\" content=\"200\" \/>\n\t<meta property=\"og:image:type\" content=\"image\/png\" \/>\n<meta name=\"twitter:card\" content=\"summary_large_image\" \/>\n<meta name=\"twitter:site\" content=\"@Cercle_eco\" \/>\n<meta name=\"twitter:label1\" content=\"Dur\u00e9e de lecture estim\u00e9e\" \/>\n\t<meta name=\"twitter:data1\" content=\"5 minutes\" \/>\n<script type=\"application\/ld+json\" class=\"yoast-schema-graph\">{\"@context\":\"https:\/\/schema.org\",\"@graph\":[{\"@type\":\"WebPage\",\"@id\":\"https:\/\/www.lesrencontreseconomiques.fr\/debats-idees\/la-politique-des-droits-de-douane-de-trump-a-provoque-une-grande-peur-dans-lopinion\/\",\"url\":\"https:\/\/www.lesrencontreseconomiques.fr\/debats-idees\/la-politique-des-droits-de-douane-de-trump-a-provoque-une-grande-peur-dans-lopinion\/\",\"name\":\"\\\"La politique des droits de douane de Trump a provoqu\u00e9 une grande peur dans l\u2019opinion\\\" - Les Rencontres \u00c9conomiques\",\"isPartOf\":{\"@id\":\"https:\/\/www.lesrencontreseconomiques.fr\/#website\"},\"primaryImageOfPage\":{\"@id\":\"https:\/\/www.lesrencontreseconomiques.fr\/debats-idees\/la-politique-des-droits-de-douane-de-trump-a-provoque-une-grande-peur-dans-lopinion\/#primaryimage\"},\"image\":{\"@id\":\"https:\/\/www.lesrencontreseconomiques.fr\/debats-idees\/la-politique-des-droits-de-douane-de-trump-a-provoque-une-grande-peur-dans-lopinion\/#primaryimage\"},\"thumbnailUrl\":\"https:\/\/www.lesrencontreseconomiques.fr\/wp-content\/uploads\/2025\/07\/Visuels-NL-REAIX-21.png\",\"datePublished\":\"2025-07-04T13:02:55+00:00\",\"dateModified\":\"2025-07-04T13:07:38+00:00\",\"breadcrumb\":{\"@id\":\"https:\/\/www.lesrencontreseconomiques.fr\/debats-idees\/la-politique-des-droits-de-douane-de-trump-a-provoque-une-grande-peur-dans-lopinion\/#breadcrumb\"},\"inLanguage\":\"fr-FR\",\"potentialAction\":[{\"@type\":\"ReadAction\",\"target\":[\"https:\/\/www.lesrencontreseconomiques.fr\/debats-idees\/la-politique-des-droits-de-douane-de-trump-a-provoque-une-grande-peur-dans-lopinion\/\"]}]},{\"@type\":\"ImageObject\",\"inLanguage\":\"fr-FR\",\"@id\":\"https:\/\/www.lesrencontreseconomiques.fr\/debats-idees\/la-politique-des-droits-de-douane-de-trump-a-provoque-une-grande-peur-dans-lopinion\/#primaryimage\",\"url\":\"https:\/\/www.lesrencontreseconomiques.fr\/wp-content\/uploads\/2025\/07\/Visuels-NL-REAIX-21.png\",\"contentUrl\":\"https:\/\/www.lesrencontreseconomiques.fr\/wp-content\/uploads\/2025\/07\/Visuels-NL-REAIX-21.png\",\"width\":420,\"height\":200},{\"@type\":\"BreadcrumbList\",\"@id\":\"https:\/\/www.lesrencontreseconomiques.fr\/debats-idees\/la-politique-des-droits-de-douane-de-trump-a-provoque-une-grande-peur-dans-lopinion\/#breadcrumb\",\"itemListElement\":[{\"@type\":\"ListItem\",\"position\":1,\"name\":\"Accueil\",\"item\":\"https:\/\/www.lesrencontreseconomiques.fr\/\"},{\"@type\":\"ListItem\",\"position\":2,\"name\":\"D\u00e9bats & Id\u00e9es\",\"item\":\"https:\/\/www.lesrencontreseconomiques.fr\/debats-idees\/\"},{\"@type\":\"ListItem\",\"position\":3,\"name\":\"\u00ab\u00a0La politique des droits de douane de Trump a provoqu\u00e9 une grande peur dans l\u2019opinion\u00a0\u00bb\"}]},{\"@type\":\"WebSite\",\"@id\":\"https:\/\/www.lesrencontreseconomiques.fr\/#website\",\"url\":\"https:\/\/www.lesrencontreseconomiques.fr\/\",\"name\":\"Les Rencontres \u00c9conomiques\",\"description\":\"\",\"potentialAction\":[{\"@type\":\"SearchAction\",\"target\":{\"@type\":\"EntryPoint\",\"urlTemplate\":\"https:\/\/www.lesrencontreseconomiques.fr\/?s={search_term_string}\"},\"query-input\":{\"@type\":\"PropertyValueSpecification\",\"valueRequired\":true,\"valueName\":\"search_term_string\"}}],\"inLanguage\":\"fr-FR\"}]}<\/script>\n<!-- \/ Yoast SEO plugin. -->","yoast_head_json":{"title":"\"La politique des droits de douane de Trump a provoqu\u00e9 une grande peur dans l\u2019opinion\" - Les Rencontres \u00c9conomiques","robots":{"index":"index","follow":"follow","max-snippet":"max-snippet:-1","max-image-preview":"max-image-preview:large","max-video-preview":"max-video-preview:-1"},"canonical":"https:\/\/www.lesrencontreseconomiques.fr\/debats-idees\/la-politique-des-droits-de-douane-de-trump-a-provoque-une-grande-peur-dans-lopinion\/","og_locale":"fr_FR","og_type":"article","og_description":"Si le pr\u00e9sident am\u00e9ricain a r\u00e9ussi \u00e0 faire adopter son projet de loi budg\u00e9taire, les questions \u00e9conomiques pourraient constituer son talon d\u2019Achille dans l\u2019avenir, en particulier la question de la dette et des \u00ab\u00a0tariffs\u00a0\u00bb, pas forc\u00e9ment bien compris par les citoyens, souligne le journaliste am\u00e9ricain, \u00e9diteur \u00e0 la Claremont Review of Books, contributeur au New [&hellip;]","og_url":"https:\/\/www.lesrencontreseconomiques.fr\/debats-idees\/la-politique-des-droits-de-douane-de-trump-a-provoque-une-grande-peur-dans-lopinion\/","og_site_name":"Les Rencontres \u00c9conomiques","article_publisher":"https:\/\/www.facebook.com\/Le.Cercle.des.Economistes\/","article_modified_time":"2025-07-04T13:07:38+00:00","og_image":[{"width":420,"height":200,"url":"https:\/\/www.lesrencontreseconomiques.fr\/wp-content\/uploads\/2025\/07\/Visuels-NL-REAIX-21.png","type":"image\/png"}],"twitter_card":"summary_large_image","twitter_site":"@Cercle_eco","twitter_misc":{"Dur\u00e9e de lecture estim\u00e9e":"5 minutes"},"schema":{"@context":"https:\/\/schema.org","@graph":[{"@type":"WebPage","@id":"https:\/\/www.lesrencontreseconomiques.fr\/debats-idees\/la-politique-des-droits-de-douane-de-trump-a-provoque-une-grande-peur-dans-lopinion\/","url":"https:\/\/www.lesrencontreseconomiques.fr\/debats-idees\/la-politique-des-droits-de-douane-de-trump-a-provoque-une-grande-peur-dans-lopinion\/","name":"\"La politique des droits de douane de Trump a provoqu\u00e9 une grande peur dans l\u2019opinion\" - Les Rencontres \u00c9conomiques","isPartOf":{"@id":"https:\/\/www.lesrencontreseconomiques.fr\/#website"},"primaryImageOfPage":{"@id":"https:\/\/www.lesrencontreseconomiques.fr\/debats-idees\/la-politique-des-droits-de-douane-de-trump-a-provoque-une-grande-peur-dans-lopinion\/#primaryimage"},"image":{"@id":"https:\/\/www.lesrencontreseconomiques.fr\/debats-idees\/la-politique-des-droits-de-douane-de-trump-a-provoque-une-grande-peur-dans-lopinion\/#primaryimage"},"thumbnailUrl":"https:\/\/www.lesrencontreseconomiques.fr\/wp-content\/uploads\/2025\/07\/Visuels-NL-REAIX-21.png","datePublished":"2025-07-04T13:02:55+00:00","dateModified":"2025-07-04T13:07:38+00:00","breadcrumb":{"@id":"https:\/\/www.lesrencontreseconomiques.fr\/debats-idees\/la-politique-des-droits-de-douane-de-trump-a-provoque-une-grande-peur-dans-lopinion\/#breadcrumb"},"inLanguage":"fr-FR","potentialAction":[{"@type":"ReadAction","target":["https:\/\/www.lesrencontreseconomiques.fr\/debats-idees\/la-politique-des-droits-de-douane-de-trump-a-provoque-une-grande-peur-dans-lopinion\/"]}]},{"@type":"ImageObject","inLanguage":"fr-FR","@id":"https:\/\/www.lesrencontreseconomiques.fr\/debats-idees\/la-politique-des-droits-de-douane-de-trump-a-provoque-une-grande-peur-dans-lopinion\/#primaryimage","url":"https:\/\/www.lesrencontreseconomiques.fr\/wp-content\/uploads\/2025\/07\/Visuels-NL-REAIX-21.png","contentUrl":"https:\/\/www.lesrencontreseconomiques.fr\/wp-content\/uploads\/2025\/07\/Visuels-NL-REAIX-21.png","width":420,"height":200},{"@type":"BreadcrumbList","@id":"https:\/\/www.lesrencontreseconomiques.fr\/debats-idees\/la-politique-des-droits-de-douane-de-trump-a-provoque-une-grande-peur-dans-lopinion\/#breadcrumb","itemListElement":[{"@type":"ListItem","position":1,"name":"Accueil","item":"https:\/\/www.lesrencontreseconomiques.fr\/"},{"@type":"ListItem","position":2,"name":"D\u00e9bats & Id\u00e9es","item":"https:\/\/www.lesrencontreseconomiques.fr\/debats-idees\/"},{"@type":"ListItem","position":3,"name":"\u00ab\u00a0La politique des droits de douane de Trump a provoqu\u00e9 une grande peur dans l\u2019opinion\u00a0\u00bb"}]},{"@type":"WebSite","@id":"https:\/\/www.lesrencontreseconomiques.fr\/#website","url":"https:\/\/www.lesrencontreseconomiques.fr\/","name":"Les Rencontres \u00c9conomiques","description":"","potentialAction":[{"@type":"SearchAction","target":{"@type":"EntryPoint","urlTemplate":"https:\/\/www.lesrencontreseconomiques.fr\/?s={search_term_string}"},"query-input":{"@type":"PropertyValueSpecification","valueRequired":true,"valueName":"search_term_string"}}],"inLanguage":"fr-FR"}]}},"_links":{"self":[{"href":"https:\/\/www.lesrencontreseconomiques.fr\/wp-json\/wp\/v2\/blog\/23398","targetHints":{"allow":["GET"]}}],"collection":[{"href":"https:\/\/www.lesrencontreseconomiques.fr\/wp-json\/wp\/v2\/blog"}],"about":[{"href":"https:\/\/www.lesrencontreseconomiques.fr\/wp-json\/wp\/v2\/types\/blog"}],"wp:featuredmedia":[{"embeddable":true,"href":"https:\/\/www.lesrencontreseconomiques.fr\/wp-json\/wp\/v2\/media\/23414"}],"wp:attachment":[{"href":"https:\/\/www.lesrencontreseconomiques.fr\/wp-json\/wp\/v2\/media?parent=23398"}],"wp:term":[{"taxonomy":"cat-theme","embeddable":true,"href":"https:\/\/www.lesrencontreseconomiques.fr\/wp-json\/wp\/v2\/cat-theme?post=23398"},{"taxonomy":"cat-axe","embeddable":true,"href":"https:\/\/www.lesrencontreseconomiques.fr\/wp-json\/wp\/v2\/cat-axe?post=23398"}],"curies":[{"name":"wp","href":"https:\/\/api.w.org\/{rel}","templated":true}]}}