{"id":23214,"date":"2025-07-04T14:43:16","date_gmt":"2025-07-04T12:43:16","guid":{"rendered":"https:\/\/www.lesrencontreseconomiques.fr\/?post_type=blog&#038;p=23214"},"modified":"2025-07-04T18:50:57","modified_gmt":"2025-07-04T16:50:57","slug":"lordre-sans-lamerique-cest-possible","status":"publish","type":"blog","link":"https:\/\/www.lesrencontreseconomiques.fr\/debats-idees\/lordre-sans-lamerique-cest-possible\/","title":{"rendered":"\u00ab\u00a0L&rsquo;ordre sans l&rsquo;Am\u00e9rique, c\u2019est possible\u00a0\u00bb"},"content":{"rendered":"\n<h3 class=\"wp-block-heading\"><strong>Pour l\u2019\u00e9conomiste britannique, doyenne de la Blavatnik School of Government (Universit\u00e9 d&rsquo;Oxford), il est possible de cr\u00e9er des institutions de coop\u00e9ration sans d\u00e9pendre des \u00c9tats-Unis, comme le font d\u00e9j\u00e0 certains pays dans les domaines de la s\u00e9curit\u00e9, de la finance et du d\u00e9veloppement.\u00a0\u00a0<\/strong><\/h3>\n\n\n\n<div style=\"height:100px\" aria-hidden=\"true\" class=\"wp-block-spacer is-style-small-spacer\"><\/div>\n\n\n\n<p><strong>Affronter le choc des r\u00e9alit\u00e9s, c\u2019est le th\u00e8me des Rencontres \u00e9conomiques d\u2019Aix-en-Provence 2025. Qu\u2019est-ce que cela signifie actuellement pour l\u2019\u00e9conomie\u202f?<\/strong><\/p>\n\n\n\n<p><strong>Ngaire Woods<\/strong>\u202fJe regarde les gouvernements et la mani\u00e8re dont ils r\u00e9agissent \u00e0 l&rsquo;administration Trump. Face \u00e0 une tornade de d\u00e9crets et d&rsquo;ajustements tarifaires, trop de gouvernements adoptent une approche qui consiste \u00e0 attendre et voir, en esp\u00e9rant obtenir un accord sp\u00e9cial pour eux-m\u00eames. Je viens de participer \u00e0 une table ronde o\u00f9 nous avons entendu les points de vue du Mexique et du Canada. Ces pays ne peuvent pas se permettre de dire \u00e0 Donald Trump d&rsquo;aller se promener. Ils doivent n\u00e9gocier. Mais je pense que ce dont les pays ont besoin, c&rsquo;est d&rsquo;aide, pour r\u00e9fl\u00e9chir \u00e0 toutes les alternatives qu&rsquo;ils doivent mettre en place pour diversifier leurs march\u00e9s afin de ne plus d\u00e9pendre des \u00c9tats-Unis, pour diversifier leurs r\u00e9serves de devises \u00e9trang\u00e8res et pour diversifier leurs accords de s\u00e9curit\u00e9 afin qu&rsquo;ils soient r\u00e9gionaux et interr\u00e9gionaux. En d&rsquo;autres termes, trouver une nouvelle s\u00e9curit\u00e9 et une nouvelle stabilit\u00e9 dans un nouvel ensemble d&rsquo;arrangements. Je pense que le monde est beaucoup trop prisonnier de l&rsquo;id\u00e9e qu&rsquo;il ne peut y avoir d&rsquo;ordre sans les \u00c9tats-Unis. Je pense que c&rsquo;est possible. Et que les pays doivent r\u00e9fl\u00e9chir de mani\u00e8re positive \u00e0 la mani\u00e8re d&rsquo;y parvenir. Vous pouvez avoir l&rsquo;ordre sans l&rsquo;Am\u00e9rique. Mais vous devez mettre en place un autre arrangement, une autre soci\u00e9t\u00e9.&nbsp;<\/p>\n\n\n\n<p><strong>Peut-on vraiment se passer des \u00c9tats-Unis\u202f?&nbsp;<\/strong>&nbsp;<\/p>\n\n\n\n<p><strong>N. W.<\/strong> Oui. J&rsquo;ai publi\u00e9 un article intitul\u00e9 <a href=\"https:\/\/www.foreignaffairs.com\/united-states\/donald-trump-order-without-america-ngaire-woods\" target=\"_blank\" rel=\"noreferrer noopener\">\u00ab\u202fOrder Without America\u202f\u00bb<\/a> [L&rsquo;ordre sans l&rsquo;Am\u00e9rique] dans la revue <em>Foreign Affairs<\/em>, dans lequel j&rsquo;affirme que nous avons d\u00e9j\u00e0 vu, dans les domaines de la s\u00e9curit\u00e9, de la finance et du d\u00e9veloppement, des pays conclure des accords sans l&rsquo;Am\u00e9rique, et que ces accords fonctionnent. Nous devons r\u00e9fl\u00e9chir \u00e0 la mani\u00e8re de consacrer davantage d&rsquo;\u00e9nergie et d&rsquo;efforts \u00e0 ces accords.&nbsp;<\/p>\n\n\n\n<p><strong>Quels effets ont d\u00e9j\u00e0 provoqu\u00e9 la politique de Trump II sur le commerce mondial\u202f?&nbsp;<\/strong>&nbsp;<\/p>\n\n\n\n<p><strong>N. W. <\/strong>L\u2019impact est d\u00e9j\u00e0 \u00e9norme. Je constate que les grandes entreprises mondiales qui stimulent le commerce se r\u00e9veillent chaque matin en lisant le journal pour conna\u00eetre le nouveau niveau des droits de douane impos\u00e9s par les \u00c9tats-Unis. On ne peut pas diriger une entreprise dans ces conditions, sans savoir si les droits de douane auxquels on sera soumis sur le march\u00e9 am\u00e9ricain seront de 20%, 46% ou 75%. Elles commencent donc d\u00e9j\u00e0 \u00e0 r\u00e9fl\u00e9chir s\u00e9rieusement \u00e0 deux choses : leurs cha\u00eenes d&rsquo;approvisionnement et la mani\u00e8re de les s\u00e9curiser, ainsi que leurs march\u00e9s, o\u00f9 elles vont vendre leurs produits. Et les quatre derniers mois d&rsquo;incertitude de la part des \u00c9tats-Unis ont certainement renforc\u00e9 la position de la Chine, tant sur le plan \u00e9conomique que sur le plan s\u00e9curitaire. Je suis optimiste de nature. Les pays doivent d\u00e9sormais se demander comment ils peuvent construire leur propre ordre. Et c&rsquo;est ce que nous observons dans le secteur priv\u00e9, qui a \u00e9t\u00e9 le plus rapide \u00e0 r\u00e9agir en disant : \u00ab\u202fC&rsquo;est dangereux. Nous devons diversifier et s\u00e9curiser nos cha\u00eenes d&rsquo;approvisionnement et nos march\u00e9s\u202f\u00bb.&nbsp;<\/p>\n\n\n\n<p><strong>Le syst\u00e8me multilat\u00e9ral mis en place apr\u00e8s la Seconde Guerre mondiale reposait sur un cadre r\u00e9glementaire stable et pr\u00e9visible.\u202fEst-ce d\u00e9sormais le r\u00e8gne de l\u2019impr\u00e9visible\u202f?&nbsp;<\/strong>&nbsp;<\/p>\n\n\n\n<p><strong>N. W. <\/strong>Cela peut devenir le cas si les autres pays n&rsquo;agissent pas, mais ce n&rsquo;est pas une fatalit\u00e9. Il est vrai qu&rsquo;apr\u00e8s la Seconde Guerre mondiale, il fallait que le pays le plus puissant du monde, les \u00c9tats-Unis, joue le r\u00f4le d&rsquo;h\u00e9g\u00e9mon, comme aiment \u00e0 le dire les th\u00e9oriciens. En d&rsquo;autres termes, pour \u00eatre le leader et accepter de mettre son argent, sa puissance, ses garanties derri\u00e8re l&rsquo;OTAN, derri\u00e8re la Banque mondiale, derri\u00e8re le FMI, derri\u00e8re ce qui allait devenir l&rsquo;Organisation mondiale du commerce. C&rsquo;\u00e9tait important. Mais le multilat\u00e9ralisme n&rsquo;est pas seulement une question d&rsquo;offre. Les \u00c9tats-Unis \u00e9taient pr\u00eats \u00e0 le faire. C&rsquo;est aussi une question de demande. Ce que nous avons vu depuis lors, c&rsquo;est que lorsque les pays ont vraiment besoin d&rsquo;accords de coop\u00e9ration entre eux, ils trouvent les moyens de coop\u00e9rer et de les mettre en \u0153uvre. Nous l&rsquo;avons vu, bien s\u00fbr, dans l&rsquo;Union europ\u00e9enne. On le voit dans les pays andins, en Am\u00e9rique latine. On le voit dans les deux r\u00e9gions du continent africain, ainsi que dans l&rsquo;Union africaine. Donc, oui, il est possible de cr\u00e9er des institutions de coop\u00e9ration sans les \u00c9tats-Unis.&nbsp;<\/p>\n\n\n\n<p><strong>Les \u00c9tats-Unis peuvent-ils sortir gagnants de la politique des droits de douane\u202f?&nbsp;<\/strong>&nbsp;<\/p>\n\n\n\n<p><strong>N. W.<\/strong> Seulement \u00e0 court terme. L&rsquo;administration am\u00e9ricaine actuelle est ax\u00e9e sur le court terme, elle agit au cas par cas et recourt \u00e0 la coercition. Le probl\u00e8me, c&rsquo;est que cela ne dure pas longtemps. Cela fonctionne la premi\u00e8re fois, mais un peu moins bien la deuxi\u00e8me fois, car les pays et les entreprises ont d\u00e9j\u00e0 commenc\u00e9 \u00e0 se diversifier. Et si l&rsquo;on se projette dans trois ou quatre ans, les \u00c9tats-Unis auront beaucoup moins de pouvoir, car leur puissance provient des pays qui d\u00e9pendent d&rsquo;eux et leur font confiance. En brisant cette d\u00e9pendance et en rompant cette confiance, ils perdent leur pouvoir.&nbsp;&nbsp;<\/p>\n\n\n\n<p><strong>Le gagnant pourrait-il \u00eatre la Chine\u202f?&nbsp;<\/strong>&nbsp;<\/p>\n\n\n\n<p><strong>N. W. <\/strong>La plupart des petits pays veulent avoir le choix. Ils veulent pouvoir faire certaines choses avec la Chine, d&rsquo;autres avec les \u00c9tats-Unis, d&rsquo;autres encore avec l&rsquo;Union europ\u00e9enne et d&rsquo;autres enfin avec les pays de leur r\u00e9gion. C&rsquo;est logique, car c&rsquo;est ce qui leur donne le plus de pouvoir lorsqu&rsquo;ils sont petits ou \u00e9mergents. Mais nous traversons une p\u00e9riode tr\u00e8s difficile, et de nombreux pays sont confront\u00e9s \u00e0 des probl\u00e8mes de s\u00e9curit\u00e9 et \u00e0 une crise \u00e9conomique tr\u00e8s graves. Ils ont donc besoin d&rsquo;aide. Et si l&rsquo;Europe et les \u00c9tats-Unis se retirent, ces pays devront \u00e9videmment se tourner vers la Chine. Ils n&rsquo;ont pas d&rsquo;autre choix. Ils ont une autre option \u00e9mergente, \u00e0 savoir les \u00c9tats du Golfe, o\u00f9 l&rsquo;on voit les \u00c9mirats, le Qatar et l&rsquo;Arabie saoudite intervenir.&nbsp;<\/p>\n\n\n\n<p><strong>Assiste-t-on \u00e0 un v\u00e9ritable recul de la mondialisation ou plut\u00f4t \u00e0 une reconfiguration des interd\u00e9pendances \u00e9conomiques mondiales<\/strong><strong>\u202f<\/strong><strong>? Quels facteurs structurent cette \u00e9volution<\/strong><strong>\u202f<\/strong><strong>?<\/strong><strong>\u2028<\/strong>&nbsp;<\/p>\n\n\n\n<p><strong>N. W. <\/strong>La mondialisation, telle qu&rsquo;on la comprenait dans les ann\u00e9es 1990, lorsqu&rsquo;elle a commenc\u00e9 \u00e0 se d\u00e9velopper, a d&rsquo;abord \u00e9t\u00e9 transform\u00e9e par la crise financi\u00e8re mondiale, qui a fait prendre conscience aux pays que chacun avait besoin de ses propres lignes de d\u00e9fense. Apr\u00e8s la crise financi\u00e8re mondiale, quelque chose de dramatique s&rsquo;est produit. M\u00eame les pays pauvres ont commenc\u00e9 \u00e0 constituer leurs propres r\u00e9serves de change, \u00e0 mettre en place des accords de swap bilat\u00e9raux <em>[<\/em><em>Les lignes de swap bilat\u00e9rales entre banques centrales sont des\u202f<\/em><em>outils de protection contre un risque de liquidit\u00e9 en devises<\/em><em>]<\/em> et \u00e0 s&rsquo;int\u00e9grer dans leurs propres accords r\u00e9gionaux. J&rsquo;appelle cela les trois lignes de d\u00e9fense, afin qu&rsquo;ils n&rsquo;aient pas \u00e0 se tourner directement vers les \u00c9tats-Unis ou le FMI. Et cela s&rsquo;est produit apr\u00e8s la crise financi\u00e8re mondiale. Puis est arriv\u00e9e le Covid, qui leur a montr\u00e9 que m\u00eame en cas de pand\u00e9mie, ils ne pouvaient pas compter sur les grandes puissances mondiales. On les a alors vus commencer \u00e0 r\u00e9fl\u00e9chir \u00e0 la mani\u00e8re d&rsquo;\u00eatre plus autonomes, d&rsquo;avoir des cha\u00eenes d&rsquo;approvisionnement plus s\u00fbres. L&rsquo;Afrique cherche \u00e0 d\u00e9velopper sa propre capacit\u00e9 de recherche sur les vaccins. Je pense donc que la mondialisation a connu une \u00e9volution et une transformation. Mais s&rsquo;agit-il toujours de mondialisation\u202f? Je ne sais pas. Je pense que la mondialisation a toujours eu mille significations diff\u00e9rentes pour les gens.&nbsp;&nbsp;<\/p>\n\n\n\n<p><strong>Comment concilier les aspirations croissantes \u00e0 la souverainet\u00e9 \u00e9conomique nationale avec la n\u00e9cessit\u00e9 d\u2019une coop\u00e9ration internationale efficace, notamment pour relever les d\u00e9fis globaux tels que le climat ou la s\u00e9curit\u00e9 alimentaire<\/strong><strong>\u202f<\/strong><strong>?<\/strong><strong>\u2028<\/strong>&nbsp;<\/p>\n\n\n\n<p><strong>N. W. <\/strong>Nous avons besoin de coop\u00e9ration pour r\u00e9soudre ces probl\u00e8mes. Il faut donc trouver un moyen d&rsquo;amener les pays \u00e0 se faire suffisamment confiance, car aucun pays ne peut r\u00e9soudre seul le probl\u00e8me du changement climatique. C&rsquo;est dans le domaine des cryptomonnaies, des r\u00e9seaux sociaux et des communications que la mondialisation a explos\u00e9, et que nous voyons son c\u00f4t\u00e9 n\u00e9faste. C\u2019est devenu de plus en plus facile, tant pour les groupes non \u00e9tatiques que pour les pays. Pensez \u00e0 la d\u00e9sinformation orchestr\u00e9e par la Russie pendant la pand\u00e9mie de Covid et pendant les \u00e9lections dans d&rsquo;autres pays. C&rsquo;est une forme de mondialisation que nous devons prendre tr\u00e8s au s\u00e9rieux. Il en va de m\u00eame pour les cryptomonnaies, qui constituent une v\u00e9ritable invitation pour les trafiquants de drogue, les trafiquants d&rsquo;\u00eatres humains et les criminels transnationaux. Et cela signifie que les gouvernements ne peuvent ni les r\u00e9glementer ni les contr\u00f4ler. Pour moi, la seule constante de la mondialisation est que si l&rsquo;on mondialise les opportunit\u00e9s, il faut aussi trouver un moyen de mondialiser les responsabilit\u00e9s. Nous avons mondialis\u00e9 les opportunit\u00e9s offertes par Facebook, etc., mais sans aucune responsabilit\u00e9 mondiale pour veiller \u00e0 ce que leurs activit\u00e9s ne provoquent pas de guerres civiles, de massacres\u2026 comme cela a \u00e9t\u00e9 le cas dans certains des pays les plus pauvres du monde. Il en va de m\u00eame pour la cryptomonnaie : si vous dites \u00ab\u202fD&rsquo;accord, voici une \u00e9norme opportunit\u00e9 mondiale de cr\u00e9er un march\u00e9 de la cryptomonnaie\u202f\u00bb, quelle est la responsabilit\u00e9 de ceux qui s&rsquo;y engagent pour s&rsquo;assurer qu&rsquo;ils ne contribuent pas, comme c&rsquo;est le cas actuellement, \u00e0 alimenter certains des pires r\u00e9seaux criminels au monde ?&nbsp;<\/p>\n\n\n\n<p>Un dernier mot sur la gouvernance publique. Il est beaucoup plus difficile de diriger un gouvernement que de diriger une entreprise. Celle-ci fabrique les plus belles choses du monde, qui sont vendues \u00e0 qui veut les acheter. Quand on est au gouvernement, on doit faire chaque jour des choix terribles. Quand on d\u00e9cide de construire une \u00e9cole dans tel village et pas dans tel autre, on d\u00e9savantage tout un village. Et pourtant, on ne peut pas simplement dire : \u00ab\u202fAlors je n&rsquo;en construirai pas\u202f\u00bb. Gouverner est donc vraiment difficile. Actuellement, c\u2019est m\u00eame plus difficile que jamais, car les gouvernements doivent naviguer sur deux terrains diff\u00e9rents en m\u00eame temps. Ils doivent d\u2019abord faire face \u00e0 une polarisation interne tr\u00e8s difficile. Presque tous les pays du monde sont aujourd&rsquo;hui fractur\u00e9s et polaris\u00e9s et disposent de technologies de communication dominantes qui continuent \u00e0 les polariser. Les gouvernements tentent simultan\u00e9ment de naviguer dans cette situation et dans un ordre mondial qui se fracture, se fragmente et se polarise \u00e9galement. C&rsquo;est pourquoi je suis doyenne de la Blavatnik School of Government. Nous devons prendre cela tr\u00e8s au s\u00e9rieux et r\u00e9fl\u00e9chir \u00e0 la mani\u00e8re dont nous pouvons aider les gouvernements, pr\u00e9parer les citoyens \u00e0 la gouvernance, rassembler les gouvernements et les populations au sein des pays afin de surmonter la polarisation.&nbsp;&nbsp;<\/p>\n\n\n\n<p><strong>La polarisation, est-ce une menace majeure ?<\/strong>&nbsp;<\/p>\n\n\n\n<p><strong>N. W.<\/strong> Il y a une polarisation \u00e0 l&rsquo;int\u00e9rieur des pays et puis il y a maintenant des risques s\u00e9curitaires et \u00e9conomiques effrayants au niveau international, car, nous le savons, la s\u00e9curit\u00e9 et la prosp\u00e9rit\u00e9 n\u00e9cessitent beaucoup de coop\u00e9ration et de confiance. Il existe une expression biblique qui dit \u00ab\u202ftransformer les \u00e9p\u00e9es en socs de charrue\u202f\u00bb, ce qui signifie que la paix apporte des dividendes, car au lieu de d\u00e9penser tout votre argent en chars et en drones, vous pouvez le d\u00e9penser pour les gens, l&rsquo;\u00e9ducation et la sant\u00e9. Nous vivons dans un monde qui inverse cette tendance. On renonce aux dividendes de la paix et on prend l&rsquo;argent qui pourrait et devrait \u00eatre consacr\u00e9 \u00e0 la sant\u00e9 et \u00e0 l&rsquo;\u00e9ducation pour le consacrer \u00e0 la s\u00e9curit\u00e9 et \u00e0 la guerre. Ce monde est d\u00e9cid\u00e9ment bien \u00e2pre.&nbsp;&nbsp;<\/p>\n","protected":false},"featured_media":23316,"template":"","cat-theme":[74],"cat-axe":[],"class_list":["post-23214","blog","type-blog","status-publish","has-post-thumbnail","hentry","cat-theme-geopolitique"],"acf":[],"yoast_head":"<!-- This site is optimized with the Yoast SEO plugin v26.5 - https:\/\/yoast.com\/wordpress\/plugins\/seo\/ -->\n<title>&quot;L&#039;ordre sans l&#039;Am\u00e9rique, c\u2019est possible&quot; - Les Rencontres \u00c9conomiques<\/title>\n<meta name=\"robots\" content=\"index, follow, max-snippet:-1, max-image-preview:large, max-video-preview:-1\" \/>\n<link rel=\"canonical\" href=\"https:\/\/www.lesrencontreseconomiques.fr\/debats-idees\/lordre-sans-lamerique-cest-possible\/\" \/>\n<meta property=\"og:locale\" content=\"fr_FR\" \/>\n<meta property=\"og:type\" content=\"article\" \/>\n<meta property=\"og:description\" content=\"Pour l\u2019\u00e9conomiste britannique, doyenne de la Blavatnik School of Government (Universit\u00e9 d&rsquo;Oxford), il est possible de cr\u00e9er des institutions de coop\u00e9ration sans d\u00e9pendre des \u00c9tats-Unis, comme le font d\u00e9j\u00e0 certains pays dans les domaines de la s\u00e9curit\u00e9, de la finance et du d\u00e9veloppement.\u00a0\u00a0 Affronter le choc des r\u00e9alit\u00e9s, c\u2019est le th\u00e8me des Rencontres \u00e9conomiques d\u2019Aix-en-Provence [&hellip;]\" \/>\n<meta property=\"og:url\" content=\"https:\/\/www.lesrencontreseconomiques.fr\/debats-idees\/lordre-sans-lamerique-cest-possible\/\" \/>\n<meta property=\"og:site_name\" content=\"Les Rencontres \u00c9conomiques\" \/>\n<meta property=\"article:publisher\" content=\"https:\/\/www.facebook.com\/Le.Cercle.des.Economistes\/\" \/>\n<meta property=\"article:modified_time\" content=\"2025-07-04T16:50:57+00:00\" \/>\n<meta property=\"og:image\" content=\"https:\/\/www.lesrencontreseconomiques.fr\/wp-content\/uploads\/2025\/07\/Visuels-NL-REAIX-20.png\" \/>\n\t<meta property=\"og:image:width\" content=\"420\" \/>\n\t<meta property=\"og:image:height\" content=\"200\" \/>\n\t<meta property=\"og:image:type\" content=\"image\/png\" \/>\n<meta name=\"twitter:card\" content=\"summary_large_image\" \/>\n<meta name=\"twitter:site\" content=\"@Cercle_eco\" \/>\n<meta name=\"twitter:label1\" content=\"Dur\u00e9e de lecture estim\u00e9e\" \/>\n\t<meta name=\"twitter:data1\" content=\"10 minutes\" \/>\n<script type=\"application\/ld+json\" class=\"yoast-schema-graph\">{\"@context\":\"https:\/\/schema.org\",\"@graph\":[{\"@type\":\"WebPage\",\"@id\":\"https:\/\/www.lesrencontreseconomiques.fr\/debats-idees\/lordre-sans-lamerique-cest-possible\/\",\"url\":\"https:\/\/www.lesrencontreseconomiques.fr\/debats-idees\/lordre-sans-lamerique-cest-possible\/\",\"name\":\"\\\"L'ordre sans l'Am\u00e9rique, c\u2019est possible\\\" - Les Rencontres \u00c9conomiques\",\"isPartOf\":{\"@id\":\"https:\/\/www.lesrencontreseconomiques.fr\/#website\"},\"primaryImageOfPage\":{\"@id\":\"https:\/\/www.lesrencontreseconomiques.fr\/debats-idees\/lordre-sans-lamerique-cest-possible\/#primaryimage\"},\"image\":{\"@id\":\"https:\/\/www.lesrencontreseconomiques.fr\/debats-idees\/lordre-sans-lamerique-cest-possible\/#primaryimage\"},\"thumbnailUrl\":\"https:\/\/www.lesrencontreseconomiques.fr\/wp-content\/uploads\/2025\/07\/Visuels-NL-REAIX-20.png\",\"datePublished\":\"2025-07-04T12:43:16+00:00\",\"dateModified\":\"2025-07-04T16:50:57+00:00\",\"breadcrumb\":{\"@id\":\"https:\/\/www.lesrencontreseconomiques.fr\/debats-idees\/lordre-sans-lamerique-cest-possible\/#breadcrumb\"},\"inLanguage\":\"fr-FR\",\"potentialAction\":[{\"@type\":\"ReadAction\",\"target\":[\"https:\/\/www.lesrencontreseconomiques.fr\/debats-idees\/lordre-sans-lamerique-cest-possible\/\"]}]},{\"@type\":\"ImageObject\",\"inLanguage\":\"fr-FR\",\"@id\":\"https:\/\/www.lesrencontreseconomiques.fr\/debats-idees\/lordre-sans-lamerique-cest-possible\/#primaryimage\",\"url\":\"https:\/\/www.lesrencontreseconomiques.fr\/wp-content\/uploads\/2025\/07\/Visuels-NL-REAIX-20.png\",\"contentUrl\":\"https:\/\/www.lesrencontreseconomiques.fr\/wp-content\/uploads\/2025\/07\/Visuels-NL-REAIX-20.png\",\"width\":420,\"height\":200},{\"@type\":\"BreadcrumbList\",\"@id\":\"https:\/\/www.lesrencontreseconomiques.fr\/debats-idees\/lordre-sans-lamerique-cest-possible\/#breadcrumb\",\"itemListElement\":[{\"@type\":\"ListItem\",\"position\":1,\"name\":\"Accueil\",\"item\":\"https:\/\/www.lesrencontreseconomiques.fr\/\"},{\"@type\":\"ListItem\",\"position\":2,\"name\":\"D\u00e9bats & Id\u00e9es\",\"item\":\"https:\/\/www.lesrencontreseconomiques.fr\/debats-idees\/\"},{\"@type\":\"ListItem\",\"position\":3,\"name\":\"\u00ab\u00a0L&rsquo;ordre sans l&rsquo;Am\u00e9rique, c\u2019est possible\u00a0\u00bb\"}]},{\"@type\":\"WebSite\",\"@id\":\"https:\/\/www.lesrencontreseconomiques.fr\/#website\",\"url\":\"https:\/\/www.lesrencontreseconomiques.fr\/\",\"name\":\"Les Rencontres \u00c9conomiques\",\"description\":\"\",\"potentialAction\":[{\"@type\":\"SearchAction\",\"target\":{\"@type\":\"EntryPoint\",\"urlTemplate\":\"https:\/\/www.lesrencontreseconomiques.fr\/?s={search_term_string}\"},\"query-input\":{\"@type\":\"PropertyValueSpecification\",\"valueRequired\":true,\"valueName\":\"search_term_string\"}}],\"inLanguage\":\"fr-FR\"}]}<\/script>\n<!-- \/ Yoast SEO plugin. -->","yoast_head_json":{"title":"\"L'ordre sans l'Am\u00e9rique, c\u2019est possible\" - Les Rencontres \u00c9conomiques","robots":{"index":"index","follow":"follow","max-snippet":"max-snippet:-1","max-image-preview":"max-image-preview:large","max-video-preview":"max-video-preview:-1"},"canonical":"https:\/\/www.lesrencontreseconomiques.fr\/debats-idees\/lordre-sans-lamerique-cest-possible\/","og_locale":"fr_FR","og_type":"article","og_description":"Pour l\u2019\u00e9conomiste britannique, doyenne de la Blavatnik School of Government (Universit\u00e9 d&rsquo;Oxford), il est possible de cr\u00e9er des institutions de coop\u00e9ration sans d\u00e9pendre des \u00c9tats-Unis, comme le font d\u00e9j\u00e0 certains pays dans les domaines de la s\u00e9curit\u00e9, de la finance et du d\u00e9veloppement.\u00a0\u00a0 Affronter le choc des r\u00e9alit\u00e9s, c\u2019est le th\u00e8me des Rencontres \u00e9conomiques d\u2019Aix-en-Provence [&hellip;]","og_url":"https:\/\/www.lesrencontreseconomiques.fr\/debats-idees\/lordre-sans-lamerique-cest-possible\/","og_site_name":"Les Rencontres \u00c9conomiques","article_publisher":"https:\/\/www.facebook.com\/Le.Cercle.des.Economistes\/","article_modified_time":"2025-07-04T16:50:57+00:00","og_image":[{"width":420,"height":200,"url":"https:\/\/www.lesrencontreseconomiques.fr\/wp-content\/uploads\/2025\/07\/Visuels-NL-REAIX-20.png","type":"image\/png"}],"twitter_card":"summary_large_image","twitter_site":"@Cercle_eco","twitter_misc":{"Dur\u00e9e de lecture estim\u00e9e":"10 minutes"},"schema":{"@context":"https:\/\/schema.org","@graph":[{"@type":"WebPage","@id":"https:\/\/www.lesrencontreseconomiques.fr\/debats-idees\/lordre-sans-lamerique-cest-possible\/","url":"https:\/\/www.lesrencontreseconomiques.fr\/debats-idees\/lordre-sans-lamerique-cest-possible\/","name":"\"L'ordre sans l'Am\u00e9rique, c\u2019est possible\" - Les Rencontres \u00c9conomiques","isPartOf":{"@id":"https:\/\/www.lesrencontreseconomiques.fr\/#website"},"primaryImageOfPage":{"@id":"https:\/\/www.lesrencontreseconomiques.fr\/debats-idees\/lordre-sans-lamerique-cest-possible\/#primaryimage"},"image":{"@id":"https:\/\/www.lesrencontreseconomiques.fr\/debats-idees\/lordre-sans-lamerique-cest-possible\/#primaryimage"},"thumbnailUrl":"https:\/\/www.lesrencontreseconomiques.fr\/wp-content\/uploads\/2025\/07\/Visuels-NL-REAIX-20.png","datePublished":"2025-07-04T12:43:16+00:00","dateModified":"2025-07-04T16:50:57+00:00","breadcrumb":{"@id":"https:\/\/www.lesrencontreseconomiques.fr\/debats-idees\/lordre-sans-lamerique-cest-possible\/#breadcrumb"},"inLanguage":"fr-FR","potentialAction":[{"@type":"ReadAction","target":["https:\/\/www.lesrencontreseconomiques.fr\/debats-idees\/lordre-sans-lamerique-cest-possible\/"]}]},{"@type":"ImageObject","inLanguage":"fr-FR","@id":"https:\/\/www.lesrencontreseconomiques.fr\/debats-idees\/lordre-sans-lamerique-cest-possible\/#primaryimage","url":"https:\/\/www.lesrencontreseconomiques.fr\/wp-content\/uploads\/2025\/07\/Visuels-NL-REAIX-20.png","contentUrl":"https:\/\/www.lesrencontreseconomiques.fr\/wp-content\/uploads\/2025\/07\/Visuels-NL-REAIX-20.png","width":420,"height":200},{"@type":"BreadcrumbList","@id":"https:\/\/www.lesrencontreseconomiques.fr\/debats-idees\/lordre-sans-lamerique-cest-possible\/#breadcrumb","itemListElement":[{"@type":"ListItem","position":1,"name":"Accueil","item":"https:\/\/www.lesrencontreseconomiques.fr\/"},{"@type":"ListItem","position":2,"name":"D\u00e9bats & Id\u00e9es","item":"https:\/\/www.lesrencontreseconomiques.fr\/debats-idees\/"},{"@type":"ListItem","position":3,"name":"\u00ab\u00a0L&rsquo;ordre sans l&rsquo;Am\u00e9rique, c\u2019est possible\u00a0\u00bb"}]},{"@type":"WebSite","@id":"https:\/\/www.lesrencontreseconomiques.fr\/#website","url":"https:\/\/www.lesrencontreseconomiques.fr\/","name":"Les Rencontres \u00c9conomiques","description":"","potentialAction":[{"@type":"SearchAction","target":{"@type":"EntryPoint","urlTemplate":"https:\/\/www.lesrencontreseconomiques.fr\/?s={search_term_string}"},"query-input":{"@type":"PropertyValueSpecification","valueRequired":true,"valueName":"search_term_string"}}],"inLanguage":"fr-FR"}]}},"_links":{"self":[{"href":"https:\/\/www.lesrencontreseconomiques.fr\/wp-json\/wp\/v2\/blog\/23214","targetHints":{"allow":["GET"]}}],"collection":[{"href":"https:\/\/www.lesrencontreseconomiques.fr\/wp-json\/wp\/v2\/blog"}],"about":[{"href":"https:\/\/www.lesrencontreseconomiques.fr\/wp-json\/wp\/v2\/types\/blog"}],"wp:featuredmedia":[{"embeddable":true,"href":"https:\/\/www.lesrencontreseconomiques.fr\/wp-json\/wp\/v2\/media\/23316"}],"wp:attachment":[{"href":"https:\/\/www.lesrencontreseconomiques.fr\/wp-json\/wp\/v2\/media?parent=23214"}],"wp:term":[{"taxonomy":"cat-theme","embeddable":true,"href":"https:\/\/www.lesrencontreseconomiques.fr\/wp-json\/wp\/v2\/cat-theme?post=23214"},{"taxonomy":"cat-axe","embeddable":true,"href":"https:\/\/www.lesrencontreseconomiques.fr\/wp-json\/wp\/v2\/cat-axe?post=23214"}],"curies":[{"name":"wp","href":"https:\/\/api.w.org\/{rel}","templated":true}]}}