{"id":23149,"date":"2025-07-04T10:23:29","date_gmt":"2025-07-04T08:23:29","guid":{"rendered":"https:\/\/www.lesrencontreseconomiques.fr\/?post_type=blog&#038;p=23149"},"modified":"2025-07-04T10:23:31","modified_gmt":"2025-07-04T08:23:31","slug":"inegalites-sociales-la-bombe-est-armee-il-faut-la-desamorcer","status":"publish","type":"blog","link":"https:\/\/www.lesrencontreseconomiques.fr\/debats-idees\/inegalites-sociales-la-bombe-est-armee-il-faut-la-desamorcer\/","title":{"rendered":"In\u00e9galit\u00e9s sociales\u00a0: la bombe est arm\u00e9e, il faut la d\u00e9samorcer"},"content":{"rendered":"\n<p>La France traverse une crise silencieuse, mais d\u00e9terminante, celle de la coh\u00e9sion sociale. Le sentiment d\u2019appartenance se d\u00e9lite et la confiance s\u2019effrite. Derri\u00e8re ce malaise se profile une cause majeure, la constante augmentation des in\u00e9galit\u00e9s. Cette fracture multiple, \u00e0 la fois \u00e9conomique, territoriale et d\u00e9mocratique appelle une r\u00e9ponse lucide et structurante.<\/p>\n\n\n\n<p>La question des in\u00e9galit\u00e9s en France ne se r\u00e9sume pas \u00e0 une opposition entre riches et pauvres. Ce qui frappe, c\u2019est un paradoxe. Notre pays est l\u2019un des plus redistributifs de l\u2019OCDE, et pourtant, le sentiment d\u2019injustice sociale n\u2019a jamais \u00e9t\u00e9 aussi fort. Ces efforts ne compensent plus un d\u00e9classement progressif des classes moyennes et populaires. L\u2019endettement des m\u00e9nages fran\u00e7ais d\u00e9passe les 61 %, bien au-dessus de la moyenne europ\u00e9enne. Dans de nombreux territoires, la pression fiscale s\u2019alourdit, tandis que les services publics essentiels reculent. Cette situation alimente l\u2019id\u00e9e d\u2019un syst\u00e8me \u00e0 deux vitesses, o\u00f9 l\u2019effort ne paie plus et o\u00f9 la r\u00e9ussite semble r\u00e9serv\u00e9e \u00e0 ceux qui disposent d\u00e9j\u00e0 de leviers existants. Il est temps de remettre l\u2019\u00e9galit\u00e9 des chances au c\u0153ur du pacte r\u00e9publicain. Cela passe par un acc\u00e8s r\u00e9el aux fili\u00e8res d\u2019excellence, aux m\u00e9tiers d\u2019avenir, \u00e0 la formation. C\u2019est par l\u2019\u00e9ducation et le travail que se construit la mobilit\u00e9 sociale et que rena\u00eet la confiance dans le progr\u00e8s.<\/p>\n\n\n\n<p>Ces in\u00e9galit\u00e9s sont trop souvent banalis\u00e9es et provoquent un sentiment d\u2019injustice affaiblissant le lien entre citoyens et institutions. 74 % des Fran\u00e7ais d\u00e9clarent ne plus avoir confiance dans la politique. L\u2019abstention progresse scrutin apr\u00e8s scrutin. Les extr\u00eames de tous bords prosp\u00e8rent sur ce doute g\u00e9n\u00e9ralis\u00e9, en simplifiant \u00e0 l\u2019exc\u00e8s les causes des fractures sociales et territoriales. Cette d\u00e9fiance est d\u2019autant plus pr\u00e9occupante qu\u2019elle se nourrit de l\u2019\u00e9loignement. \u00c9loignement g\u00e9ographique d\u2019abord, entre centres m\u00e9tropolitains et zones rurales ou p\u00e9riurbaines, mais aussi politique, entre une classe dirigeante per\u00e7ue comme hors-sol, et des citoyens qui ne se sentent ni entendus ni repr\u00e9sent\u00e9s \u00e0 l\u2019instar des Gilets jaunes en 2018. C\u2019est dans cette br\u00e8che que s\u2019engouffrent les partis populistes, tirant profit de cette d\u00e9fiance pour pr\u00f4ner un retour \u00e0 l\u2019ordre et une reprise en main du pouvoir avec un discours de fa\u00e7ade, sans v\u00e9ritable projet ni profondeur.&nbsp;<\/p>\n\n\n\n<p>Face \u00e0 ces fractures, il ne suffit plus de constater, mais d\u2019agir. Trop souvent, l\u2019obsession de la concertation sans fin a remplac\u00e9 l\u2019autorit\u00e9 et l\u2019efficacit\u00e9 de l\u2019\u00c9tat. L\u2019\u00e9pisode des retraites en a \u00e9t\u00e9 la d\u00e9monstration. Au nom d\u2019une \u00ab&nbsp;nouvelle voie \u00bb, Fran\u00e7ois Bayrou a laiss\u00e9 courir des mois de discussions pour une r\u00e9forme vid\u00e9e de son sens, qui a fini par d\u00e9cevoir tout le monde. Ce qu\u2019attendent les Fran\u00e7ais, ce sont des choix clairs, assum\u00e9s, valid\u00e9s d\u00e9mocratiquement. R\u00e9duire les in\u00e9galit\u00e9s ne passe ni par l\u2019assistanat g\u00e9n\u00e9ralis\u00e9 ni par des effets d\u2019annonce \u00e0 coups de ch\u00e8ques temporaires. L\u2019\u00c9tat ne peut pas tout. Il doit concentrer ses efforts l\u00e0 o\u00f9 ils sont utiles, \u00e0 travers des r\u00e9formes structurelles qui garantissent la p\u00e9rennit\u00e9 de notre mod\u00e8le social. Ensuite, il faut redonner du sens au contrat social. Cela implique de responsabiliser chacun et rappeler que les services publics sont un bien commun. Ce qu\u2019il faut, c\u2019est un mod\u00e8le de responsabilit\u00e9, o\u00f9 chacun participe \u00e0 l\u2019effort collectif et en retire des perspectives concr\u00e8tes. C\u2019est une logique de gagnant-gagnant.&nbsp;Et un tel contrat exige de dire la v\u00e9rit\u00e9 aux Fran\u00e7ais.&nbsp;On ne pourra pas am\u00e9liorer durablement les r\u00e9mun\u00e9rations et financer nos priorit\u00e9s telles que la s\u00e9curit\u00e9 ou la justice en s\u2019appuyant uniquement sur la d\u00e9pense publique. La seule voie cr\u00e9dible, c\u2019est de travailler plus pour cr\u00e9er de la richesse. Ce n\u2019est pas une injonction, c\u2019est une ambition nationale. Retrouver le chemin de la croissance par le travail, l\u2019innovation et l\u2019investissement, c\u2019est aussi retrouver notre souverainet\u00e9 collective.<\/p>\n\n\n\n<p>Cela suppose \u00e9galement de partir du terrain. Il n\u2019existe pas une France uniforme, mais des territoires aux r\u00e9alit\u00e9s contrast\u00e9es. Les besoins d\u2019un centre-ville diff\u00e8rent profond\u00e9ment de ceux d\u2019une commune rurale ou d\u2019une banlieue p\u00e9riurbaine. Chaque territoire poss\u00e8de ses sp\u00e9cificit\u00e9s et n\u00e9cessite une action publique sur-mesure. C\u2019est tout le sens de la territorialisation, adapter plut\u00f4t qu\u2019imposer un mod\u00e8le unique. Mais cette logique de proximit\u00e9 exige de la clart\u00e9. Or, le millefeuille territorial actuel brouille le message, ralentit l\u2019action et dilue les responsabilit\u00e9s. Cette complexit\u00e9 institutionnelle contribue \u00e0 une v\u00e9ritable crise d\u2019efficacit\u00e9 de l\u2019action publique, o\u00f9 les d\u00e9cisions peinent \u00e0 se traduire rapidement sur le terrain, fragilisant la capacit\u00e9 de l\u2019\u00c9tat \u00e0 r\u00e9pondre aux attentes des citoyens. D\u00e9samorcer la bombe des in\u00e9galit\u00e9s ne suppose ni d\u00e9magogie, ni fatalisme. Cela demande au contraire une volont\u00e9 politique forte, reposant sur des principes simples\u202f: valoriser le travail, r\u00e9compenser l\u2019engagement et accompagner la r\u00e9ussite, partout sur le territoire.&nbsp;<\/p>\n","protected":false},"featured_media":23162,"template":"","cat-theme":[68],"cat-axe":[],"class_list":["post-23149","blog","type-blog","status-publish","has-post-thumbnail","hentry","cat-theme-social-demographie"],"acf":[],"yoast_head":"<!-- This site is optimized with the Yoast SEO plugin v26.5 - https:\/\/yoast.com\/wordpress\/plugins\/seo\/ -->\n<title>In\u00e9galit\u00e9s sociales\u00a0: la bombe est arm\u00e9e, il faut la d\u00e9samorcer - Les Rencontres \u00c9conomiques<\/title>\n<meta name=\"robots\" content=\"index, follow, max-snippet:-1, max-image-preview:large, max-video-preview:-1\" \/>\n<link rel=\"canonical\" href=\"https:\/\/www.lesrencontreseconomiques.fr\/debats-idees\/inegalites-sociales-la-bombe-est-armee-il-faut-la-desamorcer\/\" \/>\n<meta property=\"og:locale\" content=\"fr_FR\" \/>\n<meta property=\"og:type\" content=\"article\" \/>\n<meta property=\"og:description\" content=\"La France traverse une crise silencieuse, mais d\u00e9terminante, celle de la coh\u00e9sion sociale. Le sentiment d\u2019appartenance se d\u00e9lite et la confiance s\u2019effrite. Derri\u00e8re ce malaise se profile une cause majeure, la constante augmentation des in\u00e9galit\u00e9s. Cette fracture multiple, \u00e0 la fois \u00e9conomique, territoriale et d\u00e9mocratique appelle une r\u00e9ponse lucide et structurante. La question des in\u00e9galit\u00e9s [&hellip;]\" \/>\n<meta property=\"og:url\" content=\"https:\/\/www.lesrencontreseconomiques.fr\/debats-idees\/inegalites-sociales-la-bombe-est-armee-il-faut-la-desamorcer\/\" \/>\n<meta property=\"og:site_name\" content=\"Les Rencontres \u00c9conomiques\" \/>\n<meta property=\"article:publisher\" content=\"https:\/\/www.facebook.com\/Le.Cercle.des.Economistes\/\" \/>\n<meta property=\"article:modified_time\" content=\"2025-07-04T08:23:31+00:00\" \/>\n<meta property=\"og:image\" content=\"https:\/\/www.lesrencontreseconomiques.fr\/wp-content\/uploads\/2025\/07\/AdobeStock_70795013.jpeg\" \/>\n\t<meta property=\"og:image:width\" content=\"1600\" \/>\n\t<meta property=\"og:image:height\" content=\"1063\" \/>\n\t<meta property=\"og:image:type\" content=\"image\/jpeg\" \/>\n<meta name=\"twitter:card\" content=\"summary_large_image\" \/>\n<meta name=\"twitter:site\" content=\"@Cercle_eco\" \/>\n<meta name=\"twitter:label1\" content=\"Dur\u00e9e de lecture estim\u00e9e\" \/>\n\t<meta name=\"twitter:data1\" content=\"5 minutes\" \/>\n<script type=\"application\/ld+json\" class=\"yoast-schema-graph\">{\"@context\":\"https:\/\/schema.org\",\"@graph\":[{\"@type\":\"WebPage\",\"@id\":\"https:\/\/www.lesrencontreseconomiques.fr\/debats-idees\/inegalites-sociales-la-bombe-est-armee-il-faut-la-desamorcer\/\",\"url\":\"https:\/\/www.lesrencontreseconomiques.fr\/debats-idees\/inegalites-sociales-la-bombe-est-armee-il-faut-la-desamorcer\/\",\"name\":\"In\u00e9galit\u00e9s sociales\u00a0: la bombe est arm\u00e9e, il faut la d\u00e9samorcer - Les Rencontres \u00c9conomiques\",\"isPartOf\":{\"@id\":\"https:\/\/www.lesrencontreseconomiques.fr\/#website\"},\"primaryImageOfPage\":{\"@id\":\"https:\/\/www.lesrencontreseconomiques.fr\/debats-idees\/inegalites-sociales-la-bombe-est-armee-il-faut-la-desamorcer\/#primaryimage\"},\"image\":{\"@id\":\"https:\/\/www.lesrencontreseconomiques.fr\/debats-idees\/inegalites-sociales-la-bombe-est-armee-il-faut-la-desamorcer\/#primaryimage\"},\"thumbnailUrl\":\"https:\/\/www.lesrencontreseconomiques.fr\/wp-content\/uploads\/2025\/07\/AdobeStock_70795013.jpeg\",\"datePublished\":\"2025-07-04T08:23:29+00:00\",\"dateModified\":\"2025-07-04T08:23:31+00:00\",\"breadcrumb\":{\"@id\":\"https:\/\/www.lesrencontreseconomiques.fr\/debats-idees\/inegalites-sociales-la-bombe-est-armee-il-faut-la-desamorcer\/#breadcrumb\"},\"inLanguage\":\"fr-FR\",\"potentialAction\":[{\"@type\":\"ReadAction\",\"target\":[\"https:\/\/www.lesrencontreseconomiques.fr\/debats-idees\/inegalites-sociales-la-bombe-est-armee-il-faut-la-desamorcer\/\"]}]},{\"@type\":\"ImageObject\",\"inLanguage\":\"fr-FR\",\"@id\":\"https:\/\/www.lesrencontreseconomiques.fr\/debats-idees\/inegalites-sociales-la-bombe-est-armee-il-faut-la-desamorcer\/#primaryimage\",\"url\":\"https:\/\/www.lesrencontreseconomiques.fr\/wp-content\/uploads\/2025\/07\/AdobeStock_70795013.jpeg\",\"contentUrl\":\"https:\/\/www.lesrencontreseconomiques.fr\/wp-content\/uploads\/2025\/07\/AdobeStock_70795013.jpeg\",\"width\":1600,\"height\":1063},{\"@type\":\"BreadcrumbList\",\"@id\":\"https:\/\/www.lesrencontreseconomiques.fr\/debats-idees\/inegalites-sociales-la-bombe-est-armee-il-faut-la-desamorcer\/#breadcrumb\",\"itemListElement\":[{\"@type\":\"ListItem\",\"position\":1,\"name\":\"Accueil\",\"item\":\"https:\/\/www.lesrencontreseconomiques.fr\/\"},{\"@type\":\"ListItem\",\"position\":2,\"name\":\"D\u00e9bats & Id\u00e9es\",\"item\":\"https:\/\/www.lesrencontreseconomiques.fr\/debats-idees\/\"},{\"@type\":\"ListItem\",\"position\":3,\"name\":\"In\u00e9galit\u00e9s sociales\u00a0: la bombe est arm\u00e9e, il faut la d\u00e9samorcer\"}]},{\"@type\":\"WebSite\",\"@id\":\"https:\/\/www.lesrencontreseconomiques.fr\/#website\",\"url\":\"https:\/\/www.lesrencontreseconomiques.fr\/\",\"name\":\"Les Rencontres \u00c9conomiques\",\"description\":\"\",\"potentialAction\":[{\"@type\":\"SearchAction\",\"target\":{\"@type\":\"EntryPoint\",\"urlTemplate\":\"https:\/\/www.lesrencontreseconomiques.fr\/?s={search_term_string}\"},\"query-input\":{\"@type\":\"PropertyValueSpecification\",\"valueRequired\":true,\"valueName\":\"search_term_string\"}}],\"inLanguage\":\"fr-FR\"}]}<\/script>\n<!-- \/ Yoast SEO plugin. -->","yoast_head_json":{"title":"In\u00e9galit\u00e9s sociales\u00a0: la bombe est arm\u00e9e, il faut la d\u00e9samorcer - Les Rencontres \u00c9conomiques","robots":{"index":"index","follow":"follow","max-snippet":"max-snippet:-1","max-image-preview":"max-image-preview:large","max-video-preview":"max-video-preview:-1"},"canonical":"https:\/\/www.lesrencontreseconomiques.fr\/debats-idees\/inegalites-sociales-la-bombe-est-armee-il-faut-la-desamorcer\/","og_locale":"fr_FR","og_type":"article","og_description":"La France traverse une crise silencieuse, mais d\u00e9terminante, celle de la coh\u00e9sion sociale. Le sentiment d\u2019appartenance se d\u00e9lite et la confiance s\u2019effrite. Derri\u00e8re ce malaise se profile une cause majeure, la constante augmentation des in\u00e9galit\u00e9s. Cette fracture multiple, \u00e0 la fois \u00e9conomique, territoriale et d\u00e9mocratique appelle une r\u00e9ponse lucide et structurante. La question des in\u00e9galit\u00e9s [&hellip;]","og_url":"https:\/\/www.lesrencontreseconomiques.fr\/debats-idees\/inegalites-sociales-la-bombe-est-armee-il-faut-la-desamorcer\/","og_site_name":"Les Rencontres \u00c9conomiques","article_publisher":"https:\/\/www.facebook.com\/Le.Cercle.des.Economistes\/","article_modified_time":"2025-07-04T08:23:31+00:00","og_image":[{"width":1600,"height":1063,"url":"https:\/\/www.lesrencontreseconomiques.fr\/wp-content\/uploads\/2025\/07\/AdobeStock_70795013.jpeg","type":"image\/jpeg"}],"twitter_card":"summary_large_image","twitter_site":"@Cercle_eco","twitter_misc":{"Dur\u00e9e de lecture estim\u00e9e":"5 minutes"},"schema":{"@context":"https:\/\/schema.org","@graph":[{"@type":"WebPage","@id":"https:\/\/www.lesrencontreseconomiques.fr\/debats-idees\/inegalites-sociales-la-bombe-est-armee-il-faut-la-desamorcer\/","url":"https:\/\/www.lesrencontreseconomiques.fr\/debats-idees\/inegalites-sociales-la-bombe-est-armee-il-faut-la-desamorcer\/","name":"In\u00e9galit\u00e9s sociales\u00a0: la bombe est arm\u00e9e, il faut la d\u00e9samorcer - Les Rencontres \u00c9conomiques","isPartOf":{"@id":"https:\/\/www.lesrencontreseconomiques.fr\/#website"},"primaryImageOfPage":{"@id":"https:\/\/www.lesrencontreseconomiques.fr\/debats-idees\/inegalites-sociales-la-bombe-est-armee-il-faut-la-desamorcer\/#primaryimage"},"image":{"@id":"https:\/\/www.lesrencontreseconomiques.fr\/debats-idees\/inegalites-sociales-la-bombe-est-armee-il-faut-la-desamorcer\/#primaryimage"},"thumbnailUrl":"https:\/\/www.lesrencontreseconomiques.fr\/wp-content\/uploads\/2025\/07\/AdobeStock_70795013.jpeg","datePublished":"2025-07-04T08:23:29+00:00","dateModified":"2025-07-04T08:23:31+00:00","breadcrumb":{"@id":"https:\/\/www.lesrencontreseconomiques.fr\/debats-idees\/inegalites-sociales-la-bombe-est-armee-il-faut-la-desamorcer\/#breadcrumb"},"inLanguage":"fr-FR","potentialAction":[{"@type":"ReadAction","target":["https:\/\/www.lesrencontreseconomiques.fr\/debats-idees\/inegalites-sociales-la-bombe-est-armee-il-faut-la-desamorcer\/"]}]},{"@type":"ImageObject","inLanguage":"fr-FR","@id":"https:\/\/www.lesrencontreseconomiques.fr\/debats-idees\/inegalites-sociales-la-bombe-est-armee-il-faut-la-desamorcer\/#primaryimage","url":"https:\/\/www.lesrencontreseconomiques.fr\/wp-content\/uploads\/2025\/07\/AdobeStock_70795013.jpeg","contentUrl":"https:\/\/www.lesrencontreseconomiques.fr\/wp-content\/uploads\/2025\/07\/AdobeStock_70795013.jpeg","width":1600,"height":1063},{"@type":"BreadcrumbList","@id":"https:\/\/www.lesrencontreseconomiques.fr\/debats-idees\/inegalites-sociales-la-bombe-est-armee-il-faut-la-desamorcer\/#breadcrumb","itemListElement":[{"@type":"ListItem","position":1,"name":"Accueil","item":"https:\/\/www.lesrencontreseconomiques.fr\/"},{"@type":"ListItem","position":2,"name":"D\u00e9bats & Id\u00e9es","item":"https:\/\/www.lesrencontreseconomiques.fr\/debats-idees\/"},{"@type":"ListItem","position":3,"name":"In\u00e9galit\u00e9s sociales\u00a0: la bombe est arm\u00e9e, il faut la d\u00e9samorcer"}]},{"@type":"WebSite","@id":"https:\/\/www.lesrencontreseconomiques.fr\/#website","url":"https:\/\/www.lesrencontreseconomiques.fr\/","name":"Les Rencontres \u00c9conomiques","description":"","potentialAction":[{"@type":"SearchAction","target":{"@type":"EntryPoint","urlTemplate":"https:\/\/www.lesrencontreseconomiques.fr\/?s={search_term_string}"},"query-input":{"@type":"PropertyValueSpecification","valueRequired":true,"valueName":"search_term_string"}}],"inLanguage":"fr-FR"}]}},"_links":{"self":[{"href":"https:\/\/www.lesrencontreseconomiques.fr\/wp-json\/wp\/v2\/blog\/23149","targetHints":{"allow":["GET"]}}],"collection":[{"href":"https:\/\/www.lesrencontreseconomiques.fr\/wp-json\/wp\/v2\/blog"}],"about":[{"href":"https:\/\/www.lesrencontreseconomiques.fr\/wp-json\/wp\/v2\/types\/blog"}],"wp:featuredmedia":[{"embeddable":true,"href":"https:\/\/www.lesrencontreseconomiques.fr\/wp-json\/wp\/v2\/media\/23162"}],"wp:attachment":[{"href":"https:\/\/www.lesrencontreseconomiques.fr\/wp-json\/wp\/v2\/media?parent=23149"}],"wp:term":[{"taxonomy":"cat-theme","embeddable":true,"href":"https:\/\/www.lesrencontreseconomiques.fr\/wp-json\/wp\/v2\/cat-theme?post=23149"},{"taxonomy":"cat-axe","embeddable":true,"href":"https:\/\/www.lesrencontreseconomiques.fr\/wp-json\/wp\/v2\/cat-axe?post=23149"}],"curies":[{"name":"wp","href":"https:\/\/api.w.org\/{rel}","templated":true}]}}