{"id":22833,"date":"2025-07-03T19:32:46","date_gmt":"2025-07-03T17:32:46","guid":{"rendered":"https:\/\/www.lesrencontreseconomiques.fr\/?post_type=blog&#038;p=22833"},"modified":"2025-07-03T19:32:48","modified_gmt":"2025-07-03T17:32:48","slug":"les-institutions-internationales-rayonnent-quand-elles-apportent-les-solutions-concretes","status":"publish","type":"blog","link":"https:\/\/www.lesrencontreseconomiques.fr\/debats-idees\/les-institutions-internationales-rayonnent-quand-elles-apportent-les-solutions-concretes\/","title":{"rendered":"\u00ab Les institutions internationales rayonnent quand elles apportent les solutions concr\u00e8tes \u00bb"},"content":{"rendered":"\n<div style=\"height:100px\" aria-hidden=\"true\" class=\"wp-block-spacer is-style-small-spacer\"><\/div>\n\n\n\n<p><strong>Pour la candidate \u00e0 la direction g\u00e9n\u00e9rale de l\u2019Unesco, les grandes institutions doivent engager des discussions avec la soci\u00e9t\u00e9 civile pour \u00e9laborer des solutions partag\u00e9es.<\/strong><\/p>\n\n\n\n<div style=\"height:100px\" aria-hidden=\"true\" class=\"wp-block-spacer is-style-small-spacer\"><\/div>\n\n\n\n<p><strong>Affronter le choc des r\u00e9alit\u00e9s, c\u2019est le th\u00e8me des Rencontres \u00c9conomiques d\u2019Aix-en-Provence 2025. Qu\u2019est-ce que cela signifie pour vous\u00a0?<\/strong><\/p>\n\n\n\n<p><strong>Gabriella Ramos<\/strong> Les Rencontres \u00c9conomiques ont bien fait de mettre l&rsquo;accent sur ce sujet, pour tenter de trouver un moyen de communiquer, d&rsquo;exprimer son point de vue et d&rsquo;\u00e9couter celui de l&rsquo;autre. Refonder une discussion, civiliser un dialogue social respectueux, se confronter \u00e0 une situation o\u00f9 l\u2019on peut \u00eatre d\u2019accord sur les sujets majeurs\u00a0: \u00eatre conscient de la crise climatique, c\u2019est s\u00fbr qu&rsquo;il faut faire quelque chose sur l\u2019enjeu d\u00e9mographique et la migration, et qu&rsquo;il faut mieux g\u00e9rer la r\u00e9volution technologique. Bien s\u00fbr, il y a une question d&rsquo;in\u00e9galit\u00e9 de revenus et d\u2019opportunit\u00e9s, pas seulement entre le nord et le sud, mais aussi au sein des pays les plus avanc\u00e9s. Ces sujets existent dans le d\u00e9bat public, mais ils sont exploit\u00e9s de toutes parts par les politiciens. Nous vivons dans une soci\u00e9t\u00e9 tr\u00e8s polaris\u00e9e, dans un d\u00e9bat politique stigmatisant, qui se nourrit des plateformes num\u00e9riques et de l&rsquo;intelligence artificielle.<\/p>\n\n\n\n<p><strong>Justement, face \u00e0 cette polarisation de la soci\u00e9t\u00e9, comment regagner la confiance des citoyens en leurs institutions, notamment \u00e9conomiques, et retrouver une soci\u00e9t\u00e9 apais\u00e9e&nbsp;?<\/strong><\/p>\n\n\n\n<p><strong>G. R.<\/strong> Il est tr\u00e8s important d&rsquo;\u00e9couter la soci\u00e9t\u00e9 civile et d\u2019engager une discussion avec elle et pas se contenter d\u2019organiser un d\u00e9bat \u00e9labor\u00e9 avec des experts. Les \u00e9conomistes ont tendance \u00e0 avoir r\u00e9ponse \u00e0 tout et \u00e0 proposer des solutions sans prendre en compte le contexte, la situation des pays qui sont diff\u00e9rents. Il faut s&rsquo;\u00e9loigner du dogme \u00ab&nbsp;one size fits all&nbsp;\u00bb [une seule taille convient \u00e0 tous]. Il faut trouver des solutions partag\u00e9es qui soient efficaces. C&rsquo;est cela qui me porte aujourd\u2019hui, comme candidate \u00e0 la direction g\u00e9n\u00e9rale de l&rsquo;Unesco. Je pense que les institutions internationales rayonnent quand elles apportent les solutions concr\u00e8tes et op\u00e9rantes. J\u2019ai travaill\u00e9 sur l\u2019\u00e9thique de l\u2019intelligence artificielle. Il ne suffit pas d\u2019avoir un d\u00e9bat philosophique, mais de d\u00e9montrer \u00e0 quoi \u00e7a sert&nbsp;: \u00e0 am\u00e9liorer la l\u00e9gislation au Chili, \u00e0 avoir des investissements sur la connectivit\u00e9 au Kenya, \u00e0 regarder comment on prot\u00e8ge les donn\u00e9es.<\/p>\n\n\n\n<p><strong>Dans ce contexte, quel peut \u00eatre le r\u00f4le de l\u2019Unesco&nbsp;?<\/strong><\/p>\n\n\n\n<p><strong>G. R.<\/strong> Avant l\u2019Unesco, j&rsquo;\u00e9tais \u00e0 l&rsquo;OCDE quand la crise financi\u00e8re de 2008 a \u00e9clat\u00e9. Celle-ci a remis en question le mod\u00e8le de pens\u00e9e n\u00e9oclassique, selon lequel les march\u00e9s disposent de m\u00e9canismes autor\u00e9gulateurs. Ce n&rsquo;\u00e9tait pas repr\u00e9sentatif du monde dans lequel on vivait. C\u2019est pourquoi l\u2019OCDE a cr\u00e9\u00e9, en 2012, l&rsquo;initiative \u00ab&nbsp;Nouvelles approches face aux d\u00e9fis \u00e9conomiques&nbsp;\u00bb. Il s\u2019agissait d&rsquo;analyser les causes profondes de la crise financi\u00e8re mondiale et d\u2019en tirer les le\u00e7ons, sans dogme. \u00c0 l&rsquo;Unesco, on agit surtout sur la culture et l&rsquo;\u00e9ducation. Comprendre de quoi nos soci\u00e9t\u00e9s ont besoin, ce qu&rsquo;elles veulent, notamment la jeunesse, comment faire avancer la question des femmes et comment d\u00e9velopper une \u00e9conomie plus humaine avec des r\u00e9sultats \u00e0 la cl\u00e9, surtout pour les populations les plus d\u00e9munies.<\/p>\n\n\n\n<p><strong>Quelles strat\u00e9gies innovantes et inclusives recommandez-vous pour lutter contre la polarisation que vous d\u00e9crivez, exacerb\u00e9e par les r\u00e9seaux sociaux et les m\u00e9dias, au d\u00e9triment du dialogue rationnel&nbsp;?<\/strong><strong><\/strong><\/p>\n\n\n\n<p><strong>G. R. <\/strong>Je pense que les <em>business model<\/em> des plateformes num\u00e9riques dans les syst\u00e8mes d&rsquo;information doivent se r\u00e9former. La mani\u00e8re dont on informe aujourd\u2019hui joue un grand r\u00f4le dans cette polarisation. Il n\u2019y a plus de questionnement, de nuance, d\u2019esprit critique, car le <em>business model<\/em> est bas\u00e9 sur la maximisation de l&rsquo;engagement, de l\u2019utilisation des donn\u00e9es ou la manipulation des \u00e9motions. Cela doit changer. L\u2019Unesco s&rsquo;est engag\u00e9e \u00e0 \u00e9laborer des r\u00e8gles claires pour les plateformes, qui pourraient \u00eatre les m\u00eames que celles du monde des m\u00e9dias \u00ab\u00a0d&rsquo;avant\u00a0\u00bb, avec, par exemple, un comit\u00e9 \u00e9ditorial, la transparence des signatures, afin d&rsquo;\u00eatre s\u00fbr de l\u2019int\u00e9grit\u00e9 d\u2019une information. Mais ce n&rsquo;est pas la source du probl\u00e8me. Au fond, les r\u00e9seaux sociaux ne sont qu\u2019un instrument qui permet une diffusion exponentielle. La source, c&rsquo;est la division de nos soci\u00e9t\u00e9s et la perception de beaucoup de nos concitoyens que le mod\u00e8le \u00e9conomique, le libre march\u00e9, n&rsquo;a pas donn\u00e9 de r\u00e9sultat \u00e0 leur espoir. Tant qu\u2019on ne traitera pas la question des in\u00e9galit\u00e9s, on ne pourra pas infl\u00e9chir la polarisation.<\/p>\n\n\n\n<p><strong>Comment garantir que ces technologies soient d\u00e9ploy\u00e9es de mani\u00e8re \u00e9thique&nbsp;?<\/strong><\/p>\n\n\n\n<p><strong>G. R.<\/strong> Nous devons changer notre approche, qui est devenue surtout technologique. Il faut s\u2019int\u00e9resser \u00e0 l&rsquo;algorithme, aux donn\u00e9es, \u00e0 l\u2019intelligence artificielle g\u00e9n\u00e9rative. Il faut conna\u00eetre tout cela. La question principale, c&rsquo;est l&rsquo;impact social de certaines utilisations des algorithmes. Nous n\u2019allons pas contr\u00f4ler l&rsquo;innovation, tous les d\u00e9veloppeurs qui font des choses g\u00e9niales. Mais si dans notre \u00c9tat de droit, qui doit exister aussi dans le monde num\u00e9rique, il y a un impact n\u00e9gatif chez certaines populations, qui est responsable&nbsp;? Cette question n\u2019est pas technologique, mais politique. Nous devons, dans notre espace d&rsquo;action, maximiser l&rsquo;impact positif de ces outils et mieux nous prot\u00e9ger de ses d\u00e9rives.<\/p>\n\n\n\n<p><strong>Quels r\u00f4les compl\u00e9mentaires peuvent jouer les institutions internationales pour reconstruire un dialogue social apais\u00e9 et renforcer la coh\u00e9sion dans nos soci\u00e9t\u00e9s ?<\/strong><strong><\/strong><\/p>\n\n\n\n<p><strong>G. R. <\/strong>L&rsquo;intelligence artificielle red\u00e9finit la mani\u00e8re dont on se connecte, dont on travaille. Un journaliste n\u2019informe pas comme il y a dix ans&nbsp;; un jeune architecte ne dessine pas non plus de la m\u00eame mani\u00e8re. Pour appr\u00e9hender ce type de transformation dynamique, il faut se donner un peu d\u2019espace pour penser avec la soci\u00e9t\u00e9 civile, les entreprises, les gouvernements, les ONG, la jeunesse, les groupes de personnes handicap\u00e9es&#8230; Ces discussions doivent nous apporter plus de lumi\u00e8res. Je suis fi\u00e8re du travail que nous avons men\u00e9 \u00e0 l&rsquo;Unesco sur l&rsquo;intelligence artificielle. Beaucoup de pays n&rsquo;avaient aucun espace pour structurer ce type de dialogue. Nous avons cette m\u00e9thodologie&nbsp;: multidisciplinarit\u00e9, mais aussi multisectorialit\u00e9. Apr\u00e8s l\u2019avoir exp\u00e9riment\u00e9e, un ministre nous a remerci\u00e9. Les institutions peuvent conduire cette r\u00e9volution dans un objectif plus humain et de progr\u00e8s&nbsp;; un progr\u00e8s partag\u00e9.<\/p>\n","protected":false},"featured_media":22848,"template":"","cat-theme":[74],"cat-axe":[],"class_list":["post-22833","blog","type-blog","status-publish","has-post-thumbnail","hentry","cat-theme-geopolitique"],"acf":[],"yoast_head":"<!-- This site is optimized with the Yoast SEO plugin v26.5 - https:\/\/yoast.com\/wordpress\/plugins\/seo\/ -->\n<title>\u00ab Les institutions internationales rayonnent quand elles apportent les solutions concr\u00e8tes \u00bb - Les Rencontres \u00c9conomiques<\/title>\n<meta name=\"robots\" content=\"index, follow, max-snippet:-1, max-image-preview:large, max-video-preview:-1\" \/>\n<link rel=\"canonical\" href=\"https:\/\/www.lesrencontreseconomiques.fr\/debats-idees\/les-institutions-internationales-rayonnent-quand-elles-apportent-les-solutions-concretes\/\" \/>\n<meta property=\"og:locale\" content=\"fr_FR\" \/>\n<meta property=\"og:type\" content=\"article\" \/>\n<meta property=\"og:description\" content=\"Pour la candidate \u00e0 la direction g\u00e9n\u00e9rale de l\u2019Unesco, les grandes institutions doivent engager des discussions avec la soci\u00e9t\u00e9 civile pour \u00e9laborer des solutions partag\u00e9es. Affronter le choc des r\u00e9alit\u00e9s, c\u2019est le th\u00e8me des Rencontres \u00c9conomiques d\u2019Aix-en-Provence 2025. Qu\u2019est-ce que cela signifie pour vous\u00a0? Gabriella Ramos Les Rencontres \u00c9conomiques ont bien fait de mettre l&rsquo;accent [&hellip;]\" \/>\n<meta property=\"og:url\" content=\"https:\/\/www.lesrencontreseconomiques.fr\/debats-idees\/les-institutions-internationales-rayonnent-quand-elles-apportent-les-solutions-concretes\/\" \/>\n<meta property=\"og:site_name\" content=\"Les Rencontres \u00c9conomiques\" \/>\n<meta property=\"article:publisher\" content=\"https:\/\/www.facebook.com\/Le.Cercle.des.Economistes\/\" \/>\n<meta property=\"article:modified_time\" content=\"2025-07-03T17:32:48+00:00\" \/>\n<meta property=\"og:image\" content=\"https:\/\/www.lesrencontreseconomiques.fr\/wp-content\/uploads\/2025\/06\/250703_16H_OUVERTURE_FRANCK-BESSIERE_012.jpg\" \/>\n\t<meta property=\"og:image:width\" content=\"1600\" \/>\n\t<meta property=\"og:image:height\" content=\"1067\" \/>\n\t<meta property=\"og:image:type\" content=\"image\/jpeg\" \/>\n<meta name=\"twitter:card\" content=\"summary_large_image\" \/>\n<meta name=\"twitter:site\" content=\"@Cercle_eco\" \/>\n<meta name=\"twitter:label1\" content=\"Dur\u00e9e de lecture estim\u00e9e\" \/>\n\t<meta name=\"twitter:data1\" content=\"6 minutes\" \/>\n<script type=\"application\/ld+json\" class=\"yoast-schema-graph\">{\"@context\":\"https:\/\/schema.org\",\"@graph\":[{\"@type\":\"WebPage\",\"@id\":\"https:\/\/www.lesrencontreseconomiques.fr\/debats-idees\/les-institutions-internationales-rayonnent-quand-elles-apportent-les-solutions-concretes\/\",\"url\":\"https:\/\/www.lesrencontreseconomiques.fr\/debats-idees\/les-institutions-internationales-rayonnent-quand-elles-apportent-les-solutions-concretes\/\",\"name\":\"\u00ab Les institutions internationales rayonnent quand elles apportent les solutions concr\u00e8tes \u00bb - Les Rencontres \u00c9conomiques\",\"isPartOf\":{\"@id\":\"https:\/\/www.lesrencontreseconomiques.fr\/#website\"},\"primaryImageOfPage\":{\"@id\":\"https:\/\/www.lesrencontreseconomiques.fr\/debats-idees\/les-institutions-internationales-rayonnent-quand-elles-apportent-les-solutions-concretes\/#primaryimage\"},\"image\":{\"@id\":\"https:\/\/www.lesrencontreseconomiques.fr\/debats-idees\/les-institutions-internationales-rayonnent-quand-elles-apportent-les-solutions-concretes\/#primaryimage\"},\"thumbnailUrl\":\"https:\/\/www.lesrencontreseconomiques.fr\/wp-content\/uploads\/2025\/06\/250703_16H_OUVERTURE_FRANCK-BESSIERE_012.jpg\",\"datePublished\":\"2025-07-03T17:32:46+00:00\",\"dateModified\":\"2025-07-03T17:32:48+00:00\",\"breadcrumb\":{\"@id\":\"https:\/\/www.lesrencontreseconomiques.fr\/debats-idees\/les-institutions-internationales-rayonnent-quand-elles-apportent-les-solutions-concretes\/#breadcrumb\"},\"inLanguage\":\"fr-FR\",\"potentialAction\":[{\"@type\":\"ReadAction\",\"target\":[\"https:\/\/www.lesrencontreseconomiques.fr\/debats-idees\/les-institutions-internationales-rayonnent-quand-elles-apportent-les-solutions-concretes\/\"]}]},{\"@type\":\"ImageObject\",\"inLanguage\":\"fr-FR\",\"@id\":\"https:\/\/www.lesrencontreseconomiques.fr\/debats-idees\/les-institutions-internationales-rayonnent-quand-elles-apportent-les-solutions-concretes\/#primaryimage\",\"url\":\"https:\/\/www.lesrencontreseconomiques.fr\/wp-content\/uploads\/2025\/06\/250703_16H_OUVERTURE_FRANCK-BESSIERE_012.jpg\",\"contentUrl\":\"https:\/\/www.lesrencontreseconomiques.fr\/wp-content\/uploads\/2025\/06\/250703_16H_OUVERTURE_FRANCK-BESSIERE_012.jpg\",\"width\":1600,\"height\":1067},{\"@type\":\"BreadcrumbList\",\"@id\":\"https:\/\/www.lesrencontreseconomiques.fr\/debats-idees\/les-institutions-internationales-rayonnent-quand-elles-apportent-les-solutions-concretes\/#breadcrumb\",\"itemListElement\":[{\"@type\":\"ListItem\",\"position\":1,\"name\":\"Accueil\",\"item\":\"https:\/\/www.lesrencontreseconomiques.fr\/\"},{\"@type\":\"ListItem\",\"position\":2,\"name\":\"D\u00e9bats & Id\u00e9es\",\"item\":\"https:\/\/www.lesrencontreseconomiques.fr\/debats-idees\/\"},{\"@type\":\"ListItem\",\"position\":3,\"name\":\"\u00ab Les institutions internationales rayonnent quand elles apportent les solutions concr\u00e8tes \u00bb\"}]},{\"@type\":\"WebSite\",\"@id\":\"https:\/\/www.lesrencontreseconomiques.fr\/#website\",\"url\":\"https:\/\/www.lesrencontreseconomiques.fr\/\",\"name\":\"Les Rencontres \u00c9conomiques\",\"description\":\"\",\"potentialAction\":[{\"@type\":\"SearchAction\",\"target\":{\"@type\":\"EntryPoint\",\"urlTemplate\":\"https:\/\/www.lesrencontreseconomiques.fr\/?s={search_term_string}\"},\"query-input\":{\"@type\":\"PropertyValueSpecification\",\"valueRequired\":true,\"valueName\":\"search_term_string\"}}],\"inLanguage\":\"fr-FR\"}]}<\/script>\n<!-- \/ Yoast SEO plugin. -->","yoast_head_json":{"title":"\u00ab Les institutions internationales rayonnent quand elles apportent les solutions concr\u00e8tes \u00bb - Les Rencontres \u00c9conomiques","robots":{"index":"index","follow":"follow","max-snippet":"max-snippet:-1","max-image-preview":"max-image-preview:large","max-video-preview":"max-video-preview:-1"},"canonical":"https:\/\/www.lesrencontreseconomiques.fr\/debats-idees\/les-institutions-internationales-rayonnent-quand-elles-apportent-les-solutions-concretes\/","og_locale":"fr_FR","og_type":"article","og_description":"Pour la candidate \u00e0 la direction g\u00e9n\u00e9rale de l\u2019Unesco, les grandes institutions doivent engager des discussions avec la soci\u00e9t\u00e9 civile pour \u00e9laborer des solutions partag\u00e9es. Affronter le choc des r\u00e9alit\u00e9s, c\u2019est le th\u00e8me des Rencontres \u00c9conomiques d\u2019Aix-en-Provence 2025. Qu\u2019est-ce que cela signifie pour vous\u00a0? Gabriella Ramos Les Rencontres \u00c9conomiques ont bien fait de mettre l&rsquo;accent [&hellip;]","og_url":"https:\/\/www.lesrencontreseconomiques.fr\/debats-idees\/les-institutions-internationales-rayonnent-quand-elles-apportent-les-solutions-concretes\/","og_site_name":"Les Rencontres \u00c9conomiques","article_publisher":"https:\/\/www.facebook.com\/Le.Cercle.des.Economistes\/","article_modified_time":"2025-07-03T17:32:48+00:00","og_image":[{"width":1600,"height":1067,"url":"https:\/\/www.lesrencontreseconomiques.fr\/wp-content\/uploads\/2025\/06\/250703_16H_OUVERTURE_FRANCK-BESSIERE_012.jpg","type":"image\/jpeg"}],"twitter_card":"summary_large_image","twitter_site":"@Cercle_eco","twitter_misc":{"Dur\u00e9e de lecture estim\u00e9e":"6 minutes"},"schema":{"@context":"https:\/\/schema.org","@graph":[{"@type":"WebPage","@id":"https:\/\/www.lesrencontreseconomiques.fr\/debats-idees\/les-institutions-internationales-rayonnent-quand-elles-apportent-les-solutions-concretes\/","url":"https:\/\/www.lesrencontreseconomiques.fr\/debats-idees\/les-institutions-internationales-rayonnent-quand-elles-apportent-les-solutions-concretes\/","name":"\u00ab Les institutions internationales rayonnent quand elles apportent les solutions concr\u00e8tes \u00bb - Les Rencontres \u00c9conomiques","isPartOf":{"@id":"https:\/\/www.lesrencontreseconomiques.fr\/#website"},"primaryImageOfPage":{"@id":"https:\/\/www.lesrencontreseconomiques.fr\/debats-idees\/les-institutions-internationales-rayonnent-quand-elles-apportent-les-solutions-concretes\/#primaryimage"},"image":{"@id":"https:\/\/www.lesrencontreseconomiques.fr\/debats-idees\/les-institutions-internationales-rayonnent-quand-elles-apportent-les-solutions-concretes\/#primaryimage"},"thumbnailUrl":"https:\/\/www.lesrencontreseconomiques.fr\/wp-content\/uploads\/2025\/06\/250703_16H_OUVERTURE_FRANCK-BESSIERE_012.jpg","datePublished":"2025-07-03T17:32:46+00:00","dateModified":"2025-07-03T17:32:48+00:00","breadcrumb":{"@id":"https:\/\/www.lesrencontreseconomiques.fr\/debats-idees\/les-institutions-internationales-rayonnent-quand-elles-apportent-les-solutions-concretes\/#breadcrumb"},"inLanguage":"fr-FR","potentialAction":[{"@type":"ReadAction","target":["https:\/\/www.lesrencontreseconomiques.fr\/debats-idees\/les-institutions-internationales-rayonnent-quand-elles-apportent-les-solutions-concretes\/"]}]},{"@type":"ImageObject","inLanguage":"fr-FR","@id":"https:\/\/www.lesrencontreseconomiques.fr\/debats-idees\/les-institutions-internationales-rayonnent-quand-elles-apportent-les-solutions-concretes\/#primaryimage","url":"https:\/\/www.lesrencontreseconomiques.fr\/wp-content\/uploads\/2025\/06\/250703_16H_OUVERTURE_FRANCK-BESSIERE_012.jpg","contentUrl":"https:\/\/www.lesrencontreseconomiques.fr\/wp-content\/uploads\/2025\/06\/250703_16H_OUVERTURE_FRANCK-BESSIERE_012.jpg","width":1600,"height":1067},{"@type":"BreadcrumbList","@id":"https:\/\/www.lesrencontreseconomiques.fr\/debats-idees\/les-institutions-internationales-rayonnent-quand-elles-apportent-les-solutions-concretes\/#breadcrumb","itemListElement":[{"@type":"ListItem","position":1,"name":"Accueil","item":"https:\/\/www.lesrencontreseconomiques.fr\/"},{"@type":"ListItem","position":2,"name":"D\u00e9bats & Id\u00e9es","item":"https:\/\/www.lesrencontreseconomiques.fr\/debats-idees\/"},{"@type":"ListItem","position":3,"name":"\u00ab Les institutions internationales rayonnent quand elles apportent les solutions concr\u00e8tes \u00bb"}]},{"@type":"WebSite","@id":"https:\/\/www.lesrencontreseconomiques.fr\/#website","url":"https:\/\/www.lesrencontreseconomiques.fr\/","name":"Les Rencontres \u00c9conomiques","description":"","potentialAction":[{"@type":"SearchAction","target":{"@type":"EntryPoint","urlTemplate":"https:\/\/www.lesrencontreseconomiques.fr\/?s={search_term_string}"},"query-input":{"@type":"PropertyValueSpecification","valueRequired":true,"valueName":"search_term_string"}}],"inLanguage":"fr-FR"}]}},"_links":{"self":[{"href":"https:\/\/www.lesrencontreseconomiques.fr\/wp-json\/wp\/v2\/blog\/22833","targetHints":{"allow":["GET"]}}],"collection":[{"href":"https:\/\/www.lesrencontreseconomiques.fr\/wp-json\/wp\/v2\/blog"}],"about":[{"href":"https:\/\/www.lesrencontreseconomiques.fr\/wp-json\/wp\/v2\/types\/blog"}],"wp:featuredmedia":[{"embeddable":true,"href":"https:\/\/www.lesrencontreseconomiques.fr\/wp-json\/wp\/v2\/media\/22848"}],"wp:attachment":[{"href":"https:\/\/www.lesrencontreseconomiques.fr\/wp-json\/wp\/v2\/media?parent=22833"}],"wp:term":[{"taxonomy":"cat-theme","embeddable":true,"href":"https:\/\/www.lesrencontreseconomiques.fr\/wp-json\/wp\/v2\/cat-theme?post=22833"},{"taxonomy":"cat-axe","embeddable":true,"href":"https:\/\/www.lesrencontreseconomiques.fr\/wp-json\/wp\/v2\/cat-axe?post=22833"}],"curies":[{"name":"wp","href":"https:\/\/api.w.org\/{rel}","templated":true}]}}