{"id":22811,"date":"2025-07-03T14:28:11","date_gmt":"2025-07-03T12:28:11","guid":{"rendered":"https:\/\/www.lesrencontreseconomiques.fr\/?post_type=blog&#038;p=22811"},"modified":"2025-07-03T14:28:13","modified_gmt":"2025-07-03T12:28:13","slug":"faire-face-a-la-realite-lopportunite-pour-lhumanite-de-revenir-a-lessence-de-letre-humain","status":"publish","type":"blog","link":"https:\/\/www.lesrencontreseconomiques.fr\/debats-idees\/faire-face-a-la-realite-lopportunite-pour-lhumanite-de-revenir-a-lessence-de-letre-humain\/","title":{"rendered":"Faire Face \u00e0 la R\u00e9alit\u00e9 : L\u2019Opportunit\u00e9 pour l\u2019Humanit\u00e9 de Revenir \u00e0 l\u2019Essence de l\u2019\u00catre Humain"},"content":{"rendered":"\n<p>La polycrise actuelle est un appel pour que l\u2019humanit\u00e9 revienne \u00e0 l\u2019essence de ce que signifie \u00eatre humain : interconnect\u00e9 et interd\u00e9pendant dans la toile du vivant. Les syst\u00e8mes socio-\u00e9conomiques et politiques mondiaux actuels nient chacun des \u00e9l\u00e9ments fondamentaux de notre Essence en tant qu\u2019\u00eatres humains.<\/p>\n\n\n\n<p>Ces syst\u00e8mes sont con\u00e7us pour g\u00e9n\u00e9rer les crises auxquelles nous faisons face. Une richesse obsc\u00e8ne pour les 1 % les plus riches, et pauvret\u00e9, in\u00e9galit\u00e9s et mis\u00e8re pour la majorit\u00e9 des habitants de cette plan\u00e8te. La Terre M\u00e8re dispose de suffisamment de ressources pour tous, si seulement nous les partagions \u00e9quitablement. Nous avons acc\u00e8s aux donn\u00e9es scientifiques les plus r\u00e9centes sur le climat, capables de nous inciter \u00e0 modifier nos comportements pour prot\u00e9ger les \u00e9cosyst\u00e8mes et la biodiversit\u00e9, mais la science seule ne suffit pas \u00e0 d\u00e9clencher les changements comportementaux n\u00e9cessaires. Les int\u00e9r\u00eats du complexe militaro-industriel, qui ont tout \u00e0 gagner au maintien du syst\u00e8me actuel, sont suffisamment puissants pour le p\u00e9renniser. Les conflits et les guerres permanentes sont au c\u0153ur de ce syst\u00e8me qui produit des armes toujours plus l\u00e9tales afin de justifier son existence.<\/p>\n\n\n\n<p>Nous devons affronter la r\u00e9alit\u00e9 : le syst\u00e8me socio-\u00e9conomique et politique dominant \u00e0 l\u2019\u00e9chelle mondiale est con\u00e7u pour prosp\u00e9rer gr\u00e2ce au mod\u00e8le extractiviste du complexe militaro-industriel. Ce mod\u00e8le externalise toute responsabilit\u00e9 en mati\u00e8re de protection des personnes et de la plan\u00e8te, tout en internalisant des profits toujours plus \u00e9lev\u00e9s. \u00ab Toujours plus \u00bb est la devise. Le court-termisme, la logique du \u00ab tout au vainqueur \u00bb, la pens\u00e9e lin\u00e9aire et la v\u00e9n\u00e9ration des structures hi\u00e9rarchiques sont les moteurs de ce mod\u00e8le. Le colonialisme et l\u2019esclavage sont les outils logiques issus de ce syst\u00e8me, apparus il y a des si\u00e8cles pour accumuler des richesses au profit de quelques-uns, au d\u00e9triment des peuples et de la Nature. L\u2019Afrique continue de souffrir de l\u2019h\u00e9ritage du mod\u00e8le colonial extractif fond\u00e9 sur le diviser pour mieux r\u00e9gner, un mod\u00e8le qui a sap\u00e9 le bien-\u00eatre de tous et celui de la plan\u00e8te.<\/p>\n\n\n\n<p>Il est temps d\u2019affronter l\u2019histoire et la g\u00e9ographie qui ont d\u00e9plac\u00e9 l\u2019Afrique du centre de l\u2019histoire humaine vers ses marges. L\u2019\u00e9pist\u00e9mologie post-r\u00e9volution industrielle a d\u00e9form\u00e9 l\u2019histoire et la g\u00e9ographie de l\u2019Afrique. Les repr\u00e9sentations g\u00e9ographiques sur Google Maps montrent une Afrique de plusieurs fois plus grande que sur les cartes conventionnelles : les \u00c9tats-Unis, la Chine, le Japon et l\u2019Inde pourraient tous y entrer. Le Continent M\u00e8re est non seulement central dans le monde, mais aussi bien plus vaste que ce que les repr\u00e9sentations traditionnelles laissent penser.<\/p>\n\n\n\n<p>C\u00f4t\u00e9 histoire, George James, un universitaire afro-am\u00e9ricain, a publi\u00e9 en 1954 un livre que peu d\u2019\u00e9diteurs voulaient soutenir :&nbsp;<em>Stolen Legacy : Egyptian Origins of Western Philosophy<\/em>&nbsp;(<em>L\u2019H\u00e9ritage Vol\u00e9 : Les Origines \u00c9gyptiennes de la Philosophie Occidentale<\/em>). Ce livre pr\u00e9sente des preuves selon lesquelles ce que l\u2019on appelle aujourd\u2019hui la \u00ab philosophie grecque \u00bb est en r\u00e9alit\u00e9 une philosophie africaine. Il y d\u00e9crit comment des \u00e9rudits africains de l\u2019\u00c9gypte antique ont enseign\u00e9 aux chercheurs de v\u00e9rit\u00e9 grecs \u2014 Socrate, Platon, Thal\u00e8s et Aristote \u2014 venus passer des ann\u00e9es sous leur tutelle. Restaurer la place de l\u2019Afrique comme berceau de l\u2019humanit\u00e9 et de la premi\u00e8re civilisation humaine est une condition pr\u00e9alable pour gu\u00e9rir les blessures de cet h\u00e9ritage vol\u00e9, \u00e0 la fois pour l\u2019Afrique et pour ceux qui ont vol\u00e9 son histoire.<\/p>\n\n\n\n<p>Restaurer la place de l\u2019Afrique dans le monde permettrait \u00e0 l\u2019humanit\u00e9 de revenir \u00e0 elle-m\u00eame en tant qu\u2019esp\u00e8ce interconnect\u00e9e et interd\u00e9pendante dans la toile de la vie. La sagesse africaine de l\u2019Ubuntu, h\u00e9rit\u00e9e de nos anc\u00eatres communs qui ont b\u00e2ti des civilisations des Grands Lacs au delta du Nil sur la M\u00e9diterran\u00e9e, pourrait nous inspirer \u00e0 r\u00e9imaginer des futurs plus durables et r\u00e9silients. Il est temps de revendiquer Ubuntu \u2013 notre Essence. Nos anc\u00eatres savaient d\u00e9j\u00e0 ce que la science moderne ne fait que confirmer : il n\u2019existe qu\u2019une seule race \u2013 la race humaine. Le racisme, le sexisme, le patriarcat et tous les autres \u00ab ismes \u00bb sont des inventions pour justifier la discrimination et l\u2019exploitation des autres.<\/p>\n\n\n\n<hr class=\"wp-block-separator has-alpha-channel-opacity\"\/>\n\n\n\n<h3 class=\"wp-block-heading\">Que Faire ?<\/h3>\n\n\n\n<p>Reconna\u00eetre est la premi\u00e8re \u00e9tape essentielle pour r\u00e9pondre de mani\u00e8re ad\u00e9quate \u00e0 la r\u00e9alit\u00e9 que nous vivons. Nous devons reconna\u00eetre notre \u00e9loignement de la sagesse de nos anc\u00eatres communs, qui apprenaient de la nature et vivaient en harmonie avec elle. Comme l\u2019a dit un leader autochtone australien, Gardien d\u2019Uluru (Ayers Rock) :&nbsp;<em>\u00ab L\u2019humanit\u00e9 doit redevenir indig\u00e8ne pour r\u00e9apprendre les le\u00e7ons de la nature et vivre en harmonie avec elle. \u00bb<\/em><\/p>\n\n\n\n<p>Les agendas r\u00e9formistes, au niveau national comme mondial, ne sont que des distractions face \u00e0 la n\u00e9cessit\u00e9 imp\u00e9rieuse de transformer en profondeur nos syst\u00e8mes socio-\u00e9conomiques et politiques. Voici quelques axes d\u2019action urgente \u00e0 consid\u00e9rer :<\/p>\n\n\n\n<ul class=\"wp-block-list\">\n<li><strong>Changer de vision du monde<\/strong>\u00a0: L\u2019auteur et penseur syst\u00e9mique Jeremy Lent nous rappelle que \u00ab Une fois que nous changeons de vision du monde, un autre monde devient possible. \u00bb L\u2019\u00e8re Reagan\/Thatcher a impos\u00e9 le faux r\u00e9cit selon lequel il n\u2019y a pas d\u2019alternative au syst\u00e8me \u00e9conomique n\u00e9olib\u00e9ral extractif. C\u2019est faux. L\u2019humanit\u00e9 a le pouvoir de r\u00e9imaginer de nouvelles visions du monde, r\u00e9g\u00e9n\u00e9ratrices et porteuses de vie.<\/li>\n\n\n\n<li><strong>R\u00e9volution \u00e9ducative<\/strong>\u00a0: La philosophie de l\u2019\u00e9ducation doit promouvoir des approches syst\u00e9miques qui refl\u00e8tent l\u2019univers \u2013 o\u00f9 tout est reli\u00e9 \u00e0 tout. Il faut abandonner les mod\u00e8les d\u2019enseignement fragment\u00e9s, lin\u00e9aires, comp\u00e9titifs, o\u00f9 l\u2019\u00e9l\u00e8ve est un vase vide, au profit d\u2019une \u00e9ducation comme cl\u00e9 de l\u2019auto-lib\u00e9ration, dans des cercles interg\u00e9n\u00e9rationnels d\u2019apprentissage collaboratif. Chaque enfant, jeune ou enseignant apporte des capacit\u00e9s uniques qui doivent \u00eatre accueillies dans un espace \u00e9ducatif stimulant la cr\u00e9ativit\u00e9 et l\u2019apprentissage mutuel.<\/li>\n\n\n\n<li><strong>S\u2019inspirer de mod\u00e8les africains<\/strong>\u00a0: De nombreux mod\u00e8les exp\u00e9rimentaux d\u2019\u00e9ducation auto-lib\u00e9ratrice existent d\u00e9j\u00e0, en Afrique du Sud, au Maroc, et en Afrique de l\u2019Ouest. Ce qu\u2019il nous faut, c\u2019est la volont\u00e9 d\u2019embrasser ces nouveaut\u00e9s et de les adapter \u00e0 chaque contexte local, par l\u2019apprentissage par la pratique.<\/li>\n<\/ul>\n\n\n\n<hr class=\"wp-block-separator has-alpha-channel-opacity\"\/>\n\n\n\n<p>Souhaitez-vous que je vous propose une version abr\u00e9g\u00e9e ou adapt\u00e9e pour une publication ou un discours ?<\/p>\n\n\n\n<h5 class=\"wp-block-heading\">Vous avez dit&nbsp;:<\/h5>\n\n\n\n<p>non mais mot pour mot, tu fais pas de r\u00e9sum\u00e9<\/p>\n\n\n\n<h6 class=\"wp-block-heading\">ChatGPT a dit&nbsp;:<\/h6>\n\n\n\n<p>Bien compris ! Voici la&nbsp;<strong>traduction mot \u00e0 mot, sans r\u00e9sum\u00e9<\/strong>&nbsp;du texte complet :<\/p>\n\n\n\n<hr class=\"wp-block-separator has-alpha-channel-opacity\"\/>\n\n\n\n<p><strong>Faire Face \u00e0 la R\u00e9alit\u00e9 : L\u2019Opportunit\u00e9 pour l\u2019Humanit\u00e9 de Revenir \u00e0 l\u2019Essence de l\u2019\u00catre Humain<\/strong><\/p>\n\n\n\n<p>La polycrise qui est sur nous est un appel pour que l\u2019humanit\u00e9 revienne \u00e0 l\u2019essence de l\u2019\u00eatre humain : interconnect\u00e9 et interd\u00e9pendant au sein de la toile de la vie.<br>Les syst\u00e8mes socio-\u00e9conomiques et politiques mondiaux actuels nient chacun des \u00e9l\u00e9ments de notre Essence en tant qu\u2019\u00eatres humains.<br>Les syst\u00e8mes actuels sont con\u00e7us pour cr\u00e9er les crises auxquelles nous faisons face. Une richesse obsc\u00e8ne pour le 1 % sup\u00e9rieur et la pauvret\u00e9, l\u2019in\u00e9galit\u00e9 et la mis\u00e8re pour de nombreuses personnes sur cette plan\u00e8te. La Terre M\u00e8re poss\u00e8de suffisamment de ressources pour tous, si seulement nous partagions \u00e9quitablement.<br>Nous avons acc\u00e8s aux connaissances scientifiques les plus r\u00e9centes sur le climat pour nous galvaniser afin de changer nos comportements et prot\u00e9ger les \u00e9cosyst\u00e8mes et la biodiversit\u00e9, mais la connaissance scientifique seule s\u2019est r\u00e9v\u00e9l\u00e9e insuffisante pour d\u00e9clencher le changement comportemental requis.<br>Les incitations du complexe militaro-industriel \u00e0 perp\u00e9tuer le syst\u00e8me actuel sont suffisamment puissantes pour maintenir le syst\u00e8me tel quel. Les conflits et les guerres en cours sont au c\u0153ur du syst\u00e8me qui produit des armes toujours plus l\u00e9tales pour justifier son existence.<\/p>\n\n\n\n<p>Nous devons faire face \u00e0 la r\u00e9alit\u00e9 selon laquelle le syst\u00e8me socio-\u00e9conomique et politique mondial dominant est con\u00e7u pour prosp\u00e9rer gr\u00e2ce au mod\u00e8le extractif du complexe militaro-industriel. Ce mod\u00e8le externalise toute responsabilit\u00e9 de protection du bien-\u00eatre des personnes et de la plan\u00e8te, tout en internalisant des profits de plus en plus \u00e9lev\u00e9s. Plus c\u2019est mieux. Le court-termisme, \u00ab le gagnant rafle tout \u00bb, la pens\u00e9e lin\u00e9aire, et la v\u00e9n\u00e9ration des structures hi\u00e9rarchiques, alimentent ce mod\u00e8le. Le colonialisme et l\u2019esclavage sont les outils logiques issus de ce mod\u00e8le, apparus il y a des si\u00e8cles pour amasser des richesses pour quelques-uns aux d\u00e9pens des nombreux autres et de la M\u00e8re Nature.<br>L\u2019Afrique continue de souffrir de l\u2019h\u00e9ritage du mod\u00e8le colonial extractif bas\u00e9 sur la division pour mieux r\u00e9gner, qui a sap\u00e9 le bien-\u00eatre pour tous pour une plan\u00e8te en bonne sant\u00e9.<\/p>\n\n\n\n<p>L\u2019histoire et la g\u00e9ographie qui ont d\u00e9plac\u00e9 l\u2019Afrique du centre de l\u2019histoire humaine vers les marges doivent \u00eatre affront\u00e9es. L\u2019\u00e9pist\u00e9mologie post-r\u00e9volution industrielle a d\u00e9form\u00e9 l\u2019histoire et la g\u00e9ographie de l\u2019Afrique. Les repr\u00e9sentations de l\u2019Afrique sur Google Maps montrent qu\u2019elle est plusieurs fois plus grande que les cartes conventionnelles : les \u00c9tats-Unis, la Chine, le Japon et l\u2019Inde, pour ne citer qu\u2019eux. Le Continent M\u00e8re n\u2019est pas seulement central dans le monde mais plus grand que les repr\u00e9sentations traditionnelles.<\/p>\n\n\n\n<p>C\u00f4t\u00e9 histoire, George James, un universitaire afro-am\u00e9ricain, a publi\u00e9 en 1954 un livre qu\u2019aucun \u00e9diteur ne voulait publier :&nbsp;<em>Stolen Legacy: Egyptian Origins of Western Philosophy<\/em>. Le livre fournit des preuves de ses revendications selon lesquelles ce que l\u2019on conna\u00eet aujourd\u2019hui comme la \u00ab philosophie grecque \u00bb est une philosophie africaine. Il donne des d\u00e9tails sur la mani\u00e8re dont les anciens \u00e9rudits africains ont enseign\u00e9 aux chercheurs de savoir et de v\u00e9rit\u00e9 grecs, dont Socrate, Platon, Thal\u00e8s et Aristote, qui sont venus en \u00c9gypte pour passer des ann\u00e9es sous la tutelle de sages africains.<br>La place de l\u2019Afrique dans le monde doit \u00eatre restaur\u00e9e en tant que berceau de l\u2019humanit\u00e9, et de la premi\u00e8re civilisation humaine, comme condition pr\u00e9alable pour gu\u00e9rir les blessures de l\u2019h\u00e9ritage vol\u00e9, tant pour l\u2019Afrique que pour les voleurs qui ont vol\u00e9 son histoire.<\/p>\n\n\n\n<p>Restaurer la place de l\u2019Afrique dans le monde permettrait \u00e0 l\u2019humanit\u00e9 de revenir \u00e0 elle-m\u00eame en tant qu\u2019esp\u00e8ce interconnect\u00e9e et interd\u00e9pendante dans la toile de la vie.<br>La sagesse africaine de l\u2019Ubuntu, d\u00e9riv\u00e9e de nos anc\u00eatres communs qui ont b\u00e2ti des civilisations des Grands Lacs jusqu\u2019au delta du Nil sur la mer M\u00e9diterran\u00e9e, nous inspirerait \u00e0 r\u00e9imaginer des futurs plus durables et r\u00e9silients. Il est temps de revendiquer Ubuntu \u2013 notre Essence.<br>Nos anciens anc\u00eatres savaient ce que les scientifiques n\u2019ont confirm\u00e9 que r\u00e9cemment : il n\u2019y a qu\u2019une seule Race \u2013 la Race Humaine. Le racisme, le sexisme, le patriarcat et tous les autres -ismes sont invent\u00e9s pour justifier la discrimination et l\u2019exploitation de ceux que l\u2019on rend \u00ab autres \u00bb.<\/p>\n\n\n\n<hr class=\"wp-block-separator has-alpha-channel-opacity\"\/>\n\n\n\n<p><strong>Que Faire ?<\/strong><br>La reconnaissance est une premi\u00e8re \u00e9tape cruciale pour r\u00e9pondre de mani\u00e8re appropri\u00e9e \u00e0 la r\u00e9alit\u00e9 \u00e0 laquelle nous faisons face.<br>Nous devons reconna\u00eetre notre \u00e9loignement de la sagesse de nos anc\u00eatres communs qui ont appris de la nature et ont v\u00e9cu en harmonie avec elle.<br>Comme l\u2019a dit un leader autochtone australien, Gardien d\u2019Uluru (Ayers Rock) :&nbsp;<em>L\u2019humanit\u00e9 doit redevenir indig\u00e8ne pour apprendre les le\u00e7ons de la nature et vivre en harmonie avec elle.<\/em><\/p>\n\n\n\n<p>Les agendas r\u00e9formistes aux niveaux national et mondial sont des distractions face \u00e0 l\u2019imp\u00e9ratif de transformation syst\u00e9mique de nos syst\u00e8mes socio\u00e9conomiques et politiques. Les domaines suivants nous viennent \u00e0 l\u2019esprit comme les \u00e9tapes urgentes \u00e0 entreprendre :<\/p>\n\n\n\n<ul class=\"wp-block-list\">\n<li>Jeremy Lent, auteur et penseur syst\u00e9mique, nous rappelle : \u00ab Une fois que nous changeons de vision du monde, un autre monde devient possible. \u00bb<br>L\u2019\u00e8re de Ronald Reagan\/Margaret Thatcher a promu le faux r\u00e9cit selon lequel il n\u2019y a pas d\u2019alternative au syst\u00e8me \u00e9conomique n\u00e9olib\u00e9ral extractif. Ils avaient tort. L\u2019humanit\u00e9 a le pouvoir de r\u00e9imaginer de nouvelles visions du monde et de passer de celles qui induisent la polycrise actuelle \u00e0 des visions du monde r\u00e9g\u00e9n\u00e9ratrices, soutenant la vie.<\/li>\n\n\n\n<li>La philosophie \u00e9ducative doit promouvoir des approches syst\u00e9miques qui refl\u00e8tent notre univers, o\u00f9 tout est connect\u00e9 \u00e0 tout le reste.<br>Nous devons passer de mod\u00e8les d\u2019enseignement et d\u2019apprentissage fragment\u00e9s, lin\u00e9aires, comp\u00e9titifs et fond\u00e9s sur le concept du vase vide, \u00e0 une \u00c9ducation comme cl\u00e9 de l\u2019auto-lib\u00e9ration au sein de cercles d\u2019apprentissage et d\u2019enseignement interg\u00e9n\u00e9rationnels et solidaires.<br>Chaque enfant, jeune et enseignant apporte des capacit\u00e9s uniques \u00e0 l\u2019ar\u00e8ne \u00e9ducative, qui doit devenir un espace invitant \u00e0 la cr\u00e9ativit\u00e9 et \u00e0 la volont\u00e9 d\u2019apprendre les uns des autres.<\/li>\n\n\n\n<li>Il existe une multitude de mod\u00e8les exp\u00e9rimentaux d\u2019\u00e9ducation auto-lib\u00e9ratrice en Afrique du Sud, au Maroc et en Afrique de l\u2019Ouest.<br>Ce dont nous avons besoin, c\u2019est de notre volont\u00e9 d\u2019embrasser la nouveaut\u00e9 et de la fa\u00e7onner pour qu\u2019elle devienne appropri\u00e9e au contexte, par l\u2019apprentissage par la pratique.<\/li>\n<\/ul>\n","protected":false},"featured_media":22812,"template":"","cat-theme":[68],"cat-axe":[],"class_list":["post-22811","blog","type-blog","status-publish","has-post-thumbnail","hentry","cat-theme-social-demographie"],"acf":[],"yoast_head":"<!-- This site is optimized with the Yoast SEO plugin v26.5 - https:\/\/yoast.com\/wordpress\/plugins\/seo\/ -->\n<title>Faire Face \u00e0 la R\u00e9alit\u00e9 : L\u2019Opportunit\u00e9 pour l\u2019Humanit\u00e9 de Revenir \u00e0 l\u2019Essence de l\u2019\u00catre Humain - Les Rencontres \u00c9conomiques<\/title>\n<meta name=\"robots\" content=\"index, follow, max-snippet:-1, max-image-preview:large, max-video-preview:-1\" \/>\n<link rel=\"canonical\" href=\"https:\/\/www.lesrencontreseconomiques.fr\/debats-idees\/faire-face-a-la-realite-lopportunite-pour-lhumanite-de-revenir-a-lessence-de-letre-humain\/\" \/>\n<meta property=\"og:locale\" content=\"fr_FR\" \/>\n<meta property=\"og:type\" content=\"article\" \/>\n<meta property=\"og:description\" content=\"La polycrise actuelle est un appel pour que l\u2019humanit\u00e9 revienne \u00e0 l\u2019essence de ce que signifie \u00eatre humain : interconnect\u00e9 et interd\u00e9pendant dans la toile du vivant. Les syst\u00e8mes socio-\u00e9conomiques et politiques mondiaux actuels nient chacun des \u00e9l\u00e9ments fondamentaux de notre Essence en tant qu\u2019\u00eatres humains. Ces syst\u00e8mes sont con\u00e7us pour g\u00e9n\u00e9rer les crises auxquelles [&hellip;]\" \/>\n<meta property=\"og:url\" content=\"https:\/\/www.lesrencontreseconomiques.fr\/debats-idees\/faire-face-a-la-realite-lopportunite-pour-lhumanite-de-revenir-a-lessence-de-letre-humain\/\" \/>\n<meta property=\"og:site_name\" content=\"Les Rencontres \u00c9conomiques\" \/>\n<meta property=\"article:publisher\" content=\"https:\/\/www.facebook.com\/Le.Cercle.des.Economistes\/\" \/>\n<meta property=\"article:modified_time\" content=\"2025-07-03T12:28:13+00:00\" \/>\n<meta property=\"og:image\" content=\"https:\/\/www.lesrencontreseconomiques.fr\/wp-content\/uploads\/2025\/07\/AdobeStock_886162688.jpeg\" \/>\n\t<meta property=\"og:image:width\" content=\"1600\" \/>\n\t<meta property=\"og:image:height\" content=\"897\" \/>\n\t<meta property=\"og:image:type\" content=\"image\/jpeg\" \/>\n<meta name=\"twitter:card\" content=\"summary_large_image\" \/>\n<meta name=\"twitter:site\" content=\"@Cercle_eco\" \/>\n<meta name=\"twitter:label1\" content=\"Dur\u00e9e de lecture estim\u00e9e\" \/>\n\t<meta name=\"twitter:data1\" content=\"11 minutes\" \/>\n<script type=\"application\/ld+json\" class=\"yoast-schema-graph\">{\"@context\":\"https:\/\/schema.org\",\"@graph\":[{\"@type\":\"WebPage\",\"@id\":\"https:\/\/www.lesrencontreseconomiques.fr\/debats-idees\/faire-face-a-la-realite-lopportunite-pour-lhumanite-de-revenir-a-lessence-de-letre-humain\/\",\"url\":\"https:\/\/www.lesrencontreseconomiques.fr\/debats-idees\/faire-face-a-la-realite-lopportunite-pour-lhumanite-de-revenir-a-lessence-de-letre-humain\/\",\"name\":\"Faire Face \u00e0 la R\u00e9alit\u00e9 : L\u2019Opportunit\u00e9 pour l\u2019Humanit\u00e9 de Revenir \u00e0 l\u2019Essence de l\u2019\u00catre Humain - Les Rencontres \u00c9conomiques\",\"isPartOf\":{\"@id\":\"https:\/\/www.lesrencontreseconomiques.fr\/#website\"},\"primaryImageOfPage\":{\"@id\":\"https:\/\/www.lesrencontreseconomiques.fr\/debats-idees\/faire-face-a-la-realite-lopportunite-pour-lhumanite-de-revenir-a-lessence-de-letre-humain\/#primaryimage\"},\"image\":{\"@id\":\"https:\/\/www.lesrencontreseconomiques.fr\/debats-idees\/faire-face-a-la-realite-lopportunite-pour-lhumanite-de-revenir-a-lessence-de-letre-humain\/#primaryimage\"},\"thumbnailUrl\":\"https:\/\/www.lesrencontreseconomiques.fr\/wp-content\/uploads\/2025\/07\/AdobeStock_886162688.jpeg\",\"datePublished\":\"2025-07-03T12:28:11+00:00\",\"dateModified\":\"2025-07-03T12:28:13+00:00\",\"breadcrumb\":{\"@id\":\"https:\/\/www.lesrencontreseconomiques.fr\/debats-idees\/faire-face-a-la-realite-lopportunite-pour-lhumanite-de-revenir-a-lessence-de-letre-humain\/#breadcrumb\"},\"inLanguage\":\"fr-FR\",\"potentialAction\":[{\"@type\":\"ReadAction\",\"target\":[\"https:\/\/www.lesrencontreseconomiques.fr\/debats-idees\/faire-face-a-la-realite-lopportunite-pour-lhumanite-de-revenir-a-lessence-de-letre-humain\/\"]}]},{\"@type\":\"ImageObject\",\"inLanguage\":\"fr-FR\",\"@id\":\"https:\/\/www.lesrencontreseconomiques.fr\/debats-idees\/faire-face-a-la-realite-lopportunite-pour-lhumanite-de-revenir-a-lessence-de-letre-humain\/#primaryimage\",\"url\":\"https:\/\/www.lesrencontreseconomiques.fr\/wp-content\/uploads\/2025\/07\/AdobeStock_886162688.jpeg\",\"contentUrl\":\"https:\/\/www.lesrencontreseconomiques.fr\/wp-content\/uploads\/2025\/07\/AdobeStock_886162688.jpeg\",\"width\":1600,\"height\":897},{\"@type\":\"BreadcrumbList\",\"@id\":\"https:\/\/www.lesrencontreseconomiques.fr\/debats-idees\/faire-face-a-la-realite-lopportunite-pour-lhumanite-de-revenir-a-lessence-de-letre-humain\/#breadcrumb\",\"itemListElement\":[{\"@type\":\"ListItem\",\"position\":1,\"name\":\"Accueil\",\"item\":\"https:\/\/www.lesrencontreseconomiques.fr\/\"},{\"@type\":\"ListItem\",\"position\":2,\"name\":\"D\u00e9bats & Id\u00e9es\",\"item\":\"https:\/\/www.lesrencontreseconomiques.fr\/debats-idees\/\"},{\"@type\":\"ListItem\",\"position\":3,\"name\":\"Faire Face \u00e0 la R\u00e9alit\u00e9 : L\u2019Opportunit\u00e9 pour l\u2019Humanit\u00e9 de Revenir \u00e0 l\u2019Essence de l\u2019\u00catre Humain\"}]},{\"@type\":\"WebSite\",\"@id\":\"https:\/\/www.lesrencontreseconomiques.fr\/#website\",\"url\":\"https:\/\/www.lesrencontreseconomiques.fr\/\",\"name\":\"Les Rencontres \u00c9conomiques\",\"description\":\"\",\"potentialAction\":[{\"@type\":\"SearchAction\",\"target\":{\"@type\":\"EntryPoint\",\"urlTemplate\":\"https:\/\/www.lesrencontreseconomiques.fr\/?s={search_term_string}\"},\"query-input\":{\"@type\":\"PropertyValueSpecification\",\"valueRequired\":true,\"valueName\":\"search_term_string\"}}],\"inLanguage\":\"fr-FR\"}]}<\/script>\n<!-- \/ Yoast SEO plugin. -->","yoast_head_json":{"title":"Faire Face \u00e0 la R\u00e9alit\u00e9 : L\u2019Opportunit\u00e9 pour l\u2019Humanit\u00e9 de Revenir \u00e0 l\u2019Essence de l\u2019\u00catre Humain - Les Rencontres \u00c9conomiques","robots":{"index":"index","follow":"follow","max-snippet":"max-snippet:-1","max-image-preview":"max-image-preview:large","max-video-preview":"max-video-preview:-1"},"canonical":"https:\/\/www.lesrencontreseconomiques.fr\/debats-idees\/faire-face-a-la-realite-lopportunite-pour-lhumanite-de-revenir-a-lessence-de-letre-humain\/","og_locale":"fr_FR","og_type":"article","og_description":"La polycrise actuelle est un appel pour que l\u2019humanit\u00e9 revienne \u00e0 l\u2019essence de ce que signifie \u00eatre humain : interconnect\u00e9 et interd\u00e9pendant dans la toile du vivant. Les syst\u00e8mes socio-\u00e9conomiques et politiques mondiaux actuels nient chacun des \u00e9l\u00e9ments fondamentaux de notre Essence en tant qu\u2019\u00eatres humains. Ces syst\u00e8mes sont con\u00e7us pour g\u00e9n\u00e9rer les crises auxquelles [&hellip;]","og_url":"https:\/\/www.lesrencontreseconomiques.fr\/debats-idees\/faire-face-a-la-realite-lopportunite-pour-lhumanite-de-revenir-a-lessence-de-letre-humain\/","og_site_name":"Les Rencontres \u00c9conomiques","article_publisher":"https:\/\/www.facebook.com\/Le.Cercle.des.Economistes\/","article_modified_time":"2025-07-03T12:28:13+00:00","og_image":[{"width":1600,"height":897,"url":"https:\/\/www.lesrencontreseconomiques.fr\/wp-content\/uploads\/2025\/07\/AdobeStock_886162688.jpeg","type":"image\/jpeg"}],"twitter_card":"summary_large_image","twitter_site":"@Cercle_eco","twitter_misc":{"Dur\u00e9e de lecture estim\u00e9e":"11 minutes"},"schema":{"@context":"https:\/\/schema.org","@graph":[{"@type":"WebPage","@id":"https:\/\/www.lesrencontreseconomiques.fr\/debats-idees\/faire-face-a-la-realite-lopportunite-pour-lhumanite-de-revenir-a-lessence-de-letre-humain\/","url":"https:\/\/www.lesrencontreseconomiques.fr\/debats-idees\/faire-face-a-la-realite-lopportunite-pour-lhumanite-de-revenir-a-lessence-de-letre-humain\/","name":"Faire Face \u00e0 la R\u00e9alit\u00e9 : L\u2019Opportunit\u00e9 pour l\u2019Humanit\u00e9 de Revenir \u00e0 l\u2019Essence de l\u2019\u00catre Humain - Les Rencontres \u00c9conomiques","isPartOf":{"@id":"https:\/\/www.lesrencontreseconomiques.fr\/#website"},"primaryImageOfPage":{"@id":"https:\/\/www.lesrencontreseconomiques.fr\/debats-idees\/faire-face-a-la-realite-lopportunite-pour-lhumanite-de-revenir-a-lessence-de-letre-humain\/#primaryimage"},"image":{"@id":"https:\/\/www.lesrencontreseconomiques.fr\/debats-idees\/faire-face-a-la-realite-lopportunite-pour-lhumanite-de-revenir-a-lessence-de-letre-humain\/#primaryimage"},"thumbnailUrl":"https:\/\/www.lesrencontreseconomiques.fr\/wp-content\/uploads\/2025\/07\/AdobeStock_886162688.jpeg","datePublished":"2025-07-03T12:28:11+00:00","dateModified":"2025-07-03T12:28:13+00:00","breadcrumb":{"@id":"https:\/\/www.lesrencontreseconomiques.fr\/debats-idees\/faire-face-a-la-realite-lopportunite-pour-lhumanite-de-revenir-a-lessence-de-letre-humain\/#breadcrumb"},"inLanguage":"fr-FR","potentialAction":[{"@type":"ReadAction","target":["https:\/\/www.lesrencontreseconomiques.fr\/debats-idees\/faire-face-a-la-realite-lopportunite-pour-lhumanite-de-revenir-a-lessence-de-letre-humain\/"]}]},{"@type":"ImageObject","inLanguage":"fr-FR","@id":"https:\/\/www.lesrencontreseconomiques.fr\/debats-idees\/faire-face-a-la-realite-lopportunite-pour-lhumanite-de-revenir-a-lessence-de-letre-humain\/#primaryimage","url":"https:\/\/www.lesrencontreseconomiques.fr\/wp-content\/uploads\/2025\/07\/AdobeStock_886162688.jpeg","contentUrl":"https:\/\/www.lesrencontreseconomiques.fr\/wp-content\/uploads\/2025\/07\/AdobeStock_886162688.jpeg","width":1600,"height":897},{"@type":"BreadcrumbList","@id":"https:\/\/www.lesrencontreseconomiques.fr\/debats-idees\/faire-face-a-la-realite-lopportunite-pour-lhumanite-de-revenir-a-lessence-de-letre-humain\/#breadcrumb","itemListElement":[{"@type":"ListItem","position":1,"name":"Accueil","item":"https:\/\/www.lesrencontreseconomiques.fr\/"},{"@type":"ListItem","position":2,"name":"D\u00e9bats & Id\u00e9es","item":"https:\/\/www.lesrencontreseconomiques.fr\/debats-idees\/"},{"@type":"ListItem","position":3,"name":"Faire Face \u00e0 la R\u00e9alit\u00e9 : L\u2019Opportunit\u00e9 pour l\u2019Humanit\u00e9 de Revenir \u00e0 l\u2019Essence de l\u2019\u00catre Humain"}]},{"@type":"WebSite","@id":"https:\/\/www.lesrencontreseconomiques.fr\/#website","url":"https:\/\/www.lesrencontreseconomiques.fr\/","name":"Les Rencontres \u00c9conomiques","description":"","potentialAction":[{"@type":"SearchAction","target":{"@type":"EntryPoint","urlTemplate":"https:\/\/www.lesrencontreseconomiques.fr\/?s={search_term_string}"},"query-input":{"@type":"PropertyValueSpecification","valueRequired":true,"valueName":"search_term_string"}}],"inLanguage":"fr-FR"}]}},"_links":{"self":[{"href":"https:\/\/www.lesrencontreseconomiques.fr\/wp-json\/wp\/v2\/blog\/22811","targetHints":{"allow":["GET"]}}],"collection":[{"href":"https:\/\/www.lesrencontreseconomiques.fr\/wp-json\/wp\/v2\/blog"}],"about":[{"href":"https:\/\/www.lesrencontreseconomiques.fr\/wp-json\/wp\/v2\/types\/blog"}],"wp:featuredmedia":[{"embeddable":true,"href":"https:\/\/www.lesrencontreseconomiques.fr\/wp-json\/wp\/v2\/media\/22812"}],"wp:attachment":[{"href":"https:\/\/www.lesrencontreseconomiques.fr\/wp-json\/wp\/v2\/media?parent=22811"}],"wp:term":[{"taxonomy":"cat-theme","embeddable":true,"href":"https:\/\/www.lesrencontreseconomiques.fr\/wp-json\/wp\/v2\/cat-theme?post=22811"},{"taxonomy":"cat-axe","embeddable":true,"href":"https:\/\/www.lesrencontreseconomiques.fr\/wp-json\/wp\/v2\/cat-axe?post=22811"}],"curies":[{"name":"wp","href":"https:\/\/api.w.org\/{rel}","templated":true}]}}