{"id":22782,"date":"2025-07-03T08:51:11","date_gmt":"2025-07-03T06:51:11","guid":{"rendered":"https:\/\/www.lesrencontreseconomiques.fr\/?post_type=blog&#038;p=22782"},"modified":"2025-07-03T08:53:47","modified_gmt":"2025-07-03T06:53:47","slug":"ascenseur-social-ascenseur-economique-panne-generale-et-repli-sur-soi","status":"publish","type":"blog","link":"https:\/\/www.lesrencontreseconomiques.fr\/debats-idees\/ascenseur-social-ascenseur-economique-panne-generale-et-repli-sur-soi\/","title":{"rendered":"Ascenseur social, ascenseur \u00e9conomique, panne g\u00e9n\u00e9rale et repli sur soi\u00a0?\u00a0"},"content":{"rendered":"\n<p>Ecrite pas Samuel Jequier<\/p>\n\n\n\n<p><strong><em><u>Un constat&nbsp;: l\u2019\u00e9co(nomie)-anxi\u00e9t\u00e9<\/u><\/em><\/strong><\/p>\n\n\n\n<p>Sujet du bac philo de cette ann\u00e9e, la notion de progr\u00e8s est, dans l\u2019imaginaire collectif, associ\u00e9e \u00e0 l\u2019am\u00e9lioration des conditions humaines et \u00e9rig\u00e9e comme un but en soi. Si le vocable du progr\u00e8s est investi et r\u00e9investi par le politique, les \u00e9tudes d\u2019opinions interrogent r\u00e9guli\u00e8rement les repr\u00e9sentations des Fran\u00e7ais. Leur analyse permet d\u2019identifier le progr\u00e8s comme une notion charg\u00e9e d\u2019\u00e9vocations positives en lien avec innovation et mieux-vivre, tout en illustrant l\u2019\u00e9mergence de tensions, notamment entre progr\u00e8s social et technologique. G\u00e9n\u00e9ralement moins investigu\u00e9e, la question du progr\u00e8s \u00e9conomique est au c\u0153ur de la derni\u00e8re \u00e9tude de l\u2019Institut Bona fid\u00e9 pour&nbsp;<em>Mermoz<\/em>, la revue du Cercle des \u00e9conomistes. Et elle met \u00e0 jour un enseignement majeur&nbsp;: le progr\u00e8s reste souhaitable, \u00e0 condition qu\u2019il soit \u00e0 port\u00e9e de main, ce qui aux yeux des Fran\u00e7ais, est loin d\u2019\u00eatre le cas.&nbsp;<\/p>\n\n\n\n<p>En effet, la notion de l\u2019accessibilit\u00e9 au progr\u00e8s est largement questionn\u00e9e par l\u2019opinion, et l\u2019ascenseur social est loin d\u2019\u00eatre le seul en panne. Bien que diverses typologies de progr\u00e8s aient \u00e9t\u00e9 test\u00e9es (m\u00e9dical, technologique, environnemental, social et \u00e9conomique), la mention \u00ab&nbsp;accessible \u00e0 tous&nbsp;\u00bb ne recueille aucun taux sup\u00e9rieur \u00e0 50%. Le sentiment que le progr\u00e8s est \u00ab&nbsp;r\u00e9serv\u00e9 \u00e0 une majorit\u00e9&nbsp;\u00bb est largement dominant, notamment pour ce qui est du progr\u00e8s \u00e9conomique. Ce dernier occupe ainsi un espace particulier dans l\u2019opinion puisqu\u2019il n\u2019est per\u00e7u comme accessible \u00e0 tous que par 26% de Fran\u00e7ais, quand les autres oscillent entre 41% et 46%. Si les Fran\u00e7ais sont davantage pr\u00e9occup\u00e9s par le champ \u00e9conomique c\u2019est peut-\u00eatre parce qu\u2019il est la synth\u00e8se de tous les autres types de progr\u00e8s. Il est \u00e9galement port\u00e9 par un contexte de crise prot\u00e9iforme&nbsp;: inflation, tensions budg\u00e9taires, d\u00e9ficit public, ch\u00f4mage, autant de&nbsp;facteurs qui alimentent un sentiment de d\u00e9classement, et plus globalement d\u2019\u00e9co(nomie)-anxi\u00e9t\u00e9.&nbsp;<\/p>\n\n\n\n<p>Ce constat d\u2019une opinion enclav\u00e9e \u00e9conomiquement est le sympt\u00f4me d\u2019une projection pessimiste des Fran\u00e7ais dans un avenir incertain r\u00e9activant un r\u00e9flexe de repli.&nbsp;<\/p>\n\n\n\n<p><strong><em><u>Une r\u00e9action&nbsp;: le retour du protectionnisme dans l\u2019opinion<\/u><\/em><\/strong><\/p>\n\n\n\n<p>Ce r\u00e9flexe de repli se manifeste par une recrudescence de la posture protectionniste dans l\u2019opinion. Alors que la France, au cours de son histoire, a oscill\u00e9 entre libre -\u00e9change et protectionnisme, les offensives douani\u00e8res de Donald Trump ont termin\u00e9 de convaincre l\u2019opinion&nbsp;: 65% des Fran\u00e7ais se positionnent en faveur d\u2019une Europe protectionniste \u00e0 l\u2019avenir.&nbsp;<\/p>\n\n\n\n<p>Pendant que l\u2019Union Europ\u00e9enne n\u00e9gocie des accords de libre-\u00e9changes avec le Mercosur, l\u2019opinion publique se cristallise autour d\u2019une anxi\u00e9t\u00e9 pour son int\u00e9grit\u00e9 \u00e9conomique et valorise la riposte par mim\u00e9tisme. Il faut dire que la crise du Covid avait d\u00e9j\u00e0 pr\u00e9par\u00e9 le terrain. Les difficult\u00e9s de production du mat\u00e9riel sanitaire avaient r\u00e9actualis\u00e9 le d\u00e9bat de la souverainet\u00e9 industrielle et pl\u00e9biscit\u00e9 le principe de r\u00e9industrialisation du pays.&nbsp;<\/p>\n\n\n\n<p>Ces questions de souverainet\u00e9 et de bien-\u00eatre \u00e9conomique voient se d\u00e9gager une classe moyenne d\u00e9senchant\u00e9e, particuli\u00e8rement sensible aux difficult\u00e9s et d\u00e9sireuse de protectionnisme. Avec 82% des professions interm\u00e9diaires (contre 74% chez l\u2019ensemble des Fran\u00e7ais) qui pensent que le progr\u00e8s \u00e9conomique ne leur est pas accessible, la r\u00e9action \u00e0 l\u2019\u00e9gard d\u2019un nouveau danger est plus vive&nbsp;: 72% des Fran\u00e7ais dont les revenus mensuels par foyer sont de 2 500 \u00e0 4 000\u20ac remettent en question le principe de libre-\u00e9change. S\u2019\u00e9tablit alors une corr\u00e9lation claire entre \u00e9co(nomie)-anxi\u00e9t\u00e9 et repli sur soi.<\/p>\n\n\n\n<p>Ce rapport des Fran\u00e7ais \u00e0 l\u2019\u00e9conomie, teint\u00e9 de questionnements et d\u2019incertitudes, rejoint une autre voie de r\u00e9flexion \u00e9tudi\u00e9e dans ce num\u00e9ro sp\u00e9cial des Rencontres \u00e9conomiques d\u2019Aix-en-Provence&nbsp;: l\u2019\u00e9conomie est-elle encore utile&nbsp;?<\/p>\n","protected":false},"featured_media":22784,"template":"","cat-theme":[68],"cat-axe":[],"class_list":["post-22782","blog","type-blog","status-publish","has-post-thumbnail","hentry","cat-theme-social-demographie"],"acf":[],"yoast_head":"<!-- This site is optimized with the Yoast SEO plugin v26.5 - https:\/\/yoast.com\/wordpress\/plugins\/seo\/ -->\n<title>Ascenseur social, ascenseur \u00e9conomique, panne g\u00e9n\u00e9rale et repli sur soi\u00a0?\u00a0 - Les Rencontres \u00c9conomiques<\/title>\n<meta name=\"robots\" content=\"index, follow, max-snippet:-1, max-image-preview:large, max-video-preview:-1\" \/>\n<link rel=\"canonical\" href=\"https:\/\/www.lesrencontreseconomiques.fr\/debats-idees\/ascenseur-social-ascenseur-economique-panne-generale-et-repli-sur-soi\/\" \/>\n<meta property=\"og:locale\" content=\"fr_FR\" \/>\n<meta property=\"og:type\" content=\"article\" \/>\n<meta property=\"og:description\" content=\"Ecrite pas Samuel Jequier Un constat&nbsp;: l\u2019\u00e9co(nomie)-anxi\u00e9t\u00e9 Sujet du bac philo de cette ann\u00e9e, la notion de progr\u00e8s est, dans l\u2019imaginaire collectif, associ\u00e9e \u00e0 l\u2019am\u00e9lioration des conditions humaines et \u00e9rig\u00e9e comme un but en soi. Si le vocable du progr\u00e8s est investi et r\u00e9investi par le politique, les \u00e9tudes d\u2019opinions interrogent r\u00e9guli\u00e8rement les repr\u00e9sentations des [&hellip;]\" \/>\n<meta property=\"og:url\" content=\"https:\/\/www.lesrencontreseconomiques.fr\/debats-idees\/ascenseur-social-ascenseur-economique-panne-generale-et-repli-sur-soi\/\" \/>\n<meta property=\"og:site_name\" content=\"Les Rencontres \u00c9conomiques\" \/>\n<meta property=\"article:publisher\" content=\"https:\/\/www.facebook.com\/Le.Cercle.des.Economistes\/\" \/>\n<meta property=\"article:modified_time\" content=\"2025-07-03T06:53:47+00:00\" \/>\n<meta property=\"og:image\" content=\"https:\/\/www.lesrencontreseconomiques.fr\/wp-content\/uploads\/2025\/07\/CERCLE-ECO_mermoz-7-couv.png\" \/>\n\t<meta property=\"og:image:width\" content=\"794\" \/>\n\t<meta property=\"og:image:height\" content=\"1123\" \/>\n\t<meta property=\"og:image:type\" content=\"image\/png\" \/>\n<meta name=\"twitter:card\" content=\"summary_large_image\" \/>\n<meta name=\"twitter:site\" content=\"@Cercle_eco\" \/>\n<meta name=\"twitter:label1\" content=\"Dur\u00e9e de lecture estim\u00e9e\" \/>\n\t<meta name=\"twitter:data1\" content=\"4 minutes\" \/>\n<script type=\"application\/ld+json\" class=\"yoast-schema-graph\">{\"@context\":\"https:\/\/schema.org\",\"@graph\":[{\"@type\":\"WebPage\",\"@id\":\"https:\/\/www.lesrencontreseconomiques.fr\/debats-idees\/ascenseur-social-ascenseur-economique-panne-generale-et-repli-sur-soi\/\",\"url\":\"https:\/\/www.lesrencontreseconomiques.fr\/debats-idees\/ascenseur-social-ascenseur-economique-panne-generale-et-repli-sur-soi\/\",\"name\":\"Ascenseur social, ascenseur \u00e9conomique, panne g\u00e9n\u00e9rale et repli sur soi\u00a0?\u00a0 - Les Rencontres \u00c9conomiques\",\"isPartOf\":{\"@id\":\"https:\/\/www.lesrencontreseconomiques.fr\/#website\"},\"primaryImageOfPage\":{\"@id\":\"https:\/\/www.lesrencontreseconomiques.fr\/debats-idees\/ascenseur-social-ascenseur-economique-panne-generale-et-repli-sur-soi\/#primaryimage\"},\"image\":{\"@id\":\"https:\/\/www.lesrencontreseconomiques.fr\/debats-idees\/ascenseur-social-ascenseur-economique-panne-generale-et-repli-sur-soi\/#primaryimage\"},\"thumbnailUrl\":\"https:\/\/www.lesrencontreseconomiques.fr\/wp-content\/uploads\/2025\/07\/CERCLE-ECO_mermoz-7-couv.png\",\"datePublished\":\"2025-07-03T06:51:11+00:00\",\"dateModified\":\"2025-07-03T06:53:47+00:00\",\"breadcrumb\":{\"@id\":\"https:\/\/www.lesrencontreseconomiques.fr\/debats-idees\/ascenseur-social-ascenseur-economique-panne-generale-et-repli-sur-soi\/#breadcrumb\"},\"inLanguage\":\"fr-FR\",\"potentialAction\":[{\"@type\":\"ReadAction\",\"target\":[\"https:\/\/www.lesrencontreseconomiques.fr\/debats-idees\/ascenseur-social-ascenseur-economique-panne-generale-et-repli-sur-soi\/\"]}]},{\"@type\":\"ImageObject\",\"inLanguage\":\"fr-FR\",\"@id\":\"https:\/\/www.lesrencontreseconomiques.fr\/debats-idees\/ascenseur-social-ascenseur-economique-panne-generale-et-repli-sur-soi\/#primaryimage\",\"url\":\"https:\/\/www.lesrencontreseconomiques.fr\/wp-content\/uploads\/2025\/07\/CERCLE-ECO_mermoz-7-couv.png\",\"contentUrl\":\"https:\/\/www.lesrencontreseconomiques.fr\/wp-content\/uploads\/2025\/07\/CERCLE-ECO_mermoz-7-couv.png\",\"width\":794,\"height\":1123},{\"@type\":\"BreadcrumbList\",\"@id\":\"https:\/\/www.lesrencontreseconomiques.fr\/debats-idees\/ascenseur-social-ascenseur-economique-panne-generale-et-repli-sur-soi\/#breadcrumb\",\"itemListElement\":[{\"@type\":\"ListItem\",\"position\":1,\"name\":\"Accueil\",\"item\":\"https:\/\/www.lesrencontreseconomiques.fr\/\"},{\"@type\":\"ListItem\",\"position\":2,\"name\":\"D\u00e9bats & Id\u00e9es\",\"item\":\"https:\/\/www.lesrencontreseconomiques.fr\/debats-idees\/\"},{\"@type\":\"ListItem\",\"position\":3,\"name\":\"Ascenseur social, ascenseur \u00e9conomique, panne g\u00e9n\u00e9rale et repli sur soi\u00a0?\u00a0\"}]},{\"@type\":\"WebSite\",\"@id\":\"https:\/\/www.lesrencontreseconomiques.fr\/#website\",\"url\":\"https:\/\/www.lesrencontreseconomiques.fr\/\",\"name\":\"Les Rencontres \u00c9conomiques\",\"description\":\"\",\"potentialAction\":[{\"@type\":\"SearchAction\",\"target\":{\"@type\":\"EntryPoint\",\"urlTemplate\":\"https:\/\/www.lesrencontreseconomiques.fr\/?s={search_term_string}\"},\"query-input\":{\"@type\":\"PropertyValueSpecification\",\"valueRequired\":true,\"valueName\":\"search_term_string\"}}],\"inLanguage\":\"fr-FR\"}]}<\/script>\n<!-- \/ Yoast SEO plugin. -->","yoast_head_json":{"title":"Ascenseur social, ascenseur \u00e9conomique, panne g\u00e9n\u00e9rale et repli sur soi\u00a0?\u00a0 - Les Rencontres \u00c9conomiques","robots":{"index":"index","follow":"follow","max-snippet":"max-snippet:-1","max-image-preview":"max-image-preview:large","max-video-preview":"max-video-preview:-1"},"canonical":"https:\/\/www.lesrencontreseconomiques.fr\/debats-idees\/ascenseur-social-ascenseur-economique-panne-generale-et-repli-sur-soi\/","og_locale":"fr_FR","og_type":"article","og_description":"Ecrite pas Samuel Jequier Un constat&nbsp;: l\u2019\u00e9co(nomie)-anxi\u00e9t\u00e9 Sujet du bac philo de cette ann\u00e9e, la notion de progr\u00e8s est, dans l\u2019imaginaire collectif, associ\u00e9e \u00e0 l\u2019am\u00e9lioration des conditions humaines et \u00e9rig\u00e9e comme un but en soi. Si le vocable du progr\u00e8s est investi et r\u00e9investi par le politique, les \u00e9tudes d\u2019opinions interrogent r\u00e9guli\u00e8rement les repr\u00e9sentations des [&hellip;]","og_url":"https:\/\/www.lesrencontreseconomiques.fr\/debats-idees\/ascenseur-social-ascenseur-economique-panne-generale-et-repli-sur-soi\/","og_site_name":"Les Rencontres \u00c9conomiques","article_publisher":"https:\/\/www.facebook.com\/Le.Cercle.des.Economistes\/","article_modified_time":"2025-07-03T06:53:47+00:00","og_image":[{"width":794,"height":1123,"url":"https:\/\/www.lesrencontreseconomiques.fr\/wp-content\/uploads\/2025\/07\/CERCLE-ECO_mermoz-7-couv.png","type":"image\/png"}],"twitter_card":"summary_large_image","twitter_site":"@Cercle_eco","twitter_misc":{"Dur\u00e9e de lecture estim\u00e9e":"4 minutes"},"schema":{"@context":"https:\/\/schema.org","@graph":[{"@type":"WebPage","@id":"https:\/\/www.lesrencontreseconomiques.fr\/debats-idees\/ascenseur-social-ascenseur-economique-panne-generale-et-repli-sur-soi\/","url":"https:\/\/www.lesrencontreseconomiques.fr\/debats-idees\/ascenseur-social-ascenseur-economique-panne-generale-et-repli-sur-soi\/","name":"Ascenseur social, ascenseur \u00e9conomique, panne g\u00e9n\u00e9rale et repli sur soi\u00a0?\u00a0 - Les Rencontres \u00c9conomiques","isPartOf":{"@id":"https:\/\/www.lesrencontreseconomiques.fr\/#website"},"primaryImageOfPage":{"@id":"https:\/\/www.lesrencontreseconomiques.fr\/debats-idees\/ascenseur-social-ascenseur-economique-panne-generale-et-repli-sur-soi\/#primaryimage"},"image":{"@id":"https:\/\/www.lesrencontreseconomiques.fr\/debats-idees\/ascenseur-social-ascenseur-economique-panne-generale-et-repli-sur-soi\/#primaryimage"},"thumbnailUrl":"https:\/\/www.lesrencontreseconomiques.fr\/wp-content\/uploads\/2025\/07\/CERCLE-ECO_mermoz-7-couv.png","datePublished":"2025-07-03T06:51:11+00:00","dateModified":"2025-07-03T06:53:47+00:00","breadcrumb":{"@id":"https:\/\/www.lesrencontreseconomiques.fr\/debats-idees\/ascenseur-social-ascenseur-economique-panne-generale-et-repli-sur-soi\/#breadcrumb"},"inLanguage":"fr-FR","potentialAction":[{"@type":"ReadAction","target":["https:\/\/www.lesrencontreseconomiques.fr\/debats-idees\/ascenseur-social-ascenseur-economique-panne-generale-et-repli-sur-soi\/"]}]},{"@type":"ImageObject","inLanguage":"fr-FR","@id":"https:\/\/www.lesrencontreseconomiques.fr\/debats-idees\/ascenseur-social-ascenseur-economique-panne-generale-et-repli-sur-soi\/#primaryimage","url":"https:\/\/www.lesrencontreseconomiques.fr\/wp-content\/uploads\/2025\/07\/CERCLE-ECO_mermoz-7-couv.png","contentUrl":"https:\/\/www.lesrencontreseconomiques.fr\/wp-content\/uploads\/2025\/07\/CERCLE-ECO_mermoz-7-couv.png","width":794,"height":1123},{"@type":"BreadcrumbList","@id":"https:\/\/www.lesrencontreseconomiques.fr\/debats-idees\/ascenseur-social-ascenseur-economique-panne-generale-et-repli-sur-soi\/#breadcrumb","itemListElement":[{"@type":"ListItem","position":1,"name":"Accueil","item":"https:\/\/www.lesrencontreseconomiques.fr\/"},{"@type":"ListItem","position":2,"name":"D\u00e9bats & Id\u00e9es","item":"https:\/\/www.lesrencontreseconomiques.fr\/debats-idees\/"},{"@type":"ListItem","position":3,"name":"Ascenseur social, ascenseur \u00e9conomique, panne g\u00e9n\u00e9rale et repli sur soi\u00a0?\u00a0"}]},{"@type":"WebSite","@id":"https:\/\/www.lesrencontreseconomiques.fr\/#website","url":"https:\/\/www.lesrencontreseconomiques.fr\/","name":"Les Rencontres \u00c9conomiques","description":"","potentialAction":[{"@type":"SearchAction","target":{"@type":"EntryPoint","urlTemplate":"https:\/\/www.lesrencontreseconomiques.fr\/?s={search_term_string}"},"query-input":{"@type":"PropertyValueSpecification","valueRequired":true,"valueName":"search_term_string"}}],"inLanguage":"fr-FR"}]}},"_links":{"self":[{"href":"https:\/\/www.lesrencontreseconomiques.fr\/wp-json\/wp\/v2\/blog\/22782","targetHints":{"allow":["GET"]}}],"collection":[{"href":"https:\/\/www.lesrencontreseconomiques.fr\/wp-json\/wp\/v2\/blog"}],"about":[{"href":"https:\/\/www.lesrencontreseconomiques.fr\/wp-json\/wp\/v2\/types\/blog"}],"wp:featuredmedia":[{"embeddable":true,"href":"https:\/\/www.lesrencontreseconomiques.fr\/wp-json\/wp\/v2\/media\/22784"}],"wp:attachment":[{"href":"https:\/\/www.lesrencontreseconomiques.fr\/wp-json\/wp\/v2\/media?parent=22782"}],"wp:term":[{"taxonomy":"cat-theme","embeddable":true,"href":"https:\/\/www.lesrencontreseconomiques.fr\/wp-json\/wp\/v2\/cat-theme?post=22782"},{"taxonomy":"cat-axe","embeddable":true,"href":"https:\/\/www.lesrencontreseconomiques.fr\/wp-json\/wp\/v2\/cat-axe?post=22782"}],"curies":[{"name":"wp","href":"https:\/\/api.w.org\/{rel}","templated":true}]}}