{"id":22619,"date":"2025-06-30T15:24:50","date_gmt":"2025-06-30T13:24:50","guid":{"rendered":"https:\/\/www.lesrencontreseconomiques.fr\/?post_type=blog&#038;p=22619"},"modified":"2025-06-30T15:28:35","modified_gmt":"2025-06-30T13:28:35","slug":"la-nature-au-bilan-la-solution-fondamentale-a-la-crise-de-la-nature","status":"publish","type":"blog","link":"https:\/\/www.lesrencontreseconomiques.fr\/debats-idees\/la-nature-au-bilan-la-solution-fondamentale-a-la-crise-de-la-nature\/","title":{"rendered":"La nature au bilan \u2013 la solution fondamentale \u00e0 la crise de la nature"},"content":{"rendered":"\n<p><strong>Crises environnementales et limites plan\u00e9taires<\/strong><br>Le monde n\u2019a pas encore pleinement pris conscience de l\u2019ampleur de la crise \u00e0 laquelle nous faisons face, caus\u00e9e par l\u2019effondrement de la nature. Le syst\u00e8me naturel stable et r\u00e9silient est le fondement m\u00eame de notre prosp\u00e9rit\u00e9, mais notre syst\u00e8me \u00e9conomique actuel a consomm\u00e9 cette base \u00e0 un point irr\u00e9versible. Les scientifiques nous alertent depuis longtemps : nous avons d\u00e9pass\u00e9 plusieurs limites du syst\u00e8me plan\u00e9taire et il ne nous reste plus beaucoup de temps si nous voulons changer de cap pour revenir dans la zone de s\u00e9curit\u00e9 de la Terre.<br>Les crises environnementales que nous vivons \u2014 qu\u2019il s\u2019agisse du changement climatique, de la perte de biodiversit\u00e9, du stress hydrique, du changement d\u2019usage des terres ou de l\u2019acidification des oc\u00e9ans \u2014 t\u00e9moignent du conflit entre le syst\u00e8me \u00e9conomique et le syst\u00e8me plan\u00e9taire. Autrefois, la plan\u00e8te Terre \u00e9tait vaste tandis que notre monde \u00e9conomique \u00e9tait restreint, si bien que notre impact sur la plan\u00e8te \u00e9tait limit\u00e9 et insignifiant. Aujourd\u2019hui, nous avons atteint un d\u00e9veloppement \u00e9conomique remarquable \u2014 au prix de la sant\u00e9 de la Terre \u2014 et nous avons atteint la capacit\u00e9 de charge du syst\u00e8me plan\u00e9taire. Si nous poursuivons sur cette trajectoire, nous d\u00e9passerons bient\u00f4t la zone de s\u00e9curit\u00e9, qui ne pourra plus soutenir le bien-\u00eatre humain comme auparavant.<\/p>\n\n\n\n<p><strong>Transformer le syst\u00e8me \u00e9conomique actuel<\/strong><br>La seule mani\u00e8re de nous sauver d\u2019une telle trag\u00e9die est de transformer notre syst\u00e8me \u00e9conomique actuel pour que nous puissions vivre en harmonie avec la nature. Comment y parvenir ? Le probl\u00e8me fondamental de notre syst\u00e8me \u00e9conomique actuel est qu\u2019il ne prend pas en compte la valeur totale de certains types de capitaux, notamment le capital naturel. Cela ne posait pas probl\u00e8me lorsque nos activit\u00e9s \u00e9conomiques \u00e9taient relativement petites et que le syst\u00e8me naturel \u00e9tait grand. La nature semblait abondante et nous l\u2019avons exploit\u00e9e comme un bien gratuit. Mais la situation a compl\u00e8tement chang\u00e9 depuis un demi-si\u00e8cle. Nous assistons \u00e0 une intensification du changement climatique et \u00e0 une acc\u00e9l\u00e9ration de la perte de nature, ce qui affecte notre vie quotidienne. Il est temps de reconna\u00eetre qu\u2019un changement fondamental est n\u00e9cessaire pour mettre \u00e0 jour notre syst\u00e8me \u00e9conomique et prendre en compte la pleine valeur de la nature dans nos d\u00e9cisions \u00e9conomiques, qu\u2019il s\u2019agisse de production, consommation ou investissement.<br>Mais comment accomplir cette t\u00e2che hercul\u00e9enne alors que la r\u00e9alit\u00e9 est que la nature n\u2019est pas encore int\u00e9gr\u00e9e dans nos d\u00e9cisions \u00e9conomiques en tant que capital valoris\u00e9 ? Il y a beaucoup de discussions et d\u2019efforts pour prot\u00e9ger la nature et mobiliser des financements pour la nature. Cependant, le fait est que les financements pour la nature sont actuellement limit\u00e9s \u00e0 seulement 154 milliards de dollars, dont 80 % proviennent des financements publics. Le financement priv\u00e9 est encore plus limit\u00e9, \u00e0 plus petite \u00e9chelle et fragment\u00e9. Les gouvernements ont \u00e9tabli des zones prot\u00e9g\u00e9es, mais une grande partie de la perte de nature se produit en dehors de ces zones.<\/p>\n\n\n\n<p>Il faut noter que ces derni\u00e8res ann\u00e9es, de grands efforts ont \u00e9t\u00e9 faits pour \u00e9valuer et divulguer la valeur \u00e9conomique du capital naturel. Le TNFD a fait un pas significatif apr\u00e8s un effort similaire du TCFD. Plusieurs municipalit\u00e9s et entreprises progressistes ont commenc\u00e9 la comptabilit\u00e9 du capital naturel en utilisant le cadre UNSEEA. Cela refl\u00e8te une prise de conscience croissante de la n\u00e9cessit\u00e9 de g\u00e9rer les risques li\u00e9s \u00e0 la perte de nature. Mais ces efforts ne font pas encore du capital naturel un actif dans la comptabilit\u00e9 financi\u00e8re.<br>Nous devons relever les d\u00e9fis fondamentaux derri\u00e8re ces succ\u00e8s limit\u00e9s et changer la mani\u00e8re dont fonctionne notre syst\u00e8me \u00e9conomique pour que nos d\u00e9cisions \u00e9conomiques prennent en compte la valeur compl\u00e8te du capital naturel.<\/p>\n\n\n\n<p><strong>La nature au bilan<\/strong><br>Comment faire de la comptabilit\u00e9 du capital naturel une partie int\u00e9grante de la comptabilit\u00e9 financi\u00e8re, et non une information extra-financi\u00e8re ou un miroir de la comptabilit\u00e9 financi\u00e8re ? (Se r\u00e9f\u00e9rer \u00e0 la Figure 1 jointe.)<br>Pour passer du \u00ab panier d\u2019\u00e9valuation \u00bb et du \u00ab panier de quantification \u00bb vers le \u00ab panier de reconnaissance \u00bb de la Figure 1, il faut passer par certains \u00e9v\u00e9nements d\u00e9clencheurs comme des transactions de march\u00e9 ou des contrats, afin que la valeur \u00e9valu\u00e9e soit reconnue comme la valeur du capital financier. Ce chemin vers le panier de reconnaissance, qui remet en cause le syst\u00e8me comptable existant, n\u00e9cessite un changement coordonn\u00e9 de l\u2019ensemble de l\u2019infrastructure du march\u00e9, incluant les r\u00e9gulateurs de march\u00e9, les bourses, les banques centrales, les agences de notation ainsi que les acteurs des march\u00e9s financiers. (Se r\u00e9f\u00e9rer \u00e0 la Figure 2 jointe.)<br>Le message cl\u00e9 est que pour changer la pratique comptable actuelle et valoriser pleinement le capital naturel comme un actif financier, un changement holistique de l\u2019infrastructure du march\u00e9, au-del\u00e0 du syst\u00e8me comptable, est n\u00e9cessaire. Cet objectif peut sembler na\u00eff et impossible, mais sans transformer cet impossible en possible, nous continuerons \u00e0 d\u00e9truire le syst\u00e8me naturel, fondement m\u00eame de notre prosp\u00e9rit\u00e9. Si le syst\u00e8me comptable est une cr\u00e9ation humaine, pourquoi ne pourrions-nous pas le changer ?<\/p>\n\n\n\n<p><strong>Les b\u00e9n\u00e9fices de ce changement<\/strong><br>Ce changement apportera deux grands avantages. Premi\u00e8rement, une fois que notre syst\u00e8me \u00e9conomique et comptable valorisera la nature comme un actif financier, nous r\u00e9compenserons les activit\u00e9s qui pr\u00e9servent la valeur de la nature et p\u00e9naliserons celles qui l\u2019exploitent. Ces r\u00e9compenses ou p\u00e9nalit\u00e9s appara\u00eetront donc au bilan. Les activit\u00e9s qui augmentent la valeur de la nature seront financ\u00e9es \u00e0 de meilleures conditions. Deuxi\u00e8mement, dans ce syst\u00e8me \u00e9conomique mis \u00e0 jour, la r\u00e9compense sera r\u00e9partie \u00e9quitablement \u00e0 ceux qui prot\u00e8gent la nature mais n\u2019ont pas \u00e9t\u00e9 reconnus financi\u00e8rement jusqu\u2019ici. Les b\u00e9n\u00e9ficiaires incluront les peuples autochtones et les communaut\u00e9s locales, les forestiers, les petits exploitants agricoles et les p\u00eacheurs locaux, v\u00e9ritables gardiens du capital naturel. Leurs efforts seront r\u00e9mun\u00e9r\u00e9s \u00e9conomiquement, apportant la justice n\u00e9cessaire \u00e0 l\u2019\u00e9conomie mondiale.<\/p>\n\n\n\n<hr class=\"wp-block-separator has-alpha-channel-opacity\"\/>\n\n\n\n<p>Note : \u00ab Nature on the Balance Sheet \u00bb est une initiative organis\u00e9e conjointement et promue par l\u2019auteure Naoko Ishii (Universit\u00e9 de Tokyo), Mark Gough (Capitals Coalition), Guido Schmidt-Traub (Systemiq) et Martin R. Stuchtey (The Landbanking Group).<\/p>\n\n\n\n<figure class=\"wp-block-image size-large is-resized\"><img loading=\"lazy\" decoding=\"async\" width=\"668\" height=\"838\" src=\"https:\/\/www.lesrencontreseconomiques.fr\/wp-content\/uploads\/2025\/06\/Capture-decran-2025-06-30-a-15.24.04-668x838.png\" alt=\"\" class=\"wp-image-22620\" style=\"width:700px\" srcset=\"https:\/\/www.lesrencontreseconomiques.fr\/wp-content\/uploads\/2025\/06\/Capture-decran-2025-06-30-a-15.24.04-668x838.png 668w, https:\/\/www.lesrencontreseconomiques.fr\/wp-content\/uploads\/2025\/06\/Capture-decran-2025-06-30-a-15.24.04-490x614.png 490w, https:\/\/www.lesrencontreseconomiques.fr\/wp-content\/uploads\/2025\/06\/Capture-decran-2025-06-30-a-15.24.04-112x140.png 112w, https:\/\/www.lesrencontreseconomiques.fr\/wp-content\/uploads\/2025\/06\/Capture-decran-2025-06-30-a-15.24.04-224x281.png 224w, https:\/\/www.lesrencontreseconomiques.fr\/wp-content\/uploads\/2025\/06\/Capture-decran-2025-06-30-a-15.24.04.png 906w\" sizes=\"auto, (max-width: 668px) 100vw, 668px\" \/><\/figure>\n","protected":false},"featured_media":22625,"template":"","cat-theme":[],"cat-axe":[],"class_list":["post-22619","blog","type-blog","status-publish","has-post-thumbnail","hentry"],"acf":[],"yoast_head":"<!-- This site is optimized with the Yoast SEO plugin v26.5 - https:\/\/yoast.com\/wordpress\/plugins\/seo\/ -->\n<title>La nature au bilan \u2013 la solution fondamentale \u00e0 la crise de la nature - Les Rencontres \u00c9conomiques<\/title>\n<meta name=\"robots\" content=\"index, follow, max-snippet:-1, max-image-preview:large, max-video-preview:-1\" \/>\n<link rel=\"canonical\" href=\"https:\/\/www.lesrencontreseconomiques.fr\/debats-idees\/la-nature-au-bilan-la-solution-fondamentale-a-la-crise-de-la-nature\/\" \/>\n<meta property=\"og:locale\" content=\"fr_FR\" \/>\n<meta property=\"og:type\" content=\"article\" \/>\n<meta property=\"og:description\" content=\"Crises environnementales et limites plan\u00e9tairesLe monde n\u2019a pas encore pleinement pris conscience de l\u2019ampleur de la crise \u00e0 laquelle nous faisons face, caus\u00e9e par l\u2019effondrement de la nature. Le syst\u00e8me naturel stable et r\u00e9silient est le fondement m\u00eame de notre prosp\u00e9rit\u00e9, mais notre syst\u00e8me \u00e9conomique actuel a consomm\u00e9 cette base \u00e0 un point irr\u00e9versible. Les [&hellip;]\" \/>\n<meta property=\"og:url\" content=\"https:\/\/www.lesrencontreseconomiques.fr\/debats-idees\/la-nature-au-bilan-la-solution-fondamentale-a-la-crise-de-la-nature\/\" \/>\n<meta property=\"og:site_name\" content=\"Les Rencontres \u00c9conomiques\" \/>\n<meta property=\"article:publisher\" content=\"https:\/\/www.facebook.com\/Le.Cercle.des.Economistes\/\" \/>\n<meta property=\"article:modified_time\" content=\"2025-06-30T13:28:35+00:00\" \/>\n<meta property=\"og:image\" content=\"https:\/\/www.lesrencontreseconomiques.fr\/wp-content\/uploads\/2025\/06\/Capture-decran-2025-06-30-a-15.27.11-1-668x413.png\" \/>\n\t<meta property=\"og:image:width\" content=\"668\" \/>\n\t<meta property=\"og:image:height\" content=\"413\" \/>\n\t<meta property=\"og:image:type\" content=\"image\/png\" \/>\n<meta name=\"twitter:card\" content=\"summary_large_image\" \/>\n<meta name=\"twitter:site\" content=\"@Cercle_eco\" \/>\n<meta name=\"twitter:label1\" content=\"Dur\u00e9e de lecture estim\u00e9e\" \/>\n\t<meta name=\"twitter:data1\" content=\"6 minutes\" \/>\n<script type=\"application\/ld+json\" class=\"yoast-schema-graph\">{\"@context\":\"https:\/\/schema.org\",\"@graph\":[{\"@type\":\"WebPage\",\"@id\":\"https:\/\/www.lesrencontreseconomiques.fr\/debats-idees\/la-nature-au-bilan-la-solution-fondamentale-a-la-crise-de-la-nature\/\",\"url\":\"https:\/\/www.lesrencontreseconomiques.fr\/debats-idees\/la-nature-au-bilan-la-solution-fondamentale-a-la-crise-de-la-nature\/\",\"name\":\"La nature au bilan \u2013 la solution fondamentale \u00e0 la crise de la nature - Les Rencontres \u00c9conomiques\",\"isPartOf\":{\"@id\":\"https:\/\/www.lesrencontreseconomiques.fr\/#website\"},\"primaryImageOfPage\":{\"@id\":\"https:\/\/www.lesrencontreseconomiques.fr\/debats-idees\/la-nature-au-bilan-la-solution-fondamentale-a-la-crise-de-la-nature\/#primaryimage\"},\"image\":{\"@id\":\"https:\/\/www.lesrencontreseconomiques.fr\/debats-idees\/la-nature-au-bilan-la-solution-fondamentale-a-la-crise-de-la-nature\/#primaryimage\"},\"thumbnailUrl\":\"https:\/\/www.lesrencontreseconomiques.fr\/wp-content\/uploads\/2025\/06\/Capture-decran-2025-06-30-a-15.27.11-1.png\",\"datePublished\":\"2025-06-30T13:24:50+00:00\",\"dateModified\":\"2025-06-30T13:28:35+00:00\",\"breadcrumb\":{\"@id\":\"https:\/\/www.lesrencontreseconomiques.fr\/debats-idees\/la-nature-au-bilan-la-solution-fondamentale-a-la-crise-de-la-nature\/#breadcrumb\"},\"inLanguage\":\"fr-FR\",\"potentialAction\":[{\"@type\":\"ReadAction\",\"target\":[\"https:\/\/www.lesrencontreseconomiques.fr\/debats-idees\/la-nature-au-bilan-la-solution-fondamentale-a-la-crise-de-la-nature\/\"]}]},{\"@type\":\"ImageObject\",\"inLanguage\":\"fr-FR\",\"@id\":\"https:\/\/www.lesrencontreseconomiques.fr\/debats-idees\/la-nature-au-bilan-la-solution-fondamentale-a-la-crise-de-la-nature\/#primaryimage\",\"url\":\"https:\/\/www.lesrencontreseconomiques.fr\/wp-content\/uploads\/2025\/06\/Capture-decran-2025-06-30-a-15.27.11-1.png\",\"contentUrl\":\"https:\/\/www.lesrencontreseconomiques.fr\/wp-content\/uploads\/2025\/06\/Capture-decran-2025-06-30-a-15.27.11-1.png\",\"width\":1600,\"height\":990},{\"@type\":\"BreadcrumbList\",\"@id\":\"https:\/\/www.lesrencontreseconomiques.fr\/debats-idees\/la-nature-au-bilan-la-solution-fondamentale-a-la-crise-de-la-nature\/#breadcrumb\",\"itemListElement\":[{\"@type\":\"ListItem\",\"position\":1,\"name\":\"Accueil\",\"item\":\"https:\/\/www.lesrencontreseconomiques.fr\/\"},{\"@type\":\"ListItem\",\"position\":2,\"name\":\"D\u00e9bats & Id\u00e9es\",\"item\":\"https:\/\/www.lesrencontreseconomiques.fr\/debats-idees\/\"},{\"@type\":\"ListItem\",\"position\":3,\"name\":\"La nature au bilan \u2013 la solution fondamentale \u00e0 la crise de la nature\"}]},{\"@type\":\"WebSite\",\"@id\":\"https:\/\/www.lesrencontreseconomiques.fr\/#website\",\"url\":\"https:\/\/www.lesrencontreseconomiques.fr\/\",\"name\":\"Les Rencontres \u00c9conomiques\",\"description\":\"\",\"potentialAction\":[{\"@type\":\"SearchAction\",\"target\":{\"@type\":\"EntryPoint\",\"urlTemplate\":\"https:\/\/www.lesrencontreseconomiques.fr\/?s={search_term_string}\"},\"query-input\":{\"@type\":\"PropertyValueSpecification\",\"valueRequired\":true,\"valueName\":\"search_term_string\"}}],\"inLanguage\":\"fr-FR\"}]}<\/script>\n<!-- \/ Yoast SEO plugin. -->","yoast_head_json":{"title":"La nature au bilan \u2013 la solution fondamentale \u00e0 la crise de la nature - Les Rencontres \u00c9conomiques","robots":{"index":"index","follow":"follow","max-snippet":"max-snippet:-1","max-image-preview":"max-image-preview:large","max-video-preview":"max-video-preview:-1"},"canonical":"https:\/\/www.lesrencontreseconomiques.fr\/debats-idees\/la-nature-au-bilan-la-solution-fondamentale-a-la-crise-de-la-nature\/","og_locale":"fr_FR","og_type":"article","og_description":"Crises environnementales et limites plan\u00e9tairesLe monde n\u2019a pas encore pleinement pris conscience de l\u2019ampleur de la crise \u00e0 laquelle nous faisons face, caus\u00e9e par l\u2019effondrement de la nature. Le syst\u00e8me naturel stable et r\u00e9silient est le fondement m\u00eame de notre prosp\u00e9rit\u00e9, mais notre syst\u00e8me \u00e9conomique actuel a consomm\u00e9 cette base \u00e0 un point irr\u00e9versible. Les [&hellip;]","og_url":"https:\/\/www.lesrencontreseconomiques.fr\/debats-idees\/la-nature-au-bilan-la-solution-fondamentale-a-la-crise-de-la-nature\/","og_site_name":"Les Rencontres \u00c9conomiques","article_publisher":"https:\/\/www.facebook.com\/Le.Cercle.des.Economistes\/","article_modified_time":"2025-06-30T13:28:35+00:00","og_image":[{"width":668,"height":413,"url":"https:\/\/www.lesrencontreseconomiques.fr\/wp-content\/uploads\/2025\/06\/Capture-decran-2025-06-30-a-15.27.11-1-668x413.png","type":"image\/png"}],"twitter_card":"summary_large_image","twitter_site":"@Cercle_eco","twitter_misc":{"Dur\u00e9e de lecture estim\u00e9e":"6 minutes"},"schema":{"@context":"https:\/\/schema.org","@graph":[{"@type":"WebPage","@id":"https:\/\/www.lesrencontreseconomiques.fr\/debats-idees\/la-nature-au-bilan-la-solution-fondamentale-a-la-crise-de-la-nature\/","url":"https:\/\/www.lesrencontreseconomiques.fr\/debats-idees\/la-nature-au-bilan-la-solution-fondamentale-a-la-crise-de-la-nature\/","name":"La nature au bilan \u2013 la solution fondamentale \u00e0 la crise de la nature - Les Rencontres \u00c9conomiques","isPartOf":{"@id":"https:\/\/www.lesrencontreseconomiques.fr\/#website"},"primaryImageOfPage":{"@id":"https:\/\/www.lesrencontreseconomiques.fr\/debats-idees\/la-nature-au-bilan-la-solution-fondamentale-a-la-crise-de-la-nature\/#primaryimage"},"image":{"@id":"https:\/\/www.lesrencontreseconomiques.fr\/debats-idees\/la-nature-au-bilan-la-solution-fondamentale-a-la-crise-de-la-nature\/#primaryimage"},"thumbnailUrl":"https:\/\/www.lesrencontreseconomiques.fr\/wp-content\/uploads\/2025\/06\/Capture-decran-2025-06-30-a-15.27.11-1.png","datePublished":"2025-06-30T13:24:50+00:00","dateModified":"2025-06-30T13:28:35+00:00","breadcrumb":{"@id":"https:\/\/www.lesrencontreseconomiques.fr\/debats-idees\/la-nature-au-bilan-la-solution-fondamentale-a-la-crise-de-la-nature\/#breadcrumb"},"inLanguage":"fr-FR","potentialAction":[{"@type":"ReadAction","target":["https:\/\/www.lesrencontreseconomiques.fr\/debats-idees\/la-nature-au-bilan-la-solution-fondamentale-a-la-crise-de-la-nature\/"]}]},{"@type":"ImageObject","inLanguage":"fr-FR","@id":"https:\/\/www.lesrencontreseconomiques.fr\/debats-idees\/la-nature-au-bilan-la-solution-fondamentale-a-la-crise-de-la-nature\/#primaryimage","url":"https:\/\/www.lesrencontreseconomiques.fr\/wp-content\/uploads\/2025\/06\/Capture-decran-2025-06-30-a-15.27.11-1.png","contentUrl":"https:\/\/www.lesrencontreseconomiques.fr\/wp-content\/uploads\/2025\/06\/Capture-decran-2025-06-30-a-15.27.11-1.png","width":1600,"height":990},{"@type":"BreadcrumbList","@id":"https:\/\/www.lesrencontreseconomiques.fr\/debats-idees\/la-nature-au-bilan-la-solution-fondamentale-a-la-crise-de-la-nature\/#breadcrumb","itemListElement":[{"@type":"ListItem","position":1,"name":"Accueil","item":"https:\/\/www.lesrencontreseconomiques.fr\/"},{"@type":"ListItem","position":2,"name":"D\u00e9bats & Id\u00e9es","item":"https:\/\/www.lesrencontreseconomiques.fr\/debats-idees\/"},{"@type":"ListItem","position":3,"name":"La nature au bilan \u2013 la solution fondamentale \u00e0 la crise de la nature"}]},{"@type":"WebSite","@id":"https:\/\/www.lesrencontreseconomiques.fr\/#website","url":"https:\/\/www.lesrencontreseconomiques.fr\/","name":"Les Rencontres \u00c9conomiques","description":"","potentialAction":[{"@type":"SearchAction","target":{"@type":"EntryPoint","urlTemplate":"https:\/\/www.lesrencontreseconomiques.fr\/?s={search_term_string}"},"query-input":{"@type":"PropertyValueSpecification","valueRequired":true,"valueName":"search_term_string"}}],"inLanguage":"fr-FR"}]}},"_links":{"self":[{"href":"https:\/\/www.lesrencontreseconomiques.fr\/wp-json\/wp\/v2\/blog\/22619","targetHints":{"allow":["GET"]}}],"collection":[{"href":"https:\/\/www.lesrencontreseconomiques.fr\/wp-json\/wp\/v2\/blog"}],"about":[{"href":"https:\/\/www.lesrencontreseconomiques.fr\/wp-json\/wp\/v2\/types\/blog"}],"wp:featuredmedia":[{"embeddable":true,"href":"https:\/\/www.lesrencontreseconomiques.fr\/wp-json\/wp\/v2\/media\/22625"}],"wp:attachment":[{"href":"https:\/\/www.lesrencontreseconomiques.fr\/wp-json\/wp\/v2\/media?parent=22619"}],"wp:term":[{"taxonomy":"cat-theme","embeddable":true,"href":"https:\/\/www.lesrencontreseconomiques.fr\/wp-json\/wp\/v2\/cat-theme?post=22619"},{"taxonomy":"cat-axe","embeddable":true,"href":"https:\/\/www.lesrencontreseconomiques.fr\/wp-json\/wp\/v2\/cat-axe?post=22619"}],"curies":[{"name":"wp","href":"https:\/\/api.w.org\/{rel}","templated":true}]}}