{"id":22600,"date":"2025-06-30T14:23:33","date_gmt":"2025-06-30T12:23:33","guid":{"rendered":"https:\/\/www.lesrencontreseconomiques.fr\/?post_type=blog&#038;p=22600"},"modified":"2025-06-30T14:23:34","modified_gmt":"2025-06-30T12:23:34","slug":"relancer-la-natalite-un-imperatif-pour-notre-modele-social","status":"publish","type":"blog","link":"https:\/\/www.lesrencontreseconomiques.fr\/debats-idees\/relancer-la-natalite-un-imperatif-pour-notre-modele-social\/","title":{"rendered":"Relancer la natalit\u00e9 : un imp\u00e9ratif pour notre mod\u00e8le social"},"content":{"rendered":"\n<p>La baisse de la natalit\u00e9 n\u2019est plus un simple indicateur d\u00e9mographique : c\u2019est un signal d\u2019alarme. Elle touche aujourd\u2019hui deux tiers de l\u2019humanit\u00e9 et pr\u00e9cipite les grandes \u00e9conomies vers un d\u00e9clin d\u00e9mographique sans pr\u00e9c\u00e9dent. D\u2019ici 2100, certaines verront leur population chuter de 20 \u00e0 50 %. Ce basculement silencieux menace l\u2019\u00e9quilibre de nos soci\u00e9t\u00e9s, la soutenabilit\u00e9 de nos syst\u00e8mes de retraite, de sant\u00e9, et plus largement, la p\u00e9rennit\u00e9 de notre mod\u00e8le social fond\u00e9 sur la solidarit\u00e9 interg\u00e9n\u00e9rationnelle.<\/p>\n\n\n\n<p>La France, longtemps \u00e9pargn\u00e9e gr\u00e2ce \u00e0 un taux de f\u00e9condit\u00e9 sup\u00e9rieur \u00e0 la moyenne europ\u00e9enne, n\u2019est plus une exception. Selon l\u2019Insee, le nombre de naissances a atteint en 2024 son plus bas niveau depuis 1946. Le solde naturel (naissances &#8211; d\u00e9c\u00e8s) est tomb\u00e9 \u00e0 +17 000 en 2024, contre +140 000 en 2019. Si la tendance se poursuit, les d\u00e9c\u00e8s d\u00e9passeront les naissances d\u00e8s 2027.<\/p>\n\n\n\n<p>Mais au-del\u00e0 des chiffres, cette crise d\u00e9mographique ne r\u00e9v\u00e8le-t-elle pas une crise de confiance ? Le co\u00fbt de la vie, la crise du logement, l\u2019\u00e9co-anxi\u00e9t\u00e9, la pr\u00e9carit\u00e9 professionnelle : autant de freins et un sentiment de protection en berne qui tendent \u00e0 dissuader de se projeter dans une parentalit\u00e9.<\/p>\n\n\n\n<p>En tant qu\u2019acteur mutualiste, nous identifions ces diff\u00e9rents faisceaux comme des signaux de pr\u00e9occupation. Notre responsabilit\u00e9 est de participer \u00e0 comprendre ces dynamiques et promouvoir des solutions contribuant \u00e0 instaurer un environnement plus favorable aux projets de vie. Notre mission est de prot\u00e9ger, d\u2019accompagner, de cr\u00e9er les conditions d\u2019un avenir d\u00e9sirable. Cela passe par une meilleure protection face aux risques, un \u00e9quilibre entre vie professionnelle et personnelle, et un environnement propice aux projets de vie. Le dernier barom\u00e8tre de l\u2019Observatoire de la Protection d\u2019A\u00e9ma Groupe r\u00e9v\u00e8le que 31 % des Fran\u00e7ais se sentent mal prot\u00e9g\u00e9s face aux risques, contre 17 % en 2021. Chez les moins de 35 ans, 69 % se disent expos\u00e9s aux risques climatiques. Ces chiffres traduisent une inqui\u00e9tude profonde, mais aussi une attente forte envers les acteurs de la protection.<\/p>\n\n\n\n<p>Relancer la natalit\u00e9 n\u2018est pas une gageure. Mais cela suppose n\u00e9cessairement de recr\u00e9er de la confiance dans un monde qui l\u2019inspire et la suscite de moins en moins. Cela exige donc une r\u00e9ponse globale, structurelle, et durable. Cela suppose enfin de repenser nos politiques publiques sur le long terme.&nbsp;<\/p>\n\n\n\n<p>Face \u00e0 une crise aussi syst\u00e9mique, il est temps de sortir de la logique de court terme. Comme pour le climat, la d\u00e9mographie exige une vision p\u00e9renne, ind\u00e9pendante des cycles \u00e9lectoraux.<\/p>\n\n\n\n<p>La natalit\u00e9 n\u2019est pas qu\u2019une affaire de chiffres. Elle est le reflet de notre capacit\u00e9 collective \u00e0 offrir un avenir d\u00e9sirable. C\u2019est \u00e0 cette ambition que nous devons collectivement nous atteler.<\/p>\n","protected":false},"featured_media":22601,"template":"","cat-theme":[68],"cat-axe":[],"class_list":["post-22600","blog","type-blog","status-publish","has-post-thumbnail","hentry","cat-theme-social-demographie"],"acf":[],"yoast_head":"<!-- This site is optimized with the Yoast SEO plugin v26.5 - https:\/\/yoast.com\/wordpress\/plugins\/seo\/ -->\n<title>Relancer la natalit\u00e9 : un imp\u00e9ratif pour notre mod\u00e8le social - Les Rencontres \u00c9conomiques<\/title>\n<meta name=\"robots\" content=\"index, follow, max-snippet:-1, max-image-preview:large, max-video-preview:-1\" \/>\n<link rel=\"canonical\" href=\"https:\/\/www.lesrencontreseconomiques.fr\/debats-idees\/relancer-la-natalite-un-imperatif-pour-notre-modele-social\/\" \/>\n<meta property=\"og:locale\" content=\"fr_FR\" \/>\n<meta property=\"og:type\" content=\"article\" \/>\n<meta property=\"og:description\" content=\"La baisse de la natalit\u00e9 n\u2019est plus un simple indicateur d\u00e9mographique : c\u2019est un signal d\u2019alarme. Elle touche aujourd\u2019hui deux tiers de l\u2019humanit\u00e9 et pr\u00e9cipite les grandes \u00e9conomies vers un d\u00e9clin d\u00e9mographique sans pr\u00e9c\u00e9dent. D\u2019ici 2100, certaines verront leur population chuter de 20 \u00e0 50 %. Ce basculement silencieux menace l\u2019\u00e9quilibre de nos soci\u00e9t\u00e9s, la [&hellip;]\" \/>\n<meta property=\"og:url\" content=\"https:\/\/www.lesrencontreseconomiques.fr\/debats-idees\/relancer-la-natalite-un-imperatif-pour-notre-modele-social\/\" \/>\n<meta property=\"og:site_name\" content=\"Les Rencontres \u00c9conomiques\" \/>\n<meta property=\"article:publisher\" content=\"https:\/\/www.facebook.com\/Le.Cercle.des.Economistes\/\" \/>\n<meta property=\"article:modified_time\" content=\"2025-06-30T12:23:34+00:00\" \/>\n<meta property=\"og:image\" content=\"https:\/\/www.lesrencontreseconomiques.fr\/wp-content\/uploads\/2025\/06\/AdobeStock_5906014.jpeg\" \/>\n\t<meta property=\"og:image:width\" content=\"1600\" \/>\n\t<meta property=\"og:image:height\" content=\"1200\" \/>\n\t<meta property=\"og:image:type\" content=\"image\/jpeg\" \/>\n<meta name=\"twitter:card\" content=\"summary_large_image\" \/>\n<meta name=\"twitter:site\" content=\"@Cercle_eco\" \/>\n<meta name=\"twitter:label1\" content=\"Dur\u00e9e de lecture estim\u00e9e\" \/>\n\t<meta name=\"twitter:data1\" content=\"3 minutes\" \/>\n<script type=\"application\/ld+json\" class=\"yoast-schema-graph\">{\"@context\":\"https:\/\/schema.org\",\"@graph\":[{\"@type\":\"WebPage\",\"@id\":\"https:\/\/www.lesrencontreseconomiques.fr\/debats-idees\/relancer-la-natalite-un-imperatif-pour-notre-modele-social\/\",\"url\":\"https:\/\/www.lesrencontreseconomiques.fr\/debats-idees\/relancer-la-natalite-un-imperatif-pour-notre-modele-social\/\",\"name\":\"Relancer la natalit\u00e9 : un imp\u00e9ratif pour notre mod\u00e8le social - Les Rencontres \u00c9conomiques\",\"isPartOf\":{\"@id\":\"https:\/\/www.lesrencontreseconomiques.fr\/#website\"},\"primaryImageOfPage\":{\"@id\":\"https:\/\/www.lesrencontreseconomiques.fr\/debats-idees\/relancer-la-natalite-un-imperatif-pour-notre-modele-social\/#primaryimage\"},\"image\":{\"@id\":\"https:\/\/www.lesrencontreseconomiques.fr\/debats-idees\/relancer-la-natalite-un-imperatif-pour-notre-modele-social\/#primaryimage\"},\"thumbnailUrl\":\"https:\/\/www.lesrencontreseconomiques.fr\/wp-content\/uploads\/2025\/06\/AdobeStock_5906014.jpeg\",\"datePublished\":\"2025-06-30T12:23:33+00:00\",\"dateModified\":\"2025-06-30T12:23:34+00:00\",\"breadcrumb\":{\"@id\":\"https:\/\/www.lesrencontreseconomiques.fr\/debats-idees\/relancer-la-natalite-un-imperatif-pour-notre-modele-social\/#breadcrumb\"},\"inLanguage\":\"fr-FR\",\"potentialAction\":[{\"@type\":\"ReadAction\",\"target\":[\"https:\/\/www.lesrencontreseconomiques.fr\/debats-idees\/relancer-la-natalite-un-imperatif-pour-notre-modele-social\/\"]}]},{\"@type\":\"ImageObject\",\"inLanguage\":\"fr-FR\",\"@id\":\"https:\/\/www.lesrencontreseconomiques.fr\/debats-idees\/relancer-la-natalite-un-imperatif-pour-notre-modele-social\/#primaryimage\",\"url\":\"https:\/\/www.lesrencontreseconomiques.fr\/wp-content\/uploads\/2025\/06\/AdobeStock_5906014.jpeg\",\"contentUrl\":\"https:\/\/www.lesrencontreseconomiques.fr\/wp-content\/uploads\/2025\/06\/AdobeStock_5906014.jpeg\",\"width\":1600,\"height\":1200},{\"@type\":\"BreadcrumbList\",\"@id\":\"https:\/\/www.lesrencontreseconomiques.fr\/debats-idees\/relancer-la-natalite-un-imperatif-pour-notre-modele-social\/#breadcrumb\",\"itemListElement\":[{\"@type\":\"ListItem\",\"position\":1,\"name\":\"Accueil\",\"item\":\"https:\/\/www.lesrencontreseconomiques.fr\/\"},{\"@type\":\"ListItem\",\"position\":2,\"name\":\"D\u00e9bats & Id\u00e9es\",\"item\":\"https:\/\/www.lesrencontreseconomiques.fr\/debats-idees\/\"},{\"@type\":\"ListItem\",\"position\":3,\"name\":\"Relancer la natalit\u00e9 : un imp\u00e9ratif pour notre mod\u00e8le social\"}]},{\"@type\":\"WebSite\",\"@id\":\"https:\/\/www.lesrencontreseconomiques.fr\/#website\",\"url\":\"https:\/\/www.lesrencontreseconomiques.fr\/\",\"name\":\"Les Rencontres \u00c9conomiques\",\"description\":\"\",\"potentialAction\":[{\"@type\":\"SearchAction\",\"target\":{\"@type\":\"EntryPoint\",\"urlTemplate\":\"https:\/\/www.lesrencontreseconomiques.fr\/?s={search_term_string}\"},\"query-input\":{\"@type\":\"PropertyValueSpecification\",\"valueRequired\":true,\"valueName\":\"search_term_string\"}}],\"inLanguage\":\"fr-FR\"}]}<\/script>\n<!-- \/ Yoast SEO plugin. -->","yoast_head_json":{"title":"Relancer la natalit\u00e9 : un imp\u00e9ratif pour notre mod\u00e8le social - Les Rencontres \u00c9conomiques","robots":{"index":"index","follow":"follow","max-snippet":"max-snippet:-1","max-image-preview":"max-image-preview:large","max-video-preview":"max-video-preview:-1"},"canonical":"https:\/\/www.lesrencontreseconomiques.fr\/debats-idees\/relancer-la-natalite-un-imperatif-pour-notre-modele-social\/","og_locale":"fr_FR","og_type":"article","og_description":"La baisse de la natalit\u00e9 n\u2019est plus un simple indicateur d\u00e9mographique : c\u2019est un signal d\u2019alarme. Elle touche aujourd\u2019hui deux tiers de l\u2019humanit\u00e9 et pr\u00e9cipite les grandes \u00e9conomies vers un d\u00e9clin d\u00e9mographique sans pr\u00e9c\u00e9dent. D\u2019ici 2100, certaines verront leur population chuter de 20 \u00e0 50 %. Ce basculement silencieux menace l\u2019\u00e9quilibre de nos soci\u00e9t\u00e9s, la [&hellip;]","og_url":"https:\/\/www.lesrencontreseconomiques.fr\/debats-idees\/relancer-la-natalite-un-imperatif-pour-notre-modele-social\/","og_site_name":"Les Rencontres \u00c9conomiques","article_publisher":"https:\/\/www.facebook.com\/Le.Cercle.des.Economistes\/","article_modified_time":"2025-06-30T12:23:34+00:00","og_image":[{"width":1600,"height":1200,"url":"https:\/\/www.lesrencontreseconomiques.fr\/wp-content\/uploads\/2025\/06\/AdobeStock_5906014.jpeg","type":"image\/jpeg"}],"twitter_card":"summary_large_image","twitter_site":"@Cercle_eco","twitter_misc":{"Dur\u00e9e de lecture estim\u00e9e":"3 minutes"},"schema":{"@context":"https:\/\/schema.org","@graph":[{"@type":"WebPage","@id":"https:\/\/www.lesrencontreseconomiques.fr\/debats-idees\/relancer-la-natalite-un-imperatif-pour-notre-modele-social\/","url":"https:\/\/www.lesrencontreseconomiques.fr\/debats-idees\/relancer-la-natalite-un-imperatif-pour-notre-modele-social\/","name":"Relancer la natalit\u00e9 : un imp\u00e9ratif pour notre mod\u00e8le social - Les Rencontres \u00c9conomiques","isPartOf":{"@id":"https:\/\/www.lesrencontreseconomiques.fr\/#website"},"primaryImageOfPage":{"@id":"https:\/\/www.lesrencontreseconomiques.fr\/debats-idees\/relancer-la-natalite-un-imperatif-pour-notre-modele-social\/#primaryimage"},"image":{"@id":"https:\/\/www.lesrencontreseconomiques.fr\/debats-idees\/relancer-la-natalite-un-imperatif-pour-notre-modele-social\/#primaryimage"},"thumbnailUrl":"https:\/\/www.lesrencontreseconomiques.fr\/wp-content\/uploads\/2025\/06\/AdobeStock_5906014.jpeg","datePublished":"2025-06-30T12:23:33+00:00","dateModified":"2025-06-30T12:23:34+00:00","breadcrumb":{"@id":"https:\/\/www.lesrencontreseconomiques.fr\/debats-idees\/relancer-la-natalite-un-imperatif-pour-notre-modele-social\/#breadcrumb"},"inLanguage":"fr-FR","potentialAction":[{"@type":"ReadAction","target":["https:\/\/www.lesrencontreseconomiques.fr\/debats-idees\/relancer-la-natalite-un-imperatif-pour-notre-modele-social\/"]}]},{"@type":"ImageObject","inLanguage":"fr-FR","@id":"https:\/\/www.lesrencontreseconomiques.fr\/debats-idees\/relancer-la-natalite-un-imperatif-pour-notre-modele-social\/#primaryimage","url":"https:\/\/www.lesrencontreseconomiques.fr\/wp-content\/uploads\/2025\/06\/AdobeStock_5906014.jpeg","contentUrl":"https:\/\/www.lesrencontreseconomiques.fr\/wp-content\/uploads\/2025\/06\/AdobeStock_5906014.jpeg","width":1600,"height":1200},{"@type":"BreadcrumbList","@id":"https:\/\/www.lesrencontreseconomiques.fr\/debats-idees\/relancer-la-natalite-un-imperatif-pour-notre-modele-social\/#breadcrumb","itemListElement":[{"@type":"ListItem","position":1,"name":"Accueil","item":"https:\/\/www.lesrencontreseconomiques.fr\/"},{"@type":"ListItem","position":2,"name":"D\u00e9bats & Id\u00e9es","item":"https:\/\/www.lesrencontreseconomiques.fr\/debats-idees\/"},{"@type":"ListItem","position":3,"name":"Relancer la natalit\u00e9 : un imp\u00e9ratif pour notre mod\u00e8le social"}]},{"@type":"WebSite","@id":"https:\/\/www.lesrencontreseconomiques.fr\/#website","url":"https:\/\/www.lesrencontreseconomiques.fr\/","name":"Les Rencontres \u00c9conomiques","description":"","potentialAction":[{"@type":"SearchAction","target":{"@type":"EntryPoint","urlTemplate":"https:\/\/www.lesrencontreseconomiques.fr\/?s={search_term_string}"},"query-input":{"@type":"PropertyValueSpecification","valueRequired":true,"valueName":"search_term_string"}}],"inLanguage":"fr-FR"}]}},"_links":{"self":[{"href":"https:\/\/www.lesrencontreseconomiques.fr\/wp-json\/wp\/v2\/blog\/22600","targetHints":{"allow":["GET"]}}],"collection":[{"href":"https:\/\/www.lesrencontreseconomiques.fr\/wp-json\/wp\/v2\/blog"}],"about":[{"href":"https:\/\/www.lesrencontreseconomiques.fr\/wp-json\/wp\/v2\/types\/blog"}],"wp:featuredmedia":[{"embeddable":true,"href":"https:\/\/www.lesrencontreseconomiques.fr\/wp-json\/wp\/v2\/media\/22601"}],"wp:attachment":[{"href":"https:\/\/www.lesrencontreseconomiques.fr\/wp-json\/wp\/v2\/media?parent=22600"}],"wp:term":[{"taxonomy":"cat-theme","embeddable":true,"href":"https:\/\/www.lesrencontreseconomiques.fr\/wp-json\/wp\/v2\/cat-theme?post=22600"},{"taxonomy":"cat-axe","embeddable":true,"href":"https:\/\/www.lesrencontreseconomiques.fr\/wp-json\/wp\/v2\/cat-axe?post=22600"}],"curies":[{"name":"wp","href":"https:\/\/api.w.org\/{rel}","templated":true}]}}