{"id":22572,"date":"2025-06-29T15:37:07","date_gmt":"2025-06-29T13:37:07","guid":{"rendered":"https:\/\/www.lesrencontreseconomiques.fr\/?post_type=blog&#038;p=22572"},"modified":"2025-06-29T15:37:08","modified_gmt":"2025-06-29T13:37:08","slug":"repenser-la-puissance-douce-dans-un-ordre-mondial-en-mutation","status":"publish","type":"blog","link":"https:\/\/www.lesrencontreseconomiques.fr\/debats-idees\/repenser-la-puissance-douce-dans-un-ordre-mondial-en-mutation\/","title":{"rendered":"Repenser la puissance douce dans un ordre mondial en mutation"},"content":{"rendered":"\n<p>Un village de Rukum, dans l\u2019ouest du N\u00e9pal, \u00e0 700 kilom\u00e8tres de la capitale Katmandou \u2014 bastion de l\u2019insurrection de dix ans entre 1996 et 2006 \u2014 gagne en popularit\u00e9 gr\u00e2ce \u00e0 plusieurs endroits pris\u00e9s pour r\u00e9aliser des vid\u00e9os sur TikTok. Un jeune homme de 19 ans venait de terminer l\u2019enregistrement d\u2019une vid\u00e9o de danse, et son groupe d\u2019amis la regardait \u00e0 plusieurs reprises avec enthousiasme. Je leur ai demand\u00e9 ce qu\u2019ils savaient de TikTok et du monde de l\u2019internet. Ils m&rsquo;ont r\u00e9pondu que la Chine avait aid\u00e9 \u00e0 connecter le monde en inventant TikTok et aussi les smartphones bon march\u00e9. Au fil de la conversation, j\u2019ai compris que, selon eux, la Chine est la puissance dominante en mati\u00e8re de technologie. Voil\u00e0 maintenant ce qu\u2019est la puissance douce de la Chine.<\/p>\n\n\n\n<p>Je repense \u00e0 mes 19 ans, \u00e0 la fin des ann\u00e9es 1980, lorsque je croyais que le monde tournait autour des \u00c9tats-Unis et de l\u2019Europe, qui dominaient la musique, le cin\u00e9ma et les m\u00e9dias. Aujourd\u2019hui, les restaurants sont con\u00e7us pour \u00eatre \u00ab Instagram \u00bb et \u00ab Snapchat-friendly \u00bb, les lieux touristiques sont pens\u00e9s pour les selfies et les vid\u00e9os attrayantes. La musique vise les plateformes comme Spotify, avec des clips visionn\u00e9s des millions de fois. Dans ce nouveau contexte, la d\u00e9finition de la puissance douce s\u2019est transform\u00e9e, tout comme les pays qui l\u2019exercent.<\/p>\n\n\n\n<p>\u00c0 New Delhi, les jeunes se ruent aux concerts cor\u00e9ens, tandis qu\u2019\u00e0 New York, les quartiers cor\u00e9ens se sont \u00e9tendus, passant de quelques \u00e9tablissements \u00e0 de v\u00e9ritables rues enti\u00e8res. La K-Pop a des adeptes dans le monde entier, et Netflix investit massivement dans les productions cor\u00e9ennes, aux c\u00f4t\u00e9s de celles d\u2019Hollywood. La Cor\u00e9e du Sud exploite efficacement le ph\u00e9nom\u00e8ne du&nbsp;<strong>\u00ab Hallyu \u00bb<\/strong>&nbsp;(vague cor\u00e9enne) comme forme de puissance douce pour accro\u00eetre son influence et sa r\u00e9putation mondiales.<\/p>\n\n\n\n<p>La Tha\u00eflande a fait de m\u00eame avec sa cuisine. Durant son mandat entre 2001 et 2006, Thaksin Shinawatra a promu la&nbsp;<strong>\u00ab gastrodiplomatie \u00bb<\/strong>, encourageant l\u2019ouverture de restaurants tha\u00eflandais dans toutes les villes du monde et l\u2019introduction de la cuisine tha\u00efe dans tous les foyers. Cela a boost\u00e9 le tourisme, au point que Bangkok est aujourd\u2019hui la ville la plus visit\u00e9e au monde, avec 32,5 millions de touristes pour un pays de 72 millions d\u2019habitants.<\/p>\n\n\n\n<p>Dans le monde d\u2019apr\u00e8s-guerre, l\u2019anglais \u00e9tait un outil de puissance douce. D\u2019anciennes colonies britanniques comme l\u2019Inde ou la Malaisie en Asie, ou le Kenya en Afrique, ont utilis\u00e9 la langue pour s\u2019imposer \u00e0 l\u2019\u00e9chelle mondiale. Dans les ann\u00e9es 1990, avec l\u2019av\u00e8nement de l\u2019informatique puis d\u2019Internet, l\u2019anglais est devenu la langue dominante. En Asie du Sud, un milliard de personnes ont d\u00fb apprendre \u00e0 taper, coder et \u00e9crire des programmes en anglais. Mais avec l\u2019arriv\u00e9e d\u2019outils multilingues, de services de traduction gratuits, de commandes vocales, l\u2019usage de l\u2019anglais est en d\u00e9clin. La mont\u00e9e de la Chine comme acteur mondial majeur, en imposant sa propre langue, a permis \u00e0 beaucoup de ne plus v\u00e9n\u00e9rer l\u2019anglais comme on le faisait \u00e0 l\u2019\u00e9poque o\u00f9 les chauffeurs de taxi \u00e0 P\u00e9kin devaient apprendre cette langue pour les Jeux olympiques de 2008. En Asie du Sud, de plus en plus d\u2019\u00e9crivains publient dans leur langue maternelle et re\u00e7oivent des prix litt\u00e9raires internationaux. L\u2019anglais n\u2019exerce plus la m\u00eame puissance douce qu\u2019au si\u00e8cle dernier.<\/p>\n\n\n\n<p>La puissance douce est \u00e9galement&nbsp;<strong>transformationnelle<\/strong>, et non uniquement transactionnelle. Les pays qui souhaitent diffuser leur nourriture, leur art, leur culture, leur cin\u00e9ma, leur litt\u00e9rature ou leurs sites touristiques l\u2019ont bien compris. La g\u00e9opolitique transactionnelle influence la mani\u00e8re dont la puissance douce est per\u00e7ue. La Chine utilise sa civilisation ancienne pour promouvoir son importance mondiale, une autre forme de projection de la puissance douce. Des pays comme l\u2019Arabie saoudite et l\u2019Inde puisent aussi dans leur histoire pour construire un r\u00e9cit de renforcement de leur puissance douce. L\u2019Arabie saoudite utilise \u00e9galement le sport et le divertissement en accueillant des \u00e9v\u00e9nements internationaux, une nouvelle mani\u00e8re d\u2019exercer une puissance douce transformationnelle.<\/p>\n\n\n\n<p>Les pays n\u2019ont pas besoin d\u2019\u00eatre grands pour exercer une puissance douce. La Russie, bien que vaste, a perdu sa puissance douce apr\u00e8s la chute de l\u2019URSS. Les \u00c9tats-Unis, dont la diplomatie devient de plus en plus transactionnelle, devraient tirer les le\u00e7ons de ce qui s\u2019est pass\u00e9 avec la Russie. La Suisse, bien que petit \u00c9tat, continue d\u2019exercer une forte puissance douce. Singapour et les \u00c9mirats arabes unis l\u2019ont \u00e9galement fait en devenant des centres financiers cr\u00e9dibles pour les investisseurs et les entreprises.<\/p>\n\n\n\n<p>Le N\u00e9pal, pays de 30 millions d\u2019habitants, situ\u00e9 entre deux g\u00e9ants de 1,4 milliard chacun (la Chine et l\u2019Inde), a su tirer parti de sa position d&rsquo;\u00c9tat tampon : aucun des deux voisins n\u2019a besoin de d\u00e9penser massivement pour militariser leurs fronti\u00e8res communes. La Belgique, \u00c9tat tampon en Europe, accueille le Parlement europ\u00e9en et d\u2019autres institutions de l\u2019UE. Un \u00c9tat tampon peut donc aussi \u00eatre une source de puissance douce, et des pays comme le N\u00e9pal devraient apprendre \u00e0 en tirer parti.<\/p>\n\n\n\n<p>Dans un monde en pleine mutation g\u00e9opolitique, o\u00f9 la technologie bouleverse nos vies et o\u00f9 les d\u00e9placements humains n\u2019ont jamais \u00e9t\u00e9 aussi nombreux, il est temps de&nbsp;<strong>r\u00e9imaginer<\/strong>&nbsp;notre conception de la puissance douce.<\/p>\n","protected":false},"featured_media":22573,"template":"","cat-theme":[74],"cat-axe":[],"class_list":["post-22572","blog","type-blog","status-publish","has-post-thumbnail","hentry","cat-theme-geopolitique"],"acf":[],"yoast_head":"<!-- This site is optimized with the Yoast SEO plugin v26.5 - https:\/\/yoast.com\/wordpress\/plugins\/seo\/ -->\n<title>Repenser la puissance douce dans un ordre mondial en mutation - Les Rencontres \u00c9conomiques<\/title>\n<meta name=\"robots\" content=\"index, follow, max-snippet:-1, max-image-preview:large, max-video-preview:-1\" \/>\n<link rel=\"canonical\" href=\"https:\/\/www.lesrencontreseconomiques.fr\/debats-idees\/repenser-la-puissance-douce-dans-un-ordre-mondial-en-mutation\/\" \/>\n<meta property=\"og:locale\" content=\"fr_FR\" \/>\n<meta property=\"og:type\" content=\"article\" \/>\n<meta property=\"og:description\" content=\"Un village de Rukum, dans l\u2019ouest du N\u00e9pal, \u00e0 700 kilom\u00e8tres de la capitale Katmandou \u2014 bastion de l\u2019insurrection de dix ans entre 1996 et 2006 \u2014 gagne en popularit\u00e9 gr\u00e2ce \u00e0 plusieurs endroits pris\u00e9s pour r\u00e9aliser des vid\u00e9os sur TikTok. Un jeune homme de 19 ans venait de terminer l\u2019enregistrement d\u2019une vid\u00e9o de danse, [&hellip;]\" \/>\n<meta property=\"og:url\" content=\"https:\/\/www.lesrencontreseconomiques.fr\/debats-idees\/repenser-la-puissance-douce-dans-un-ordre-mondial-en-mutation\/\" \/>\n<meta property=\"og:site_name\" content=\"Les Rencontres \u00c9conomiques\" \/>\n<meta property=\"article:publisher\" content=\"https:\/\/www.facebook.com\/Le.Cercle.des.Economistes\/\" \/>\n<meta property=\"article:modified_time\" content=\"2025-06-29T13:37:08+00:00\" \/>\n<meta property=\"og:image\" content=\"https:\/\/www.lesrencontreseconomiques.fr\/wp-content\/uploads\/2025\/06\/adobestock_76561157.jpeg.webp\" \/>\n\t<meta property=\"og:image:width\" content=\"1920\" \/>\n\t<meta property=\"og:image:height\" content=\"750\" \/>\n\t<meta property=\"og:image:type\" content=\"image\/webp\" \/>\n<meta name=\"twitter:card\" content=\"summary_large_image\" \/>\n<meta name=\"twitter:site\" content=\"@Cercle_eco\" \/>\n<meta name=\"twitter:label1\" content=\"Dur\u00e9e de lecture estim\u00e9e\" \/>\n\t<meta name=\"twitter:data1\" content=\"5 minutes\" \/>\n<script type=\"application\/ld+json\" class=\"yoast-schema-graph\">{\"@context\":\"https:\/\/schema.org\",\"@graph\":[{\"@type\":\"WebPage\",\"@id\":\"https:\/\/www.lesrencontreseconomiques.fr\/debats-idees\/repenser-la-puissance-douce-dans-un-ordre-mondial-en-mutation\/\",\"url\":\"https:\/\/www.lesrencontreseconomiques.fr\/debats-idees\/repenser-la-puissance-douce-dans-un-ordre-mondial-en-mutation\/\",\"name\":\"Repenser la puissance douce dans un ordre mondial en mutation - Les Rencontres \u00c9conomiques\",\"isPartOf\":{\"@id\":\"https:\/\/www.lesrencontreseconomiques.fr\/#website\"},\"primaryImageOfPage\":{\"@id\":\"https:\/\/www.lesrencontreseconomiques.fr\/debats-idees\/repenser-la-puissance-douce-dans-un-ordre-mondial-en-mutation\/#primaryimage\"},\"image\":{\"@id\":\"https:\/\/www.lesrencontreseconomiques.fr\/debats-idees\/repenser-la-puissance-douce-dans-un-ordre-mondial-en-mutation\/#primaryimage\"},\"thumbnailUrl\":\"https:\/\/www.lesrencontreseconomiques.fr\/wp-content\/uploads\/2025\/06\/adobestock_76561157.jpeg.webp\",\"datePublished\":\"2025-06-29T13:37:07+00:00\",\"dateModified\":\"2025-06-29T13:37:08+00:00\",\"breadcrumb\":{\"@id\":\"https:\/\/www.lesrencontreseconomiques.fr\/debats-idees\/repenser-la-puissance-douce-dans-un-ordre-mondial-en-mutation\/#breadcrumb\"},\"inLanguage\":\"fr-FR\",\"potentialAction\":[{\"@type\":\"ReadAction\",\"target\":[\"https:\/\/www.lesrencontreseconomiques.fr\/debats-idees\/repenser-la-puissance-douce-dans-un-ordre-mondial-en-mutation\/\"]}]},{\"@type\":\"ImageObject\",\"inLanguage\":\"fr-FR\",\"@id\":\"https:\/\/www.lesrencontreseconomiques.fr\/debats-idees\/repenser-la-puissance-douce-dans-un-ordre-mondial-en-mutation\/#primaryimage\",\"url\":\"https:\/\/www.lesrencontreseconomiques.fr\/wp-content\/uploads\/2025\/06\/adobestock_76561157.jpeg.webp\",\"contentUrl\":\"https:\/\/www.lesrencontreseconomiques.fr\/wp-content\/uploads\/2025\/06\/adobestock_76561157.jpeg.webp\",\"width\":1920,\"height\":750},{\"@type\":\"BreadcrumbList\",\"@id\":\"https:\/\/www.lesrencontreseconomiques.fr\/debats-idees\/repenser-la-puissance-douce-dans-un-ordre-mondial-en-mutation\/#breadcrumb\",\"itemListElement\":[{\"@type\":\"ListItem\",\"position\":1,\"name\":\"Accueil\",\"item\":\"https:\/\/www.lesrencontreseconomiques.fr\/\"},{\"@type\":\"ListItem\",\"position\":2,\"name\":\"D\u00e9bats & Id\u00e9es\",\"item\":\"https:\/\/www.lesrencontreseconomiques.fr\/debats-idees\/\"},{\"@type\":\"ListItem\",\"position\":3,\"name\":\"Repenser la puissance douce dans un ordre mondial en mutation\"}]},{\"@type\":\"WebSite\",\"@id\":\"https:\/\/www.lesrencontreseconomiques.fr\/#website\",\"url\":\"https:\/\/www.lesrencontreseconomiques.fr\/\",\"name\":\"Les Rencontres \u00c9conomiques\",\"description\":\"\",\"potentialAction\":[{\"@type\":\"SearchAction\",\"target\":{\"@type\":\"EntryPoint\",\"urlTemplate\":\"https:\/\/www.lesrencontreseconomiques.fr\/?s={search_term_string}\"},\"query-input\":{\"@type\":\"PropertyValueSpecification\",\"valueRequired\":true,\"valueName\":\"search_term_string\"}}],\"inLanguage\":\"fr-FR\"}]}<\/script>\n<!-- \/ Yoast SEO plugin. -->","yoast_head_json":{"title":"Repenser la puissance douce dans un ordre mondial en mutation - Les Rencontres \u00c9conomiques","robots":{"index":"index","follow":"follow","max-snippet":"max-snippet:-1","max-image-preview":"max-image-preview:large","max-video-preview":"max-video-preview:-1"},"canonical":"https:\/\/www.lesrencontreseconomiques.fr\/debats-idees\/repenser-la-puissance-douce-dans-un-ordre-mondial-en-mutation\/","og_locale":"fr_FR","og_type":"article","og_description":"Un village de Rukum, dans l\u2019ouest du N\u00e9pal, \u00e0 700 kilom\u00e8tres de la capitale Katmandou \u2014 bastion de l\u2019insurrection de dix ans entre 1996 et 2006 \u2014 gagne en popularit\u00e9 gr\u00e2ce \u00e0 plusieurs endroits pris\u00e9s pour r\u00e9aliser des vid\u00e9os sur TikTok. Un jeune homme de 19 ans venait de terminer l\u2019enregistrement d\u2019une vid\u00e9o de danse, [&hellip;]","og_url":"https:\/\/www.lesrencontreseconomiques.fr\/debats-idees\/repenser-la-puissance-douce-dans-un-ordre-mondial-en-mutation\/","og_site_name":"Les Rencontres \u00c9conomiques","article_publisher":"https:\/\/www.facebook.com\/Le.Cercle.des.Economistes\/","article_modified_time":"2025-06-29T13:37:08+00:00","og_image":[{"width":1920,"height":750,"url":"https:\/\/www.lesrencontreseconomiques.fr\/wp-content\/uploads\/2025\/06\/adobestock_76561157.jpeg.webp","type":"image\/webp"}],"twitter_card":"summary_large_image","twitter_site":"@Cercle_eco","twitter_misc":{"Dur\u00e9e de lecture estim\u00e9e":"5 minutes"},"schema":{"@context":"https:\/\/schema.org","@graph":[{"@type":"WebPage","@id":"https:\/\/www.lesrencontreseconomiques.fr\/debats-idees\/repenser-la-puissance-douce-dans-un-ordre-mondial-en-mutation\/","url":"https:\/\/www.lesrencontreseconomiques.fr\/debats-idees\/repenser-la-puissance-douce-dans-un-ordre-mondial-en-mutation\/","name":"Repenser la puissance douce dans un ordre mondial en mutation - Les Rencontres \u00c9conomiques","isPartOf":{"@id":"https:\/\/www.lesrencontreseconomiques.fr\/#website"},"primaryImageOfPage":{"@id":"https:\/\/www.lesrencontreseconomiques.fr\/debats-idees\/repenser-la-puissance-douce-dans-un-ordre-mondial-en-mutation\/#primaryimage"},"image":{"@id":"https:\/\/www.lesrencontreseconomiques.fr\/debats-idees\/repenser-la-puissance-douce-dans-un-ordre-mondial-en-mutation\/#primaryimage"},"thumbnailUrl":"https:\/\/www.lesrencontreseconomiques.fr\/wp-content\/uploads\/2025\/06\/adobestock_76561157.jpeg.webp","datePublished":"2025-06-29T13:37:07+00:00","dateModified":"2025-06-29T13:37:08+00:00","breadcrumb":{"@id":"https:\/\/www.lesrencontreseconomiques.fr\/debats-idees\/repenser-la-puissance-douce-dans-un-ordre-mondial-en-mutation\/#breadcrumb"},"inLanguage":"fr-FR","potentialAction":[{"@type":"ReadAction","target":["https:\/\/www.lesrencontreseconomiques.fr\/debats-idees\/repenser-la-puissance-douce-dans-un-ordre-mondial-en-mutation\/"]}]},{"@type":"ImageObject","inLanguage":"fr-FR","@id":"https:\/\/www.lesrencontreseconomiques.fr\/debats-idees\/repenser-la-puissance-douce-dans-un-ordre-mondial-en-mutation\/#primaryimage","url":"https:\/\/www.lesrencontreseconomiques.fr\/wp-content\/uploads\/2025\/06\/adobestock_76561157.jpeg.webp","contentUrl":"https:\/\/www.lesrencontreseconomiques.fr\/wp-content\/uploads\/2025\/06\/adobestock_76561157.jpeg.webp","width":1920,"height":750},{"@type":"BreadcrumbList","@id":"https:\/\/www.lesrencontreseconomiques.fr\/debats-idees\/repenser-la-puissance-douce-dans-un-ordre-mondial-en-mutation\/#breadcrumb","itemListElement":[{"@type":"ListItem","position":1,"name":"Accueil","item":"https:\/\/www.lesrencontreseconomiques.fr\/"},{"@type":"ListItem","position":2,"name":"D\u00e9bats & Id\u00e9es","item":"https:\/\/www.lesrencontreseconomiques.fr\/debats-idees\/"},{"@type":"ListItem","position":3,"name":"Repenser la puissance douce dans un ordre mondial en mutation"}]},{"@type":"WebSite","@id":"https:\/\/www.lesrencontreseconomiques.fr\/#website","url":"https:\/\/www.lesrencontreseconomiques.fr\/","name":"Les Rencontres \u00c9conomiques","description":"","potentialAction":[{"@type":"SearchAction","target":{"@type":"EntryPoint","urlTemplate":"https:\/\/www.lesrencontreseconomiques.fr\/?s={search_term_string}"},"query-input":{"@type":"PropertyValueSpecification","valueRequired":true,"valueName":"search_term_string"}}],"inLanguage":"fr-FR"}]}},"_links":{"self":[{"href":"https:\/\/www.lesrencontreseconomiques.fr\/wp-json\/wp\/v2\/blog\/22572","targetHints":{"allow":["GET"]}}],"collection":[{"href":"https:\/\/www.lesrencontreseconomiques.fr\/wp-json\/wp\/v2\/blog"}],"about":[{"href":"https:\/\/www.lesrencontreseconomiques.fr\/wp-json\/wp\/v2\/types\/blog"}],"wp:featuredmedia":[{"embeddable":true,"href":"https:\/\/www.lesrencontreseconomiques.fr\/wp-json\/wp\/v2\/media\/22573"}],"wp:attachment":[{"href":"https:\/\/www.lesrencontreseconomiques.fr\/wp-json\/wp\/v2\/media?parent=22572"}],"wp:term":[{"taxonomy":"cat-theme","embeddable":true,"href":"https:\/\/www.lesrencontreseconomiques.fr\/wp-json\/wp\/v2\/cat-theme?post=22572"},{"taxonomy":"cat-axe","embeddable":true,"href":"https:\/\/www.lesrencontreseconomiques.fr\/wp-json\/wp\/v2\/cat-axe?post=22572"}],"curies":[{"name":"wp","href":"https:\/\/api.w.org\/{rel}","templated":true}]}}