{"id":22568,"date":"2025-06-29T15:28:53","date_gmt":"2025-06-29T13:28:53","guid":{"rendered":"https:\/\/www.lesrencontreseconomiques.fr\/?post_type=blog&#038;p=22568"},"modified":"2025-06-29T15:28:54","modified_gmt":"2025-06-29T13:28:54","slug":"restaurer-le-leadership-pour-une-europe-plus-forte-et-democratique-dans-un-monde-multipolaire","status":"publish","type":"blog","link":"https:\/\/www.lesrencontreseconomiques.fr\/debats-idees\/restaurer-le-leadership-pour-une-europe-plus-forte-et-democratique-dans-un-monde-multipolaire\/","title":{"rendered":"Restaurer le leadership pour une Europe plus forte et d\u00e9mocratique dans un monde multipolaire"},"content":{"rendered":"\n<p>\u00c0 une \u00e9poque de multipolarit\u00e9 politique croissante, o\u00f9 les bouleversements g\u00e9opolitiques et \u00e9conomiques remettent en question les \u00e9quilibres de pouvoir traditionnels, l\u2019Europe doit repenser son r\u00f4le, non pas comme un bloc r\u00e9actif, mais comme un leader proactif. L\u2019influence grandissante de la Chine, l\u2019affirmation strat\u00e9gique des \u00c9tats du Golfe, ou encore la place croissante dans l\u2019agenda international de pays comme l\u2019Inde, le Br\u00e9sil ou l\u2019Afrique du Sud, sont autant de signaux d\u2019alerte pour que l\u2019Europe se r\u00e9invente. L\u2019incertitude persistante concernant l\u2019engagement mondial des \u00c9tats-Unis accentue le vide du leadership transatlantique \u2014 un vide que l\u2019Europe doit d\u00e9sormais chercher \u00e0 combler en partie. Pour y parvenir efficacement, face aux menaces de Poutine \u00e0 l\u2019Est et \u00e0 l\u2019incertitude que repr\u00e9sente Trump \u00e0 l\u2019Ouest, l\u2019Europe doit restaurer ses capacit\u00e9s de leadership interne et projeter des valeurs coh\u00e9rentes ainsi qu\u2019une strat\u00e9gie ax\u00e9e sur les r\u00e9sultats au-del\u00e0 de ses fronti\u00e8res.<\/p>\n\n\n\n<h3 class=\"wp-block-heading\">Le\u00e7ons de leadership issues des situations d\u2019urgence d\u00e9mocratiques<\/h3>\n\n\n\n<p>La Commission mondiale sur la d\u00e9mocratie et les situations d\u2019urgence du Club de Madrid \u2014 cr\u00e9\u00e9e \u00e0 la suite de la pand\u00e9mie de COVID-19 \u2014 offre des enseignements pr\u00e9cieux sur ce que signifie un leadership d\u00e9mocratique efficace en temps de crises convergentes et de polarisation croissante. La pand\u00e9mie a \u00e9t\u00e9 non seulement un choc sanitaire et \u00e9conomique, mais aussi un test de r\u00e9sistance pour la gouvernance. Elle a montr\u00e9 que le leadership fond\u00e9 sur la transparence, l\u2019inclusion civique, la r\u00e9silience institutionnelle et la prise de d\u00e9cisions fond\u00e9es sur des donn\u00e9es probantes est non seulement souhaitable, mais essentiel \u00e0 la survie de la d\u00e9mocratie.<\/p>\n\n\n\n<p>La Commission a soutenu que, dans les contextes d\u2019urgence, les dirigeants doivent agir avec d\u00e9termination, mais de mani\u00e8re d\u00e9mocratique \u2014 en s\u2019appuyant sur la loi, dans le respect des droits, et avec une supervision rigoureuse. La r\u00e9silience de nos syst\u00e8mes d\u00e9mocratiques d\u00e9pend de notre capacit\u00e9 \u00e0 nous pr\u00e9parer \u00e0 l\u2019incertitude, et \u00e0 diriger avec int\u00e9grit\u00e9 et responsabilit\u00e9. Dans le paysage mondial fragment\u00e9 actuel, ces le\u00e7ons d\u00e9passent la seule sant\u00e9 publique et s\u2019appliquent \u00e0 la s\u00e9curit\u00e9, au climat, \u00e0 la gouvernance num\u00e9rique et \u00e0 la r\u00e9organisation g\u00e9opolitique.<\/p>\n\n\n\n<h3 class=\"wp-block-heading\">L\u2019Europe doit diriger, pas seulement g\u00e9rer<\/h3>\n\n\n\n<p>La force de l\u2019Europe ne r\u00e9side pas dans la gestion des crises, mais dans sa capacit\u00e9 \u00e0 impulser une action mondiale fond\u00e9e sur des valeurs solides, aux c\u00f4t\u00e9s d\u2019autres partenaires. Pour cela, nous devons \u0153uvrer ensemble autour de trois imp\u00e9ratifs de leadership :<\/p>\n\n\n\n<h4 class=\"wp-block-heading\">1. Autonomie strat\u00e9gique par la coh\u00e9sion d\u00e9mocratique<\/h4>\n\n\n\n<p>L\u2019Europe doit de toute urgence surmonter ses divisions internes \u2014 qu\u2019elles soient politiques, \u00e9conomiques ou institutionnelles \u2014 afin d\u2019atteindre une v\u00e9ritable autonomie strat\u00e9gique. Mais cette autonomie ne doit pas conduire \u00e0 l\u2019isolement. Elle doit permettre \u00e0 l\u2019Union europ\u00e9enne d\u2019agir avec unit\u00e9 et d\u00e9termination, et de r\u00e9duire sa d\u00e9pendance dans les secteurs critiques, notamment dans un monde de plus en plus marqu\u00e9 par la rivalit\u00e9 g\u00e9opolitique et la fragmentation \u00e9conomique. Comme l\u2019expose&nbsp;<em>The Future of European Competitiveness<\/em>, l\u2019autonomie strat\u00e9gique doit s\u2019appuyer sur des politiques industrielles, commerciales et \u00e9conomiques ext\u00e9rieures coordonn\u00e9es qui renforcent la r\u00e9silience de l\u2019UE et r\u00e9duisent ses d\u00e9pendances critiques, en particulier dans les domaines des technologies propres et des mati\u00e8res premi\u00e8res essentielles.<\/p>\n\n\n\n<p>Cela dit, l\u2019autonomie strat\u00e9gique doit \u00e9galement reposer sur une base de r\u00e9silience d\u00e9mocratique. Cela implique de construire des institutions solides, de promouvoir une gouvernance inclusive et participative, d\u2019assurer une \u00e9conomie comp\u00e9titive, et de renforcer la capacit\u00e9 de l\u2019UE \u00e0 anticiper et r\u00e9pondre aux crises. Coh\u00e9sion d\u00e9mocratique et autonomie strat\u00e9gique vont de pair : les r\u00e9formes doivent \u00eatre ancr\u00e9es dans la l\u00e9gitimit\u00e9 d\u00e9mocratique, une gouvernance coordonn\u00e9e et un investissement collectif dans les biens publics \u2014 en particulier l\u2019innovation, la d\u00e9fense et la d\u00e9carbonation.<\/p>\n\n\n\n<h4 class=\"wp-block-heading\">2. Multilat\u00e9ralisme dans un monde multipolaire<\/h4>\n\n\n\n<p>L\u2019Europe doit plaider en faveur d\u2019une r\u00e9forme des institutions multilat\u00e9rales pour mieux refl\u00e9ter la r\u00e9partition actuelle du pouvoir mondial. Cela inclut un engagement constructif \u2014 et non d\u00e9fensif \u2014 avec des puissances montantes telles que la Chine, l\u2019Inde ou les \u00c9tats du Golfe. Plut\u00f4t que de les percevoir uniquement \u00e0 travers un prisme concurrentiel, l\u2019Europe doit rechercher une coop\u00e9ration pragmatique et strat\u00e9gique sur les d\u00e9fis communs, qu\u2019il s\u2019agisse de la r\u00e9silience climatique ou de la gouvernance num\u00e9rique, tout en d\u00e9fendant fermement les normes d\u00e9mocratiques comme lignes rouges.<\/p>\n\n\n\n<p>De plus, il est imp\u00e9ratif pour l\u2019UE de revitaliser ses alliances non seulement avec ses partenaires traditionnels, mais aussi avec la soci\u00e9t\u00e9 civile, le secteur priv\u00e9, les villes et les d\u00e9mocraties \u00e9mergentes \u00e0 travers le monde. Une Europe qui dirige doit \u00e9couter et co-construire la gouvernance mondiale avec ceux avec qui elle souhaite coop\u00e9rer.<\/p>\n\n\n\n<h4 class=\"wp-block-heading\">3. Innovation d\u00e9mocratique et confiance civique<\/h4>\n\n\n\n<p>Le leadership ne s\u2019exerce pas uniquement au sommet. La r\u00e9silience d\u00e9mocratique en p\u00e9riode de crise repose sur la confiance et la participation des citoyens. L\u2019Europe doit investir dans des outils participatifs \u2014 num\u00e9riques comme physiques \u2014 qui rapprochent les citoyens des d\u00e9cisions politiques. L\u2019innovation d\u00e9mocratique, \u00e0 travers des forums d\u00e9lib\u00e9ratifs et des plateformes civiques num\u00e9riques, est essentielle pour combler le d\u00e9ficit croissant de confiance dans les d\u00e9mocraties europ\u00e9ennes.<\/p>\n\n\n\n<p>Restaurer le leadership commence donc chez soi : par un engagement civique renouvel\u00e9, des mesures proactives contre la d\u00e9sinformation, et une \u00e9quit\u00e9 num\u00e9rique. Cela doit s\u2019accompagner d\u2019un socle \u00e9conomique solide, per\u00e7u comme tourn\u00e9 vers l\u2019avenir par les citoyens et capable de prot\u00e9ger les int\u00e9r\u00eats strat\u00e9giques de l\u2019Europe dans un monde interconnect\u00e9. Sans une population qui a confiance en ses institutions, l\u2019Europe ne peut esp\u00e9rer diriger sur la sc\u00e8ne internationale.<\/p>\n\n\n\n<h3 class=\"wp-block-heading\">Le moment d\u00e9mocratique de l\u2019Europe<\/h3>\n\n\n\n<p>L\u2019acc\u00e9l\u00e9ration de la fragmentation mondiale, les d\u00e9fis et les incertitudes exigent un changement de cap pour l\u2019Europe. Face aux alliances mouvantes, au d\u00e9couplage \u00e9conomique et aux menaces climatiques imminentes, le leadership europ\u00e9en doit \u00e9voluer et s\u2019adapter rapidement \u00e0 la r\u00e9alit\u00e9 en mutation. La prochaine vague de d\u00e9fis \u2014 perturbations technologiques, gestion des biens publics mondiaux, conflits actuels et \u00e9mergents \u2014 mettra \u00e0 l\u2019\u00e9preuve la capacit\u00e9 de l\u2019Europe \u00e0 diriger.<\/p>\n\n\n\n<p>La force de l\u2019Europe ne doit pas r\u00e9sider dans l\u2019imitation de mod\u00e8les d\u00e9pass\u00e9s ayant pu r\u00e9ussir \u00e0 une autre \u00e9poque, mais dans l\u2019offre d\u2019une alternative d\u00e9mocratique renouvel\u00e9e et coh\u00e9rente : inclusive, responsable, strat\u00e9gique et tourn\u00e9e vers l\u2019avenir. Ce qui peut sembler de l\u2019id\u00e9alisme est en r\u00e9alit\u00e9 une strat\u00e9gie n\u00e9cessaire et pragmatique pour pr\u00e9server la d\u00e9mocratie dans un environnement mondial complexe.<\/p>\n\n\n\n<p><strong>Le moment de restaurer le leadership est venu. Et le chemin vers une Europe plus forte passe par une action d\u00e9mocratique audacieuse.<\/strong><\/p>\n\n\n\n<p><\/p>\n","protected":false},"featured_media":22569,"template":"","cat-theme":[74],"cat-axe":[],"class_list":["post-22568","blog","type-blog","status-publish","has-post-thumbnail","hentry","cat-theme-geopolitique"],"acf":[],"yoast_head":"<!-- This site is optimized with the Yoast SEO plugin v26.5 - https:\/\/yoast.com\/wordpress\/plugins\/seo\/ -->\n<title>Restaurer le leadership pour une Europe plus forte et d\u00e9mocratique dans un monde multipolaire - Les Rencontres \u00c9conomiques<\/title>\n<meta name=\"robots\" content=\"index, follow, max-snippet:-1, max-image-preview:large, max-video-preview:-1\" \/>\n<link rel=\"canonical\" href=\"https:\/\/www.lesrencontreseconomiques.fr\/debats-idees\/restaurer-le-leadership-pour-une-europe-plus-forte-et-democratique-dans-un-monde-multipolaire\/\" \/>\n<meta property=\"og:locale\" content=\"fr_FR\" \/>\n<meta property=\"og:type\" content=\"article\" \/>\n<meta property=\"og:description\" content=\"\u00c0 une \u00e9poque de multipolarit\u00e9 politique croissante, o\u00f9 les bouleversements g\u00e9opolitiques et \u00e9conomiques remettent en question les \u00e9quilibres de pouvoir traditionnels, l\u2019Europe doit repenser son r\u00f4le, non pas comme un bloc r\u00e9actif, mais comme un leader proactif. L\u2019influence grandissante de la Chine, l\u2019affirmation strat\u00e9gique des \u00c9tats du Golfe, ou encore la place croissante dans l\u2019agenda [&hellip;]\" \/>\n<meta property=\"og:url\" content=\"https:\/\/www.lesrencontreseconomiques.fr\/debats-idees\/restaurer-le-leadership-pour-une-europe-plus-forte-et-democratique-dans-un-monde-multipolaire\/\" \/>\n<meta property=\"og:site_name\" content=\"Les Rencontres \u00c9conomiques\" \/>\n<meta property=\"article:publisher\" content=\"https:\/\/www.facebook.com\/Le.Cercle.des.Economistes\/\" \/>\n<meta property=\"article:modified_time\" content=\"2025-06-29T13:28:54+00:00\" \/>\n<meta property=\"og:image\" content=\"https:\/\/www.lesrencontreseconomiques.fr\/wp-content\/uploads\/2025\/06\/christian-lue-8Yw6tsB8tnc-unsplash-scaled-1.jpg\" \/>\n\t<meta property=\"og:image:width\" content=\"1600\" \/>\n\t<meta property=\"og:image:height\" content=\"936\" \/>\n\t<meta property=\"og:image:type\" content=\"image\/jpeg\" \/>\n<meta name=\"twitter:card\" content=\"summary_large_image\" \/>\n<meta name=\"twitter:site\" content=\"@Cercle_eco\" \/>\n<meta name=\"twitter:label1\" content=\"Dur\u00e9e de lecture estim\u00e9e\" \/>\n\t<meta name=\"twitter:data1\" content=\"6 minutes\" \/>\n<script type=\"application\/ld+json\" class=\"yoast-schema-graph\">{\"@context\":\"https:\/\/schema.org\",\"@graph\":[{\"@type\":\"WebPage\",\"@id\":\"https:\/\/www.lesrencontreseconomiques.fr\/debats-idees\/restaurer-le-leadership-pour-une-europe-plus-forte-et-democratique-dans-un-monde-multipolaire\/\",\"url\":\"https:\/\/www.lesrencontreseconomiques.fr\/debats-idees\/restaurer-le-leadership-pour-une-europe-plus-forte-et-democratique-dans-un-monde-multipolaire\/\",\"name\":\"Restaurer le leadership pour une Europe plus forte et d\u00e9mocratique dans un monde multipolaire - Les Rencontres \u00c9conomiques\",\"isPartOf\":{\"@id\":\"https:\/\/www.lesrencontreseconomiques.fr\/#website\"},\"primaryImageOfPage\":{\"@id\":\"https:\/\/www.lesrencontreseconomiques.fr\/debats-idees\/restaurer-le-leadership-pour-une-europe-plus-forte-et-democratique-dans-un-monde-multipolaire\/#primaryimage\"},\"image\":{\"@id\":\"https:\/\/www.lesrencontreseconomiques.fr\/debats-idees\/restaurer-le-leadership-pour-une-europe-plus-forte-et-democratique-dans-un-monde-multipolaire\/#primaryimage\"},\"thumbnailUrl\":\"https:\/\/www.lesrencontreseconomiques.fr\/wp-content\/uploads\/2025\/06\/christian-lue-8Yw6tsB8tnc-unsplash-scaled-1.jpg\",\"datePublished\":\"2025-06-29T13:28:53+00:00\",\"dateModified\":\"2025-06-29T13:28:54+00:00\",\"breadcrumb\":{\"@id\":\"https:\/\/www.lesrencontreseconomiques.fr\/debats-idees\/restaurer-le-leadership-pour-une-europe-plus-forte-et-democratique-dans-un-monde-multipolaire\/#breadcrumb\"},\"inLanguage\":\"fr-FR\",\"potentialAction\":[{\"@type\":\"ReadAction\",\"target\":[\"https:\/\/www.lesrencontreseconomiques.fr\/debats-idees\/restaurer-le-leadership-pour-une-europe-plus-forte-et-democratique-dans-un-monde-multipolaire\/\"]}]},{\"@type\":\"ImageObject\",\"inLanguage\":\"fr-FR\",\"@id\":\"https:\/\/www.lesrencontreseconomiques.fr\/debats-idees\/restaurer-le-leadership-pour-une-europe-plus-forte-et-democratique-dans-un-monde-multipolaire\/#primaryimage\",\"url\":\"https:\/\/www.lesrencontreseconomiques.fr\/wp-content\/uploads\/2025\/06\/christian-lue-8Yw6tsB8tnc-unsplash-scaled-1.jpg\",\"contentUrl\":\"https:\/\/www.lesrencontreseconomiques.fr\/wp-content\/uploads\/2025\/06\/christian-lue-8Yw6tsB8tnc-unsplash-scaled-1.jpg\",\"width\":1600,\"height\":936},{\"@type\":\"BreadcrumbList\",\"@id\":\"https:\/\/www.lesrencontreseconomiques.fr\/debats-idees\/restaurer-le-leadership-pour-une-europe-plus-forte-et-democratique-dans-un-monde-multipolaire\/#breadcrumb\",\"itemListElement\":[{\"@type\":\"ListItem\",\"position\":1,\"name\":\"Accueil\",\"item\":\"https:\/\/www.lesrencontreseconomiques.fr\/\"},{\"@type\":\"ListItem\",\"position\":2,\"name\":\"D\u00e9bats & Id\u00e9es\",\"item\":\"https:\/\/www.lesrencontreseconomiques.fr\/debats-idees\/\"},{\"@type\":\"ListItem\",\"position\":3,\"name\":\"Restaurer le leadership pour une Europe plus forte et d\u00e9mocratique dans un monde multipolaire\"}]},{\"@type\":\"WebSite\",\"@id\":\"https:\/\/www.lesrencontreseconomiques.fr\/#website\",\"url\":\"https:\/\/www.lesrencontreseconomiques.fr\/\",\"name\":\"Les Rencontres \u00c9conomiques\",\"description\":\"\",\"potentialAction\":[{\"@type\":\"SearchAction\",\"target\":{\"@type\":\"EntryPoint\",\"urlTemplate\":\"https:\/\/www.lesrencontreseconomiques.fr\/?s={search_term_string}\"},\"query-input\":{\"@type\":\"PropertyValueSpecification\",\"valueRequired\":true,\"valueName\":\"search_term_string\"}}],\"inLanguage\":\"fr-FR\"}]}<\/script>\n<!-- \/ Yoast SEO plugin. -->","yoast_head_json":{"title":"Restaurer le leadership pour une Europe plus forte et d\u00e9mocratique dans un monde multipolaire - Les Rencontres \u00c9conomiques","robots":{"index":"index","follow":"follow","max-snippet":"max-snippet:-1","max-image-preview":"max-image-preview:large","max-video-preview":"max-video-preview:-1"},"canonical":"https:\/\/www.lesrencontreseconomiques.fr\/debats-idees\/restaurer-le-leadership-pour-une-europe-plus-forte-et-democratique-dans-un-monde-multipolaire\/","og_locale":"fr_FR","og_type":"article","og_description":"\u00c0 une \u00e9poque de multipolarit\u00e9 politique croissante, o\u00f9 les bouleversements g\u00e9opolitiques et \u00e9conomiques remettent en question les \u00e9quilibres de pouvoir traditionnels, l\u2019Europe doit repenser son r\u00f4le, non pas comme un bloc r\u00e9actif, mais comme un leader proactif. L\u2019influence grandissante de la Chine, l\u2019affirmation strat\u00e9gique des \u00c9tats du Golfe, ou encore la place croissante dans l\u2019agenda [&hellip;]","og_url":"https:\/\/www.lesrencontreseconomiques.fr\/debats-idees\/restaurer-le-leadership-pour-une-europe-plus-forte-et-democratique-dans-un-monde-multipolaire\/","og_site_name":"Les Rencontres \u00c9conomiques","article_publisher":"https:\/\/www.facebook.com\/Le.Cercle.des.Economistes\/","article_modified_time":"2025-06-29T13:28:54+00:00","og_image":[{"width":1600,"height":936,"url":"https:\/\/www.lesrencontreseconomiques.fr\/wp-content\/uploads\/2025\/06\/christian-lue-8Yw6tsB8tnc-unsplash-scaled-1.jpg","type":"image\/jpeg"}],"twitter_card":"summary_large_image","twitter_site":"@Cercle_eco","twitter_misc":{"Dur\u00e9e de lecture estim\u00e9e":"6 minutes"},"schema":{"@context":"https:\/\/schema.org","@graph":[{"@type":"WebPage","@id":"https:\/\/www.lesrencontreseconomiques.fr\/debats-idees\/restaurer-le-leadership-pour-une-europe-plus-forte-et-democratique-dans-un-monde-multipolaire\/","url":"https:\/\/www.lesrencontreseconomiques.fr\/debats-idees\/restaurer-le-leadership-pour-une-europe-plus-forte-et-democratique-dans-un-monde-multipolaire\/","name":"Restaurer le leadership pour une Europe plus forte et d\u00e9mocratique dans un monde multipolaire - Les Rencontres \u00c9conomiques","isPartOf":{"@id":"https:\/\/www.lesrencontreseconomiques.fr\/#website"},"primaryImageOfPage":{"@id":"https:\/\/www.lesrencontreseconomiques.fr\/debats-idees\/restaurer-le-leadership-pour-une-europe-plus-forte-et-democratique-dans-un-monde-multipolaire\/#primaryimage"},"image":{"@id":"https:\/\/www.lesrencontreseconomiques.fr\/debats-idees\/restaurer-le-leadership-pour-une-europe-plus-forte-et-democratique-dans-un-monde-multipolaire\/#primaryimage"},"thumbnailUrl":"https:\/\/www.lesrencontreseconomiques.fr\/wp-content\/uploads\/2025\/06\/christian-lue-8Yw6tsB8tnc-unsplash-scaled-1.jpg","datePublished":"2025-06-29T13:28:53+00:00","dateModified":"2025-06-29T13:28:54+00:00","breadcrumb":{"@id":"https:\/\/www.lesrencontreseconomiques.fr\/debats-idees\/restaurer-le-leadership-pour-une-europe-plus-forte-et-democratique-dans-un-monde-multipolaire\/#breadcrumb"},"inLanguage":"fr-FR","potentialAction":[{"@type":"ReadAction","target":["https:\/\/www.lesrencontreseconomiques.fr\/debats-idees\/restaurer-le-leadership-pour-une-europe-plus-forte-et-democratique-dans-un-monde-multipolaire\/"]}]},{"@type":"ImageObject","inLanguage":"fr-FR","@id":"https:\/\/www.lesrencontreseconomiques.fr\/debats-idees\/restaurer-le-leadership-pour-une-europe-plus-forte-et-democratique-dans-un-monde-multipolaire\/#primaryimage","url":"https:\/\/www.lesrencontreseconomiques.fr\/wp-content\/uploads\/2025\/06\/christian-lue-8Yw6tsB8tnc-unsplash-scaled-1.jpg","contentUrl":"https:\/\/www.lesrencontreseconomiques.fr\/wp-content\/uploads\/2025\/06\/christian-lue-8Yw6tsB8tnc-unsplash-scaled-1.jpg","width":1600,"height":936},{"@type":"BreadcrumbList","@id":"https:\/\/www.lesrencontreseconomiques.fr\/debats-idees\/restaurer-le-leadership-pour-une-europe-plus-forte-et-democratique-dans-un-monde-multipolaire\/#breadcrumb","itemListElement":[{"@type":"ListItem","position":1,"name":"Accueil","item":"https:\/\/www.lesrencontreseconomiques.fr\/"},{"@type":"ListItem","position":2,"name":"D\u00e9bats & Id\u00e9es","item":"https:\/\/www.lesrencontreseconomiques.fr\/debats-idees\/"},{"@type":"ListItem","position":3,"name":"Restaurer le leadership pour une Europe plus forte et d\u00e9mocratique dans un monde multipolaire"}]},{"@type":"WebSite","@id":"https:\/\/www.lesrencontreseconomiques.fr\/#website","url":"https:\/\/www.lesrencontreseconomiques.fr\/","name":"Les Rencontres \u00c9conomiques","description":"","potentialAction":[{"@type":"SearchAction","target":{"@type":"EntryPoint","urlTemplate":"https:\/\/www.lesrencontreseconomiques.fr\/?s={search_term_string}"},"query-input":{"@type":"PropertyValueSpecification","valueRequired":true,"valueName":"search_term_string"}}],"inLanguage":"fr-FR"}]}},"_links":{"self":[{"href":"https:\/\/www.lesrencontreseconomiques.fr\/wp-json\/wp\/v2\/blog\/22568","targetHints":{"allow":["GET"]}}],"collection":[{"href":"https:\/\/www.lesrencontreseconomiques.fr\/wp-json\/wp\/v2\/blog"}],"about":[{"href":"https:\/\/www.lesrencontreseconomiques.fr\/wp-json\/wp\/v2\/types\/blog"}],"wp:featuredmedia":[{"embeddable":true,"href":"https:\/\/www.lesrencontreseconomiques.fr\/wp-json\/wp\/v2\/media\/22569"}],"wp:attachment":[{"href":"https:\/\/www.lesrencontreseconomiques.fr\/wp-json\/wp\/v2\/media?parent=22568"}],"wp:term":[{"taxonomy":"cat-theme","embeddable":true,"href":"https:\/\/www.lesrencontreseconomiques.fr\/wp-json\/wp\/v2\/cat-theme?post=22568"},{"taxonomy":"cat-axe","embeddable":true,"href":"https:\/\/www.lesrencontreseconomiques.fr\/wp-json\/wp\/v2\/cat-axe?post=22568"}],"curies":[{"name":"wp","href":"https:\/\/api.w.org\/{rel}","templated":true}]}}