{"id":22434,"date":"2025-06-27T11:53:07","date_gmt":"2025-06-27T09:53:07","guid":{"rendered":"https:\/\/www.lesrencontreseconomiques.fr\/?post_type=blog&#038;p=22434"},"modified":"2025-06-27T11:53:08","modified_gmt":"2025-06-27T09:53:08","slug":"vivre-avec-trump","status":"publish","type":"blog","link":"https:\/\/www.lesrencontreseconomiques.fr\/debats-idees\/vivre-avec-trump\/","title":{"rendered":"Vivre avec Trump"},"content":{"rendered":"\n<p>Le retour de Donald Trump \u00e0 la pr\u00e9sidence des Etats-Unis provoque une d\u00e9flagration bien plus violente qu\u2019en 2017. L\u2019impr\u00e9visibilit\u00e9, sa marque de fabrique, est cette fois exacerb\u00e9e par une politique commerciale d\u00e9sinhib\u00e9e et par un contexte g\u00e9opolitique d\u00e9j\u00e0 fragilis\u00e9.&nbsp;<\/p>\n\n\n\n<p>Naturellement, chacun cherche des moyens de se rassurer. Les march\u00e9s s\u2019accrochent \u00e0 l\u2019id\u00e9e que Trump finit toujours par prendre peur, un ph\u00e9nom\u00e8ne que les traders ont commenc\u00e9 \u00e0 int\u00e9rioriser avec leur&nbsp;<strong>TACO trade<\/strong>&nbsp;(Trump Always Chickens Out). En Europe, d\u2019autres caressent l\u2019espoir que la brutalit\u00e9 trumpienne r\u00e9veillera enfin les \u00e9nergies n\u00e9cessaires \u00e0 une vraie autonomie strat\u00e9gique permise par le regain d\u2019int\u00e9r\u00eat des investisseurs et un sursaut institutionnel.&nbsp;<\/p>\n\n\n\n<p>Ces biais cognitifs ne doivent pas nourrir une complaisance dangereuse.&nbsp;<\/p>\n\n\n\n<p>D\u2019abord, Trump tient \u00e0 sa politique commerciale de rupture. Et il passe plus souvent \u00e0 l\u2019acte qu\u2019il n\u2019y para\u00eet. Nos travaux au Centre de G\u00e9oeconomie de l\u2019Atlantic Council montrent que sur les 26 menaces de tarifs \u00e9nonc\u00e9es depuis janvier, 12 ont effectivement donn\u00e9 lieu \u00e0 des mesures concr\u00e8tes. Cela signifie qu\u2019<strong>une menace sur 2,13<\/strong>&nbsp;se traduit par une d\u00e9cision r\u00e9elle \u2013 une fr\u00e9quence bien sup\u00e9rieure \u00e0 ce que le ton erratique du pr\u00e9sident pourrait laisser penser.<\/p>\n\n\n\n<p>L\u2019administration Trump ne peut pas se passer des revenus qu\u2019elle esp\u00e8re g\u00e9n\u00e9rer par ses p\u00e9ages douaniers. Le presque d\u00e9funt d\u00e9partement de l&rsquo;Efficacit\u00e9 gouvernementale cr\u00e9e par Elon Musk n\u2019a pas \u00e9conomis\u00e9 grand-chose par rapport aux deux mille milliards promis. Les tarifs constituent donc un levier essentiel pour rassurer les quelques \u2018faucons budg\u00e9taires\u2019 dans la coalition r\u00e9publicaine qui maintiennent un certain poids au S\u00e9nat.&nbsp;<\/p>\n\n\n\n<p>M\u00eame si le blocage judiciaire contre l\u2019usage des tarifs r\u00e9ciproques annonc\u00e9s le 2 avril est confirm\u00e9, Trump pourra sans soutien du Congr\u00e8s, imposer des droits de douane unilat\u00e9raux jusqu\u2019\u00e0 15%. Il a aussi montr\u00e9 qu\u2019il n\u2019h\u00e9sitait pas \u00e0 instrumentaliser ses pr\u00e9rogatives sur la s\u00e9curit\u00e9 nationale pour cibler des secteurs cl\u00e9s pour l\u2019Europe. Les entreprises devront \u00e9galement se pr\u00e9munir contre la section 899 du Big Beautiful Bill (le projet de loi qui porte le budget). Celle-ci devrait octroyer au Tr\u00e9sor am\u00e9ricain le pouvoir de r\u00e9torquer \u00e0 des taxes jug\u00e9es discriminatoires aux entreprises am\u00e9ricaines. La France y sera quasi certainement cibl\u00e9e du fait de sa taxe sur les services num\u00e9riques.&nbsp;<\/p>\n\n\n\n<p>L\u2019Union Europ\u00e9enne devra simultan\u00e9ment faire preuve de fermet\u00e9 face \u00e0 Washington tout en restant ouverte \u00e0 toute coordination possible en mati\u00e8re de s\u00e9curit\u00e9 \u00e9conomique. En sus des tarifs, la nouvelle bo\u00eete \u00e0 outils inclut les sanctions, le filtrage des investissements et les contr\u00f4les \u00e0 l\u2019export, notamment des puces suffisamment performantes pour l\u2019intelligence artificielle. D\u00e8s son premier d\u00e9placement au Moyen Orient, Trump a montr\u00e9 qu\u2019il \u00e9tait pr\u00eat \u00e0 changer les r\u00e8gles pour des pays qu\u2019il appr\u00e9cie. Il peut aussi bien les resserrer pour les partenaires qui l\u2019emb\u00eatent.&nbsp;<\/p>\n\n\n\n<p>La dette et les actifs du vieux continent retrouvent certes une attractivit\u00e9 relative. Mais ce n\u2019est ni structurel ni stable. Les march\u00e9s ne feront toujours pas de cadeau aux pays \u00e0 haut d\u00e9ficit. Pour un vrai sursaut europ\u00e9en, il faudra \u00e0 la fois balayer devant sa porte et s\u2019accorder sur un&nbsp;<strong>instrument financier commun<\/strong>. Cela dit, la France aura raison d\u2019insister que le capital lev\u00e9 soit d\u00e9di\u00e9 \u00e0 des fournisseurs europ\u00e9ens. Il est n\u00e9cessaire de b\u00e2tir une meilleure base technologique et industrielle de la d\u00e9fense europ\u00e9enne.&nbsp;<\/p>\n\n\n\n<p>Cela devrait m\u00eame \u00eatre possible sans trop brusquer Trump puisque les nouveaux objectifs otaniens impliquent une croissance marqu\u00e9e des d\u00e9penses militaires. Les \u00e9tats pourront toujours se servir de leurs budgets nationaux pour acheter am\u00e9ricain, une condition essentielle pour s\u2019assurer les faveurs du Pr\u00e9sident. Tout en veillant \u00e0 leurs propres int\u00e9r\u00eats, les Europ\u00e9ens devraient pouvoir entretenir la relation avec les Etats-Unis \u00e0 coup d\u2019engagements sur l\u2019achat d\u2019armes (y compris pour les donner \u00e0 l\u2019Ukraine) et de contrats gaziers.&nbsp;<\/p>\n\n\n\n<p>Esp\u00e9rons n\u00e9anmoins qu\u2019apr\u00e8s Lisbonne quelques capitales suppl\u00e9mentaires penchent en faveur du Rafale.&nbsp;<\/p>\n","protected":false},"featured_media":22435,"template":"","cat-theme":[],"cat-axe":[],"class_list":["post-22434","blog","type-blog","status-publish","has-post-thumbnail","hentry"],"acf":[],"yoast_head":"<!-- This site is optimized with the Yoast SEO plugin v26.5 - https:\/\/yoast.com\/wordpress\/plugins\/seo\/ -->\n<title>Vivre avec Trump - Les Rencontres \u00c9conomiques<\/title>\n<meta name=\"robots\" content=\"index, follow, max-snippet:-1, max-image-preview:large, max-video-preview:-1\" \/>\n<link rel=\"canonical\" href=\"https:\/\/www.lesrencontreseconomiques.fr\/debats-idees\/vivre-avec-trump\/\" \/>\n<meta property=\"og:locale\" content=\"fr_FR\" \/>\n<meta property=\"og:type\" content=\"article\" \/>\n<meta property=\"og:description\" content=\"Le retour de Donald Trump \u00e0 la pr\u00e9sidence des Etats-Unis provoque une d\u00e9flagration bien plus violente qu\u2019en 2017. L\u2019impr\u00e9visibilit\u00e9, sa marque de fabrique, est cette fois exacerb\u00e9e par une politique commerciale d\u00e9sinhib\u00e9e et par un contexte g\u00e9opolitique d\u00e9j\u00e0 fragilis\u00e9.&nbsp; Naturellement, chacun cherche des moyens de se rassurer. Les march\u00e9s s\u2019accrochent \u00e0 l\u2019id\u00e9e que Trump finit [&hellip;]\" \/>\n<meta property=\"og:url\" content=\"https:\/\/www.lesrencontreseconomiques.fr\/debats-idees\/vivre-avec-trump\/\" \/>\n<meta property=\"og:site_name\" content=\"Les Rencontres \u00c9conomiques\" \/>\n<meta property=\"article:publisher\" content=\"https:\/\/www.facebook.com\/Le.Cercle.des.Economistes\/\" \/>\n<meta property=\"article:modified_time\" content=\"2025-06-27T09:53:08+00:00\" \/>\n<meta property=\"og:image\" content=\"https:\/\/www.lesrencontreseconomiques.fr\/wp-content\/uploads\/2025\/06\/AdobeStock_549828612_Editorial_Use_Only.jpeg\" \/>\n\t<meta property=\"og:image:width\" content=\"1600\" \/>\n\t<meta property=\"og:image:height\" content=\"1067\" \/>\n\t<meta property=\"og:image:type\" content=\"image\/jpeg\" \/>\n<meta name=\"twitter:card\" content=\"summary_large_image\" \/>\n<meta name=\"twitter:site\" content=\"@Cercle_eco\" \/>\n<meta name=\"twitter:label1\" content=\"Dur\u00e9e de lecture estim\u00e9e\" \/>\n\t<meta name=\"twitter:data1\" content=\"4 minutes\" \/>\n<script type=\"application\/ld+json\" class=\"yoast-schema-graph\">{\"@context\":\"https:\/\/schema.org\",\"@graph\":[{\"@type\":\"WebPage\",\"@id\":\"https:\/\/www.lesrencontreseconomiques.fr\/debats-idees\/vivre-avec-trump\/\",\"url\":\"https:\/\/www.lesrencontreseconomiques.fr\/debats-idees\/vivre-avec-trump\/\",\"name\":\"Vivre avec Trump - Les Rencontres \u00c9conomiques\",\"isPartOf\":{\"@id\":\"https:\/\/www.lesrencontreseconomiques.fr\/#website\"},\"primaryImageOfPage\":{\"@id\":\"https:\/\/www.lesrencontreseconomiques.fr\/debats-idees\/vivre-avec-trump\/#primaryimage\"},\"image\":{\"@id\":\"https:\/\/www.lesrencontreseconomiques.fr\/debats-idees\/vivre-avec-trump\/#primaryimage\"},\"thumbnailUrl\":\"https:\/\/www.lesrencontreseconomiques.fr\/wp-content\/uploads\/2025\/06\/AdobeStock_549828612_Editorial_Use_Only.jpeg\",\"datePublished\":\"2025-06-27T09:53:07+00:00\",\"dateModified\":\"2025-06-27T09:53:08+00:00\",\"breadcrumb\":{\"@id\":\"https:\/\/www.lesrencontreseconomiques.fr\/debats-idees\/vivre-avec-trump\/#breadcrumb\"},\"inLanguage\":\"fr-FR\",\"potentialAction\":[{\"@type\":\"ReadAction\",\"target\":[\"https:\/\/www.lesrencontreseconomiques.fr\/debats-idees\/vivre-avec-trump\/\"]}]},{\"@type\":\"ImageObject\",\"inLanguage\":\"fr-FR\",\"@id\":\"https:\/\/www.lesrencontreseconomiques.fr\/debats-idees\/vivre-avec-trump\/#primaryimage\",\"url\":\"https:\/\/www.lesrencontreseconomiques.fr\/wp-content\/uploads\/2025\/06\/AdobeStock_549828612_Editorial_Use_Only.jpeg\",\"contentUrl\":\"https:\/\/www.lesrencontreseconomiques.fr\/wp-content\/uploads\/2025\/06\/AdobeStock_549828612_Editorial_Use_Only.jpeg\",\"width\":1600,\"height\":1067},{\"@type\":\"BreadcrumbList\",\"@id\":\"https:\/\/www.lesrencontreseconomiques.fr\/debats-idees\/vivre-avec-trump\/#breadcrumb\",\"itemListElement\":[{\"@type\":\"ListItem\",\"position\":1,\"name\":\"Accueil\",\"item\":\"https:\/\/www.lesrencontreseconomiques.fr\/\"},{\"@type\":\"ListItem\",\"position\":2,\"name\":\"D\u00e9bats & Id\u00e9es\",\"item\":\"https:\/\/www.lesrencontreseconomiques.fr\/debats-idees\/\"},{\"@type\":\"ListItem\",\"position\":3,\"name\":\"Vivre avec Trump\"}]},{\"@type\":\"WebSite\",\"@id\":\"https:\/\/www.lesrencontreseconomiques.fr\/#website\",\"url\":\"https:\/\/www.lesrencontreseconomiques.fr\/\",\"name\":\"Les Rencontres \u00c9conomiques\",\"description\":\"\",\"potentialAction\":[{\"@type\":\"SearchAction\",\"target\":{\"@type\":\"EntryPoint\",\"urlTemplate\":\"https:\/\/www.lesrencontreseconomiques.fr\/?s={search_term_string}\"},\"query-input\":{\"@type\":\"PropertyValueSpecification\",\"valueRequired\":true,\"valueName\":\"search_term_string\"}}],\"inLanguage\":\"fr-FR\"}]}<\/script>\n<!-- \/ Yoast SEO plugin. -->","yoast_head_json":{"title":"Vivre avec Trump - Les Rencontres \u00c9conomiques","robots":{"index":"index","follow":"follow","max-snippet":"max-snippet:-1","max-image-preview":"max-image-preview:large","max-video-preview":"max-video-preview:-1"},"canonical":"https:\/\/www.lesrencontreseconomiques.fr\/debats-idees\/vivre-avec-trump\/","og_locale":"fr_FR","og_type":"article","og_description":"Le retour de Donald Trump \u00e0 la pr\u00e9sidence des Etats-Unis provoque une d\u00e9flagration bien plus violente qu\u2019en 2017. L\u2019impr\u00e9visibilit\u00e9, sa marque de fabrique, est cette fois exacerb\u00e9e par une politique commerciale d\u00e9sinhib\u00e9e et par un contexte g\u00e9opolitique d\u00e9j\u00e0 fragilis\u00e9.&nbsp; Naturellement, chacun cherche des moyens de se rassurer. Les march\u00e9s s\u2019accrochent \u00e0 l\u2019id\u00e9e que Trump finit [&hellip;]","og_url":"https:\/\/www.lesrencontreseconomiques.fr\/debats-idees\/vivre-avec-trump\/","og_site_name":"Les Rencontres \u00c9conomiques","article_publisher":"https:\/\/www.facebook.com\/Le.Cercle.des.Economistes\/","article_modified_time":"2025-06-27T09:53:08+00:00","og_image":[{"width":1600,"height":1067,"url":"https:\/\/www.lesrencontreseconomiques.fr\/wp-content\/uploads\/2025\/06\/AdobeStock_549828612_Editorial_Use_Only.jpeg","type":"image\/jpeg"}],"twitter_card":"summary_large_image","twitter_site":"@Cercle_eco","twitter_misc":{"Dur\u00e9e de lecture estim\u00e9e":"4 minutes"},"schema":{"@context":"https:\/\/schema.org","@graph":[{"@type":"WebPage","@id":"https:\/\/www.lesrencontreseconomiques.fr\/debats-idees\/vivre-avec-trump\/","url":"https:\/\/www.lesrencontreseconomiques.fr\/debats-idees\/vivre-avec-trump\/","name":"Vivre avec Trump - Les Rencontres \u00c9conomiques","isPartOf":{"@id":"https:\/\/www.lesrencontreseconomiques.fr\/#website"},"primaryImageOfPage":{"@id":"https:\/\/www.lesrencontreseconomiques.fr\/debats-idees\/vivre-avec-trump\/#primaryimage"},"image":{"@id":"https:\/\/www.lesrencontreseconomiques.fr\/debats-idees\/vivre-avec-trump\/#primaryimage"},"thumbnailUrl":"https:\/\/www.lesrencontreseconomiques.fr\/wp-content\/uploads\/2025\/06\/AdobeStock_549828612_Editorial_Use_Only.jpeg","datePublished":"2025-06-27T09:53:07+00:00","dateModified":"2025-06-27T09:53:08+00:00","breadcrumb":{"@id":"https:\/\/www.lesrencontreseconomiques.fr\/debats-idees\/vivre-avec-trump\/#breadcrumb"},"inLanguage":"fr-FR","potentialAction":[{"@type":"ReadAction","target":["https:\/\/www.lesrencontreseconomiques.fr\/debats-idees\/vivre-avec-trump\/"]}]},{"@type":"ImageObject","inLanguage":"fr-FR","@id":"https:\/\/www.lesrencontreseconomiques.fr\/debats-idees\/vivre-avec-trump\/#primaryimage","url":"https:\/\/www.lesrencontreseconomiques.fr\/wp-content\/uploads\/2025\/06\/AdobeStock_549828612_Editorial_Use_Only.jpeg","contentUrl":"https:\/\/www.lesrencontreseconomiques.fr\/wp-content\/uploads\/2025\/06\/AdobeStock_549828612_Editorial_Use_Only.jpeg","width":1600,"height":1067},{"@type":"BreadcrumbList","@id":"https:\/\/www.lesrencontreseconomiques.fr\/debats-idees\/vivre-avec-trump\/#breadcrumb","itemListElement":[{"@type":"ListItem","position":1,"name":"Accueil","item":"https:\/\/www.lesrencontreseconomiques.fr\/"},{"@type":"ListItem","position":2,"name":"D\u00e9bats & Id\u00e9es","item":"https:\/\/www.lesrencontreseconomiques.fr\/debats-idees\/"},{"@type":"ListItem","position":3,"name":"Vivre avec Trump"}]},{"@type":"WebSite","@id":"https:\/\/www.lesrencontreseconomiques.fr\/#website","url":"https:\/\/www.lesrencontreseconomiques.fr\/","name":"Les Rencontres \u00c9conomiques","description":"","potentialAction":[{"@type":"SearchAction","target":{"@type":"EntryPoint","urlTemplate":"https:\/\/www.lesrencontreseconomiques.fr\/?s={search_term_string}"},"query-input":{"@type":"PropertyValueSpecification","valueRequired":true,"valueName":"search_term_string"}}],"inLanguage":"fr-FR"}]}},"_links":{"self":[{"href":"https:\/\/www.lesrencontreseconomiques.fr\/wp-json\/wp\/v2\/blog\/22434","targetHints":{"allow":["GET"]}}],"collection":[{"href":"https:\/\/www.lesrencontreseconomiques.fr\/wp-json\/wp\/v2\/blog"}],"about":[{"href":"https:\/\/www.lesrencontreseconomiques.fr\/wp-json\/wp\/v2\/types\/blog"}],"wp:featuredmedia":[{"embeddable":true,"href":"https:\/\/www.lesrencontreseconomiques.fr\/wp-json\/wp\/v2\/media\/22435"}],"wp:attachment":[{"href":"https:\/\/www.lesrencontreseconomiques.fr\/wp-json\/wp\/v2\/media?parent=22434"}],"wp:term":[{"taxonomy":"cat-theme","embeddable":true,"href":"https:\/\/www.lesrencontreseconomiques.fr\/wp-json\/wp\/v2\/cat-theme?post=22434"},{"taxonomy":"cat-axe","embeddable":true,"href":"https:\/\/www.lesrencontreseconomiques.fr\/wp-json\/wp\/v2\/cat-axe?post=22434"}],"curies":[{"name":"wp","href":"https:\/\/api.w.org\/{rel}","templated":true}]}}