{"id":22430,"date":"2025-06-27T11:45:27","date_gmt":"2025-06-27T09:45:27","guid":{"rendered":"https:\/\/www.lesrencontreseconomiques.fr\/?post_type=blog&#038;p=22430"},"modified":"2025-06-27T11:45:28","modified_gmt":"2025-06-27T09:45:28","slug":"le-role-des-banques-face-a-la-crise-du-logement","status":"publish","type":"blog","link":"https:\/\/www.lesrencontreseconomiques.fr\/debats-idees\/le-role-des-banques-face-a-la-crise-du-logement\/","title":{"rendered":"Le\u00a0r\u00f4le des banques face \u00e0 la crise du\u00a0logement"},"content":{"rendered":"\n<p><\/p>\n\n\n\n<p>La crise actuelle du logement s\u2019explique d\u2019abord par des facteurs structurels. Des dynamiques d\u00e9mographiques et soci\u00e9tales ont profond\u00e9ment renforc\u00e9 la demande : vieillissement de la population, hausse du c\u00e9libat, d\u00e9cohabitation, tourisme ou encore m\u00e9tropolisation. Ces \u00e9volutions ont accentu\u00e9 les d\u00e9s\u00e9quilibres territoriaux : certaines zones sont devenues inaccessibles tandis que d\u2019autres voient leur parc se vider, faute d\u2019attractivit\u00e9.&nbsp;Ce d\u00e9s\u00e9quilibre global et persistant, entre une demande galopante et une offre ne parvenant pas \u00e0 s\u2019ajuster, a provoqu\u00e9 une hausse spectaculaire des prix (+147% sur 25 ans selon l\u2019Insee, contre seulement +50% pour l\u2019indice des prix \u00e0 la consommation). Depuis 2022, la remont\u00e9e brutale des taux d\u2019int\u00e9r\u00eat des cr\u00e9dits immobiliers, due \u00e0 la lutte contre l\u2019inflation men\u00e9e par les banques centrales, a r\u00e9duit d\u2019environ 25% le pouvoir d\u2019achat immobilier des emprunteurs, tandis que l\u2019inflation a entam\u00e9 leur reste \u00e0 vivre. Dans un march\u00e9 \u00e9quilibr\u00e9, la baisse de la demande aurait d\u00fb entra\u00eener un recul significatif des prix. Mais une demande structurellement \u00e9lev\u00e9e et une offre en net recul ont frein\u00e9 cet ajustement. En effet, le secteur de la construction de logements s\u2019est effondr\u00e9 (291&nbsp;600 logements commenc\u00e9s sur les 12 derniers mois, soit 25% de moins qu\u2019avant 2020), en cause, la hausse des prix des mat\u00e9riaux et de l\u2019\u00e9nergie. Dans l\u2019ancien, les volumes de transactions ont \u00e9galement chut\u00e9 de 22% entre 2022 et 2024.<\/p>\n\n\n\n<div style=\"height:7px\" aria-hidden=\"true\" class=\"wp-block-spacer\"><\/div>\n\n\n\n<p>Dans ce contexte de crise, on peut souligner l\u2019int\u00e9r\u00eat de certains programmes de recherche qui rassemblent tous les acteurs du secteur pour \u00e9clairer la politique du logement de demain, comme celui port\u00e9 par le Plan Urbanisme Construction Architecture (PUCA) ou du Conseil National de l\u2019Habitat (CNH) qui va s\u2019attacher \u00e0 mieux comprendre les besoins en logements \u00e0 long terme.<\/p>\n\n\n\n<div style=\"height:7px\" aria-hidden=\"true\" class=\"wp-block-spacer\"><\/div>\n\n\n\n<p>Le financement des projets immobiliers est au c\u0153ur de l\u2019activit\u00e9 des banques fran\u00e7aises. En France, 80% des personnes ayant achet\u00e9 une r\u00e9sidence principale au cours des 3 derni\u00e8res ann\u00e9es ont eu recours \u00e0 un cr\u00e9dit selon un barom\u00e8tre Ifop<a href=\"applewebdata:\/\/9CF6E532-5501-445E-B1C8-880C579B93E1#_ftn1\"><sup>[1]<\/sup><\/a>. Au total, l\u2019encours des cr\u00e9dits \u00e0 l\u2019habitat en France atteint 1.282<a href=\"applewebdata:\/\/9CF6E532-5501-445E-B1C8-880C579B93E1#_ftn2\"><sup>[2]<\/sup><\/a>&nbsp;milliards d\u2019euros \u00e0 fin avril 2025, ce qui repr\u00e9sente 84% des cr\u00e9dits accord\u00e9s aux particuliers. La part des cr\u00e9dits destin\u00e9s \u00e0 l\u2019achat de logements neufs s\u2019\u00e9tablit \u00e0 15% au 1er trimestre 2025, elle \u00e9tait de 26% en moyenne entre 2011 et 2019. La production est plus dynamique que chez nos voisins europ\u00e9ens, 12,6<sup>6<\/sup>&nbsp;milliards d\u2019euros en avril 2025, d\u00e9passant sa moyenne des 15 derni\u00e8res ann\u00e9es (la production de cr\u00e9dits \u00e0 l\u2019habitat en France atteint 4,1% du PIB en 2024, contre 3,5% en moyenne dans la zone euro).&nbsp;<\/p>\n\n\n\n<div style=\"height:7px\" aria-hidden=\"true\" class=\"wp-block-spacer\"><\/div>\n\n\n\n<p>Les chiffres montrent combien les banques sont aux c\u00f4t\u00e9s des m\u00e9nages pour financer leurs projets : achat et construction du logement, \u00e9co-r\u00e9novation\u2026 Et s\u2019expliquent par un mod\u00e8le fran\u00e7ais de cr\u00e9dit immobilier unique au monde. Un mod\u00e8le solide et protecteur qui est une sp\u00e9cificit\u00e9 qu\u2019il faut pr\u00e9server et d\u00e9fendre. Avec des taux qui sont parmi les moins chers d\u2019Europe (3,03% en avril<a href=\"applewebdata:\/\/9CF6E532-5501-445E-B1C8-880C579B93E1#_ftn3\">[3]<\/a>&nbsp;contre 3,27% en moyenne en zone euro), les financements sont accord\u00e9s dans l\u2019immense majorit\u00e9 des cas \u00e0 taux fixes sur toute la dur\u00e9e du pr\u00eat : 97% de la production en avril contre 87% en Allemagne par exemple (taux dont la dur\u00e9e de fixation est sup\u00e9rieure \u00e0 un an). Enfin et surtout, les banques fran\u00e7aises pratiquent un cr\u00e9dit responsable, fond\u00e9 sur la capacit\u00e9 de remboursement de l\u2019emprunteur. Elles b\u00e9n\u00e9ficient en outre d\u2019une forte pr\u00e9sence territoriale (1\/3 des agences de la zone euro), qui leur permet d\u2019appr\u00e9cier localement la qualit\u00e9 des biens et de participer activement \u00e0 la revitalisation des territoires.<\/p>\n\n\n\n<div style=\"height:7px\" aria-hidden=\"true\" class=\"wp-block-spacer\"><\/div>\n\n\n\n<p>Les banques sont l\u00e0 pour financer tous les acteurs de l\u2019\u00e9cosyst\u00e8me de l\u2019immobilier, les professionnels comme les m\u00e9nages, les acheteurs comme les vendeurs\u2026 Il apparait n\u00e9cessaire de d\u00e9velopper l&rsquo;offre de logement dans tous les segments, dans toutes les zones en ayant besoin, \u00e0 prix abordable. Le logement est non seulement le premier poste budg\u00e9taire des m\u00e9nages, il est \u00e9galement fondamental pour l\u2019acc\u00e8s \u00e0 l&#8217;emploi, aux services, pour la s\u00e9curit\u00e9 et la qualit\u00e9 de vie, pour la retraite\u2026 C\u2019est dans ce contexte que la profession bancaire a adress\u00e9 aux pouvoirs publics plusieurs propositions pour faciliter le parcours r\u00e9sidentiel des m\u00e9nages mais aussi pour am\u00e9liorer les dispositifs existants de financement de la r\u00e9novation \u00e9nerg\u00e9tique des b\u00e2timents. On peut citer la proposition d\u2019extension du PTZ ancien ou encore la cr\u00e9ation d\u2019un statut de bailleur priv\u00e9 non professionnel qui agirait comme dispositif incitatif \u00e0 l\u2019investissement des particuliers dans le locatif priv\u00e9.<\/p>\n\n\n\n<div style=\"height:7px\" aria-hidden=\"true\" class=\"wp-block-spacer\"><\/div>\n\n\n\n<p>Les sp\u00e9cificit\u00e9s de l\u2019Union europ\u00e9enne, notamment sur les pr\u00eats immobiliers, doivent \u00eatre mieux prises en compte afin de pr\u00e9server la souverainet\u00e9 de l\u2019Europe et une \u00e9galit\u00e9 de concurrence avec les pays tiers. Le cr\u00e9dit immobilier \u00e0 taux fixe, protecteur pour les m\u00e9nages, est trait\u00e9 comme source de risques par les superviseurs des banques : l\u2019\u00e9quilibre reste \u00e0 trouver. La banque g\u00e8re mieux le risque de taux qu\u2019un m\u00e9nage et le prot\u00e8ge en lui offrant des taux fixes. Si ce risque est transf\u00e9r\u00e9 au client pour \u00ab prot\u00e9ger la banque \u00bb, et qu\u2019il devient insolvable, alors la banque s\u2019expose elle aussi. Enfin, il est indispensable que les r\u00e8gles b\u00e2loises tiennent compte de la sp\u00e9cificit\u00e9 de notre mod\u00e8le, extr\u00eamement solide, et qu\u2019elles n\u2019aient pas d\u2019impact significatif sur les exigences de fonds propres afin que les banques fran\u00e7aises puissent continuer de financer de mani\u00e8re efficiente l\u2019\u00e9conomie.<\/p>\n\n\n\n<div style=\"height:7px\" aria-hidden=\"true\" class=\"wp-block-spacer\"><\/div>\n\n\n\n<p><strong>L\u2019objectif des banques fran\u00e7aises est clair sur le moyen\/long terme : il faut pouvoir loger le plus grand nombre et le faire correctement dans des logements neufs ou r\u00e9nov\u00e9s.<\/strong><strong><\/strong><\/p>\n\n\n\n<hr class=\"wp-block-separator has-alpha-channel-opacity\"\/>\n\n\n\n<p><a href=\"applewebdata:\/\/9CF6E532-5501-445E-B1C8-880C579B93E1#_ftnref1\"><sup>[1]<\/sup><\/a>Barom\u00e8tre Ifop pour Optimhome, Comportements d\u2019achat et de vente de biens immobiliers, Mai 2023<\/p>\n\n\n\n<p><a href=\"applewebdata:\/\/9CF6E532-5501-445E-B1C8-880C579B93E1#_ftnref2\"><sup>[2]<\/sup><\/a>&nbsp;Banque de France<\/p>\n\n\n\n<p><a href=\"applewebdata:\/\/9CF6E532-5501-445E-B1C8-880C579B93E1#_ftnref3\"><sup>[3]<\/sup><\/a>&nbsp;BCE<\/p>\n","protected":false},"featured_media":22431,"template":"","cat-theme":[68],"cat-axe":[],"class_list":["post-22430","blog","type-blog","status-publish","has-post-thumbnail","hentry","cat-theme-social-demographie"],"acf":[],"yoast_head":"<!-- This site is optimized with the Yoast SEO plugin v26.5 - https:\/\/yoast.com\/wordpress\/plugins\/seo\/ -->\n<title>Le\u00a0r\u00f4le des banques face \u00e0 la crise du\u00a0logement - Les Rencontres \u00c9conomiques<\/title>\n<meta name=\"robots\" content=\"index, follow, max-snippet:-1, max-image-preview:large, max-video-preview:-1\" \/>\n<link rel=\"canonical\" href=\"https:\/\/www.lesrencontreseconomiques.fr\/debats-idees\/le-role-des-banques-face-a-la-crise-du-logement\/\" \/>\n<meta property=\"og:locale\" content=\"fr_FR\" \/>\n<meta property=\"og:type\" content=\"article\" \/>\n<meta property=\"og:description\" content=\"La crise actuelle du logement s\u2019explique d\u2019abord par des facteurs structurels. Des dynamiques d\u00e9mographiques et soci\u00e9tales ont profond\u00e9ment renforc\u00e9 la demande : vieillissement de la population, hausse du c\u00e9libat, d\u00e9cohabitation, tourisme ou encore m\u00e9tropolisation. Ces \u00e9volutions ont accentu\u00e9 les d\u00e9s\u00e9quilibres territoriaux : certaines zones sont devenues inaccessibles tandis que d\u2019autres voient leur parc se vider, [&hellip;]\" \/>\n<meta property=\"og:url\" content=\"https:\/\/www.lesrencontreseconomiques.fr\/debats-idees\/le-role-des-banques-face-a-la-crise-du-logement\/\" \/>\n<meta property=\"og:site_name\" content=\"Les Rencontres \u00c9conomiques\" \/>\n<meta property=\"article:publisher\" content=\"https:\/\/www.facebook.com\/Le.Cercle.des.Economistes\/\" \/>\n<meta property=\"article:modified_time\" content=\"2025-06-27T09:45:28+00:00\" \/>\n<meta property=\"og:image\" content=\"https:\/\/www.lesrencontreseconomiques.fr\/wp-content\/uploads\/2025\/06\/Capture-decran-2025-06-27-a-11.44.21-668x416.png\" \/>\n\t<meta property=\"og:image:width\" content=\"668\" \/>\n\t<meta property=\"og:image:height\" content=\"416\" \/>\n\t<meta property=\"og:image:type\" content=\"image\/png\" \/>\n<meta name=\"twitter:card\" content=\"summary_large_image\" \/>\n<meta name=\"twitter:site\" content=\"@Cercle_eco\" \/>\n<meta name=\"twitter:label1\" content=\"Dur\u00e9e de lecture estim\u00e9e\" \/>\n\t<meta name=\"twitter:data1\" content=\"5 minutes\" \/>\n<script type=\"application\/ld+json\" class=\"yoast-schema-graph\">{\"@context\":\"https:\/\/schema.org\",\"@graph\":[{\"@type\":\"WebPage\",\"@id\":\"https:\/\/www.lesrencontreseconomiques.fr\/debats-idees\/le-role-des-banques-face-a-la-crise-du-logement\/\",\"url\":\"https:\/\/www.lesrencontreseconomiques.fr\/debats-idees\/le-role-des-banques-face-a-la-crise-du-logement\/\",\"name\":\"Le\u00a0r\u00f4le des banques face \u00e0 la crise du\u00a0logement - Les Rencontres \u00c9conomiques\",\"isPartOf\":{\"@id\":\"https:\/\/www.lesrencontreseconomiques.fr\/#website\"},\"primaryImageOfPage\":{\"@id\":\"https:\/\/www.lesrencontreseconomiques.fr\/debats-idees\/le-role-des-banques-face-a-la-crise-du-logement\/#primaryimage\"},\"image\":{\"@id\":\"https:\/\/www.lesrencontreseconomiques.fr\/debats-idees\/le-role-des-banques-face-a-la-crise-du-logement\/#primaryimage\"},\"thumbnailUrl\":\"https:\/\/www.lesrencontreseconomiques.fr\/wp-content\/uploads\/2025\/06\/Capture-decran-2025-06-27-a-11.44.21.png\",\"datePublished\":\"2025-06-27T09:45:27+00:00\",\"dateModified\":\"2025-06-27T09:45:28+00:00\",\"breadcrumb\":{\"@id\":\"https:\/\/www.lesrencontreseconomiques.fr\/debats-idees\/le-role-des-banques-face-a-la-crise-du-logement\/#breadcrumb\"},\"inLanguage\":\"fr-FR\",\"potentialAction\":[{\"@type\":\"ReadAction\",\"target\":[\"https:\/\/www.lesrencontreseconomiques.fr\/debats-idees\/le-role-des-banques-face-a-la-crise-du-logement\/\"]}]},{\"@type\":\"ImageObject\",\"inLanguage\":\"fr-FR\",\"@id\":\"https:\/\/www.lesrencontreseconomiques.fr\/debats-idees\/le-role-des-banques-face-a-la-crise-du-logement\/#primaryimage\",\"url\":\"https:\/\/www.lesrencontreseconomiques.fr\/wp-content\/uploads\/2025\/06\/Capture-decran-2025-06-27-a-11.44.21.png\",\"contentUrl\":\"https:\/\/www.lesrencontreseconomiques.fr\/wp-content\/uploads\/2025\/06\/Capture-decran-2025-06-27-a-11.44.21.png\",\"width\":1600,\"height\":996},{\"@type\":\"BreadcrumbList\",\"@id\":\"https:\/\/www.lesrencontreseconomiques.fr\/debats-idees\/le-role-des-banques-face-a-la-crise-du-logement\/#breadcrumb\",\"itemListElement\":[{\"@type\":\"ListItem\",\"position\":1,\"name\":\"Accueil\",\"item\":\"https:\/\/www.lesrencontreseconomiques.fr\/\"},{\"@type\":\"ListItem\",\"position\":2,\"name\":\"D\u00e9bats & Id\u00e9es\",\"item\":\"https:\/\/www.lesrencontreseconomiques.fr\/debats-idees\/\"},{\"@type\":\"ListItem\",\"position\":3,\"name\":\"Le\u00a0r\u00f4le des banques face \u00e0 la crise du\u00a0logement\"}]},{\"@type\":\"WebSite\",\"@id\":\"https:\/\/www.lesrencontreseconomiques.fr\/#website\",\"url\":\"https:\/\/www.lesrencontreseconomiques.fr\/\",\"name\":\"Les Rencontres \u00c9conomiques\",\"description\":\"\",\"potentialAction\":[{\"@type\":\"SearchAction\",\"target\":{\"@type\":\"EntryPoint\",\"urlTemplate\":\"https:\/\/www.lesrencontreseconomiques.fr\/?s={search_term_string}\"},\"query-input\":{\"@type\":\"PropertyValueSpecification\",\"valueRequired\":true,\"valueName\":\"search_term_string\"}}],\"inLanguage\":\"fr-FR\"}]}<\/script>\n<!-- \/ Yoast SEO plugin. -->","yoast_head_json":{"title":"Le\u00a0r\u00f4le des banques face \u00e0 la crise du\u00a0logement - Les Rencontres \u00c9conomiques","robots":{"index":"index","follow":"follow","max-snippet":"max-snippet:-1","max-image-preview":"max-image-preview:large","max-video-preview":"max-video-preview:-1"},"canonical":"https:\/\/www.lesrencontreseconomiques.fr\/debats-idees\/le-role-des-banques-face-a-la-crise-du-logement\/","og_locale":"fr_FR","og_type":"article","og_description":"La crise actuelle du logement s\u2019explique d\u2019abord par des facteurs structurels. Des dynamiques d\u00e9mographiques et soci\u00e9tales ont profond\u00e9ment renforc\u00e9 la demande : vieillissement de la population, hausse du c\u00e9libat, d\u00e9cohabitation, tourisme ou encore m\u00e9tropolisation. Ces \u00e9volutions ont accentu\u00e9 les d\u00e9s\u00e9quilibres territoriaux : certaines zones sont devenues inaccessibles tandis que d\u2019autres voient leur parc se vider, [&hellip;]","og_url":"https:\/\/www.lesrencontreseconomiques.fr\/debats-idees\/le-role-des-banques-face-a-la-crise-du-logement\/","og_site_name":"Les Rencontres \u00c9conomiques","article_publisher":"https:\/\/www.facebook.com\/Le.Cercle.des.Economistes\/","article_modified_time":"2025-06-27T09:45:28+00:00","og_image":[{"width":668,"height":416,"url":"https:\/\/www.lesrencontreseconomiques.fr\/wp-content\/uploads\/2025\/06\/Capture-decran-2025-06-27-a-11.44.21-668x416.png","type":"image\/png"}],"twitter_card":"summary_large_image","twitter_site":"@Cercle_eco","twitter_misc":{"Dur\u00e9e de lecture estim\u00e9e":"5 minutes"},"schema":{"@context":"https:\/\/schema.org","@graph":[{"@type":"WebPage","@id":"https:\/\/www.lesrencontreseconomiques.fr\/debats-idees\/le-role-des-banques-face-a-la-crise-du-logement\/","url":"https:\/\/www.lesrencontreseconomiques.fr\/debats-idees\/le-role-des-banques-face-a-la-crise-du-logement\/","name":"Le\u00a0r\u00f4le des banques face \u00e0 la crise du\u00a0logement - Les Rencontres \u00c9conomiques","isPartOf":{"@id":"https:\/\/www.lesrencontreseconomiques.fr\/#website"},"primaryImageOfPage":{"@id":"https:\/\/www.lesrencontreseconomiques.fr\/debats-idees\/le-role-des-banques-face-a-la-crise-du-logement\/#primaryimage"},"image":{"@id":"https:\/\/www.lesrencontreseconomiques.fr\/debats-idees\/le-role-des-banques-face-a-la-crise-du-logement\/#primaryimage"},"thumbnailUrl":"https:\/\/www.lesrencontreseconomiques.fr\/wp-content\/uploads\/2025\/06\/Capture-decran-2025-06-27-a-11.44.21.png","datePublished":"2025-06-27T09:45:27+00:00","dateModified":"2025-06-27T09:45:28+00:00","breadcrumb":{"@id":"https:\/\/www.lesrencontreseconomiques.fr\/debats-idees\/le-role-des-banques-face-a-la-crise-du-logement\/#breadcrumb"},"inLanguage":"fr-FR","potentialAction":[{"@type":"ReadAction","target":["https:\/\/www.lesrencontreseconomiques.fr\/debats-idees\/le-role-des-banques-face-a-la-crise-du-logement\/"]}]},{"@type":"ImageObject","inLanguage":"fr-FR","@id":"https:\/\/www.lesrencontreseconomiques.fr\/debats-idees\/le-role-des-banques-face-a-la-crise-du-logement\/#primaryimage","url":"https:\/\/www.lesrencontreseconomiques.fr\/wp-content\/uploads\/2025\/06\/Capture-decran-2025-06-27-a-11.44.21.png","contentUrl":"https:\/\/www.lesrencontreseconomiques.fr\/wp-content\/uploads\/2025\/06\/Capture-decran-2025-06-27-a-11.44.21.png","width":1600,"height":996},{"@type":"BreadcrumbList","@id":"https:\/\/www.lesrencontreseconomiques.fr\/debats-idees\/le-role-des-banques-face-a-la-crise-du-logement\/#breadcrumb","itemListElement":[{"@type":"ListItem","position":1,"name":"Accueil","item":"https:\/\/www.lesrencontreseconomiques.fr\/"},{"@type":"ListItem","position":2,"name":"D\u00e9bats & Id\u00e9es","item":"https:\/\/www.lesrencontreseconomiques.fr\/debats-idees\/"},{"@type":"ListItem","position":3,"name":"Le\u00a0r\u00f4le des banques face \u00e0 la crise du\u00a0logement"}]},{"@type":"WebSite","@id":"https:\/\/www.lesrencontreseconomiques.fr\/#website","url":"https:\/\/www.lesrencontreseconomiques.fr\/","name":"Les Rencontres \u00c9conomiques","description":"","potentialAction":[{"@type":"SearchAction","target":{"@type":"EntryPoint","urlTemplate":"https:\/\/www.lesrencontreseconomiques.fr\/?s={search_term_string}"},"query-input":{"@type":"PropertyValueSpecification","valueRequired":true,"valueName":"search_term_string"}}],"inLanguage":"fr-FR"}]}},"_links":{"self":[{"href":"https:\/\/www.lesrencontreseconomiques.fr\/wp-json\/wp\/v2\/blog\/22430","targetHints":{"allow":["GET"]}}],"collection":[{"href":"https:\/\/www.lesrencontreseconomiques.fr\/wp-json\/wp\/v2\/blog"}],"about":[{"href":"https:\/\/www.lesrencontreseconomiques.fr\/wp-json\/wp\/v2\/types\/blog"}],"wp:featuredmedia":[{"embeddable":true,"href":"https:\/\/www.lesrencontreseconomiques.fr\/wp-json\/wp\/v2\/media\/22431"}],"wp:attachment":[{"href":"https:\/\/www.lesrencontreseconomiques.fr\/wp-json\/wp\/v2\/media?parent=22430"}],"wp:term":[{"taxonomy":"cat-theme","embeddable":true,"href":"https:\/\/www.lesrencontreseconomiques.fr\/wp-json\/wp\/v2\/cat-theme?post=22430"},{"taxonomy":"cat-axe","embeddable":true,"href":"https:\/\/www.lesrencontreseconomiques.fr\/wp-json\/wp\/v2\/cat-axe?post=22430"}],"curies":[{"name":"wp","href":"https:\/\/api.w.org\/{rel}","templated":true}]}}