{"id":22162,"date":"2025-06-26T16:24:13","date_gmt":"2025-06-26T14:24:13","guid":{"rendered":"https:\/\/www.lesrencontreseconomiques.fr\/?post_type=blog&#038;p=22162"},"modified":"2025-06-26T16:24:15","modified_gmt":"2025-06-26T14:24:15","slug":"plein-emploi-en-france-utopie-ou-objectif-a-portee-de-main","status":"publish","type":"blog","link":"https:\/\/www.lesrencontreseconomiques.fr\/debats-idees\/plein-emploi-en-france-utopie-ou-objectif-a-portee-de-main\/","title":{"rendered":"Plein emploi en France : utopie ou objectif \u00e0 port\u00e9e de main ?"},"content":{"rendered":"\n<p>Le march\u00e9 du travail fran\u00e7ais vit une certaine schizophr\u00e9nie. D&rsquo;un c\u00f4t\u00e9, nous c\u00e9l\u00e9brons un taux de ch\u00f4mage qui se stabilise autour de 7,5% &#8211; du jamais vu depuis des d\u00e9cennies. De l&rsquo;autre, nos entreprises font face \u00e0 des p\u00e9nuries de main-d&rsquo;\u0153uvre qui paralysent des secteurs entiers. Cette contradiction n&rsquo;est pas un simple paradoxe statistique : c&rsquo;est le sympt\u00f4me d&rsquo;un syst\u00e8me \u00ab&nbsp;qui patine&nbsp;\u00bb et peine \u00e0 faire se rencontrer l&rsquo;offre et la demande.<\/p>\n\n\n\n<div style=\"height:10px\" aria-hidden=\"true\" class=\"wp-block-spacer\"><\/div>\n\n\n\n<p><strong>Les obstacles \u00e0 surmonter<\/strong><strong><\/strong><\/p>\n\n\n\n<div style=\"height:10px\" aria-hidden=\"true\" class=\"wp-block-spacer\"><\/div>\n\n\n\n<p>L&rsquo;incertitude \u00e9conomique, fiscale et politique actuelle freine les investissements et les embauches. Une \u00e9tude Rexecode\/BPI France r\u00e9v\u00e8le que 39% des dirigeants de TPE\/PME reportent leurs projets d&rsquo;investissement et 34% leurs recrutements. Cette frilosit\u00e9 s&rsquo;accompagne d&rsquo;une \u00e9pargne de pr\u00e9caution accrue de la part des Fran\u00e7ais (+8 points en 2025 selon Ipsos). Notre maillage territorial de 700 agences d&rsquo;int\u00e9rim et 110 cabinets de recrutement nous place en premi\u00e8re ligne de l&rsquo;observation du march\u00e9. Cette proximit\u00e9 avec les acteurs \u00e9conomiques (entreprises comme candidats) et politiques locaux nous permet d&rsquo;identifier les besoins et de construire nos r\u00e9ponses.<\/p>\n\n\n\n<div style=\"height:10px\" aria-hidden=\"true\" class=\"wp-block-spacer\"><\/div>\n\n\n\n<p><strong>Au-del\u00e0 de ce contexte, trois d\u00e9fis structurels persistent&nbsp;<\/strong><strong><\/strong><\/p>\n\n\n\n<div style=\"height:10px\" aria-hidden=\"true\" class=\"wp-block-spacer\"><\/div>\n\n\n\n<p>L&rsquo;inad\u00e9quation entre offre et demande reste criante.&nbsp;<\/p>\n\n\n\n<p>Les tensions sectorielles (sant\u00e9, BTP, industries, h\u00f4tellerie-restauration, num\u00e9rique\u2026) coexistent avec des d\u00e9calages g\u00e9ographiques et un gap de comp\u00e9tences croissant. Dans un monde en mutation rapide, l&rsquo;obsolescence des comp\u00e9tences s&rsquo;acc\u00e9l\u00e8re.<\/p>\n\n\n\n<p>Les in\u00e9galit\u00e9s d&rsquo;acc\u00e8s \u00e0 l&#8217;emploi demeurent pr\u00e9occupantes. Les jeunes peu dipl\u00f4m\u00e9s affichent un taux de ch\u00f4mage 2 \u00e0 3 fois sup\u00e9rieur \u00e0 la moyenne, tandis que les seniors subissent discriminations et difficult\u00e9s de reconversion. Les personnes en situation de handicap n&rsquo;atteignent qu&rsquo;un taux d&#8217;emploi de 38% contre 68% pour la population g\u00e9n\u00e9rale.<\/p>\n\n\n\n<div style=\"height:10px\" aria-hidden=\"true\" class=\"wp-block-spacer\"><\/div>\n\n\n\n<p><strong>Des solutions concr\u00e8tes \u00e0 notre port\u00e9e<\/strong><strong><\/strong><\/p>\n\n\n\n<div style=\"height:10px\" aria-hidden=\"true\" class=\"wp-block-spacer\"><\/div>\n\n\n\n<p>Chez ManpowerGroup, nous exp\u00e9rimentons quotidiennement des r\u00e9ponses adapt\u00e9es aux besoins du march\u00e9. Nos 56 000 CDI-Int\u00e9rimaires sign\u00e9s depuis 2014 d\u00e9montrent l&rsquo;efficacit\u00e9 de la flexis\u00e9curit\u00e9. Cette approche concilie s\u00e9curit\u00e9 pour les salari\u00e9s et flexibilit\u00e9 pour les entreprises.<\/p>\n\n\n\n<p>La formation constitue un levier essentiel. Notre \u00e9cosyst\u00e8me Manpower Formation mobilise plus de 1000 partenaires et a form\u00e9 31 000 int\u00e9rimaires en 2024, avec pr\u00e8s de 2000 dispositifs d&rsquo;alternance. Notre CFA interne, cr\u00e9\u00e9 en 2021, accompagne d\u00e9j\u00e0 151 apprentis. Ces chiffres illustrent notre conviction : l&#8217;emploi durable passe par l&rsquo;investissement dans les comp\u00e9tences.<\/p>\n\n\n\n<p>Le Conseil en \u00c9volution Professionnelle (CEP), que nous op\u00e9rons en \u00cele-de-France, Haut-de-France et Centre-Val de Loire, personnalise l&rsquo;accompagnement tout au long du parcours professionnel. Cet outil de s\u00e9curisation s&rsquo;adapte \u00e0 toutes les cibles, des jeunes aux seniors.<\/p>\n\n\n\n<div style=\"height:10px\" aria-hidden=\"true\" class=\"wp-block-spacer\"><\/div>\n\n\n\n<p><strong>La valorisation des m\u00e9tiers de main<\/strong><strong><\/strong><\/p>\n\n\n\n<div style=\"height:10px\" aria-hidden=\"true\" class=\"wp-block-spacer\"><\/div>\n\n\n\n<p>Il est temps de cesser la hi\u00e9rarchisation des talents ! Nos soudeurs, nos \u00e9lectriciens, nos m\u00e9caniciens sont de tr\u00e8s beaux m\u00e9tiers : ce sont les architectes de notre \u00e9conomie r\u00e9elle. Ces m\u00e9tiers offrent s\u00e9curit\u00e9 de l&#8217;emploi, perspectives d&rsquo;\u00e9volution et fiert\u00e9 du travail accompli. Il est temps de regarder la r\u00e9alit\u00e9 en face : notre r\u00e9industrialisation passe par la revalorisation de ces savoir-faire essentiels. Chez ManpowerGroup, nous le savons : 24% de nos alternants se forment dans le BTP et l&rsquo;industrie, parce que ces secteurs portent l&rsquo;avenir.<\/p>\n\n\n\n<div style=\"height:10px\" aria-hidden=\"true\" class=\"wp-block-spacer\"><\/div>\n\n\n\n<p><strong>L&#8217;emploi, un projet de soci\u00e9t\u00e9<\/strong><strong><\/strong><\/p>\n\n\n\n<div style=\"height:10px\" aria-hidden=\"true\" class=\"wp-block-spacer\"><\/div>\n\n\n\n<p>Atteindre le taux d&#8217;emploi moyen de l&rsquo;OCDE n\u00e9cessiterait la cr\u00e9ation d&rsquo;environ 1 million d&#8217;emplois suppl\u00e9mentaires. Cet objectif ambitieux exige une mobilisation collective : \u00c9tat, territoires, entreprises et organismes de formation doivent coordonner leurs efforts. Les entreprises doivent devenir actrices du changement par une politique emploi renforc\u00e9e, l&rsquo;anticipation des besoins en comp\u00e9tences et l&rsquo;am\u00e9lioration de leur attractivit\u00e9 employeur.<\/p>\n\n\n\n<p>Le plein emploi de demain ne sera pas seulement celui du nombre, mais celui du sens, de la qualit\u00e9 et de l&rsquo;inclusion. Dans un contexte o\u00f9 la question du travail sera un th\u00e8me essentiel de la campagne pr\u00e9sidentielle 2027, nous devons d\u00e8s maintenant poser les bases d&rsquo;une soci\u00e9t\u00e9 o\u00f9 chacun trouve sa place.<\/p>\n\n\n\n<p>C&rsquo;est ensemble, en combinant innovation sociale et efficacit\u00e9 \u00e9conomique, que nous construirons cette soci\u00e9t\u00e9 du plein emploi. L&rsquo;avenir du travail se dessine aujourd&rsquo;hui, et nous avons tous un r\u00f4le \u00e0 jouer dans cette transformation.<\/p>\n\n\n\n<p><em>Benoit Derigny<\/em><\/p>\n","protected":false},"featured_media":22163,"template":"","cat-theme":[68],"cat-axe":[],"class_list":["post-22162","blog","type-blog","status-publish","has-post-thumbnail","hentry","cat-theme-social-demographie"],"acf":[],"yoast_head":"<!-- This site is optimized with the Yoast SEO plugin v26.5 - https:\/\/yoast.com\/wordpress\/plugins\/seo\/ -->\n<title>Plein emploi en France : utopie ou objectif \u00e0 port\u00e9e de main ? - Les Rencontres \u00c9conomiques<\/title>\n<meta name=\"robots\" content=\"index, follow, max-snippet:-1, max-image-preview:large, max-video-preview:-1\" \/>\n<link rel=\"canonical\" href=\"https:\/\/www.lesrencontreseconomiques.fr\/debats-idees\/plein-emploi-en-france-utopie-ou-objectif-a-portee-de-main\/\" \/>\n<meta property=\"og:locale\" content=\"fr_FR\" \/>\n<meta property=\"og:type\" content=\"article\" \/>\n<meta property=\"og:description\" content=\"Le march\u00e9 du travail fran\u00e7ais vit une certaine schizophr\u00e9nie. D&rsquo;un c\u00f4t\u00e9, nous c\u00e9l\u00e9brons un taux de ch\u00f4mage qui se stabilise autour de 7,5% &#8211; du jamais vu depuis des d\u00e9cennies. De l&rsquo;autre, nos entreprises font face \u00e0 des p\u00e9nuries de main-d&rsquo;\u0153uvre qui paralysent des secteurs entiers. Cette contradiction n&rsquo;est pas un simple paradoxe statistique : [&hellip;]\" \/>\n<meta property=\"og:url\" content=\"https:\/\/www.lesrencontreseconomiques.fr\/debats-idees\/plein-emploi-en-france-utopie-ou-objectif-a-portee-de-main\/\" \/>\n<meta property=\"og:site_name\" content=\"Les Rencontres \u00c9conomiques\" \/>\n<meta property=\"article:publisher\" content=\"https:\/\/www.facebook.com\/Le.Cercle.des.Economistes\/\" \/>\n<meta property=\"article:modified_time\" content=\"2025-06-26T14:24:15+00:00\" \/>\n<meta property=\"og:image\" content=\"https:\/\/www.lesrencontreseconomiques.fr\/wp-content\/uploads\/2025\/06\/AdobeStock_300203735.jpeg\" \/>\n\t<meta property=\"og:image:width\" content=\"1600\" \/>\n\t<meta property=\"og:image:height\" content=\"707\" \/>\n\t<meta property=\"og:image:type\" content=\"image\/jpeg\" \/>\n<meta name=\"twitter:card\" content=\"summary_large_image\" \/>\n<meta name=\"twitter:site\" content=\"@Cercle_eco\" \/>\n<meta name=\"twitter:label1\" content=\"Dur\u00e9e de lecture estim\u00e9e\" \/>\n\t<meta name=\"twitter:data1\" content=\"4 minutes\" \/>\n<script type=\"application\/ld+json\" class=\"yoast-schema-graph\">{\"@context\":\"https:\/\/schema.org\",\"@graph\":[{\"@type\":\"WebPage\",\"@id\":\"https:\/\/www.lesrencontreseconomiques.fr\/debats-idees\/plein-emploi-en-france-utopie-ou-objectif-a-portee-de-main\/\",\"url\":\"https:\/\/www.lesrencontreseconomiques.fr\/debats-idees\/plein-emploi-en-france-utopie-ou-objectif-a-portee-de-main\/\",\"name\":\"Plein emploi en France : utopie ou objectif \u00e0 port\u00e9e de main ? - Les Rencontres \u00c9conomiques\",\"isPartOf\":{\"@id\":\"https:\/\/www.lesrencontreseconomiques.fr\/#website\"},\"primaryImageOfPage\":{\"@id\":\"https:\/\/www.lesrencontreseconomiques.fr\/debats-idees\/plein-emploi-en-france-utopie-ou-objectif-a-portee-de-main\/#primaryimage\"},\"image\":{\"@id\":\"https:\/\/www.lesrencontreseconomiques.fr\/debats-idees\/plein-emploi-en-france-utopie-ou-objectif-a-portee-de-main\/#primaryimage\"},\"thumbnailUrl\":\"https:\/\/www.lesrencontreseconomiques.fr\/wp-content\/uploads\/2025\/06\/AdobeStock_300203735.jpeg\",\"datePublished\":\"2025-06-26T14:24:13+00:00\",\"dateModified\":\"2025-06-26T14:24:15+00:00\",\"breadcrumb\":{\"@id\":\"https:\/\/www.lesrencontreseconomiques.fr\/debats-idees\/plein-emploi-en-france-utopie-ou-objectif-a-portee-de-main\/#breadcrumb\"},\"inLanguage\":\"fr-FR\",\"potentialAction\":[{\"@type\":\"ReadAction\",\"target\":[\"https:\/\/www.lesrencontreseconomiques.fr\/debats-idees\/plein-emploi-en-france-utopie-ou-objectif-a-portee-de-main\/\"]}]},{\"@type\":\"ImageObject\",\"inLanguage\":\"fr-FR\",\"@id\":\"https:\/\/www.lesrencontreseconomiques.fr\/debats-idees\/plein-emploi-en-france-utopie-ou-objectif-a-portee-de-main\/#primaryimage\",\"url\":\"https:\/\/www.lesrencontreseconomiques.fr\/wp-content\/uploads\/2025\/06\/AdobeStock_300203735.jpeg\",\"contentUrl\":\"https:\/\/www.lesrencontreseconomiques.fr\/wp-content\/uploads\/2025\/06\/AdobeStock_300203735.jpeg\",\"width\":1600,\"height\":707},{\"@type\":\"BreadcrumbList\",\"@id\":\"https:\/\/www.lesrencontreseconomiques.fr\/debats-idees\/plein-emploi-en-france-utopie-ou-objectif-a-portee-de-main\/#breadcrumb\",\"itemListElement\":[{\"@type\":\"ListItem\",\"position\":1,\"name\":\"Accueil\",\"item\":\"https:\/\/www.lesrencontreseconomiques.fr\/\"},{\"@type\":\"ListItem\",\"position\":2,\"name\":\"D\u00e9bats & Id\u00e9es\",\"item\":\"https:\/\/www.lesrencontreseconomiques.fr\/debats-idees\/\"},{\"@type\":\"ListItem\",\"position\":3,\"name\":\"Plein emploi en France : utopie ou objectif \u00e0 port\u00e9e de main ?\"}]},{\"@type\":\"WebSite\",\"@id\":\"https:\/\/www.lesrencontreseconomiques.fr\/#website\",\"url\":\"https:\/\/www.lesrencontreseconomiques.fr\/\",\"name\":\"Les Rencontres \u00c9conomiques\",\"description\":\"\",\"potentialAction\":[{\"@type\":\"SearchAction\",\"target\":{\"@type\":\"EntryPoint\",\"urlTemplate\":\"https:\/\/www.lesrencontreseconomiques.fr\/?s={search_term_string}\"},\"query-input\":{\"@type\":\"PropertyValueSpecification\",\"valueRequired\":true,\"valueName\":\"search_term_string\"}}],\"inLanguage\":\"fr-FR\"}]}<\/script>\n<!-- \/ Yoast SEO plugin. -->","yoast_head_json":{"title":"Plein emploi en France : utopie ou objectif \u00e0 port\u00e9e de main ? - Les Rencontres \u00c9conomiques","robots":{"index":"index","follow":"follow","max-snippet":"max-snippet:-1","max-image-preview":"max-image-preview:large","max-video-preview":"max-video-preview:-1"},"canonical":"https:\/\/www.lesrencontreseconomiques.fr\/debats-idees\/plein-emploi-en-france-utopie-ou-objectif-a-portee-de-main\/","og_locale":"fr_FR","og_type":"article","og_description":"Le march\u00e9 du travail fran\u00e7ais vit une certaine schizophr\u00e9nie. D&rsquo;un c\u00f4t\u00e9, nous c\u00e9l\u00e9brons un taux de ch\u00f4mage qui se stabilise autour de 7,5% &#8211; du jamais vu depuis des d\u00e9cennies. De l&rsquo;autre, nos entreprises font face \u00e0 des p\u00e9nuries de main-d&rsquo;\u0153uvre qui paralysent des secteurs entiers. Cette contradiction n&rsquo;est pas un simple paradoxe statistique : [&hellip;]","og_url":"https:\/\/www.lesrencontreseconomiques.fr\/debats-idees\/plein-emploi-en-france-utopie-ou-objectif-a-portee-de-main\/","og_site_name":"Les Rencontres \u00c9conomiques","article_publisher":"https:\/\/www.facebook.com\/Le.Cercle.des.Economistes\/","article_modified_time":"2025-06-26T14:24:15+00:00","og_image":[{"width":1600,"height":707,"url":"https:\/\/www.lesrencontreseconomiques.fr\/wp-content\/uploads\/2025\/06\/AdobeStock_300203735.jpeg","type":"image\/jpeg"}],"twitter_card":"summary_large_image","twitter_site":"@Cercle_eco","twitter_misc":{"Dur\u00e9e de lecture estim\u00e9e":"4 minutes"},"schema":{"@context":"https:\/\/schema.org","@graph":[{"@type":"WebPage","@id":"https:\/\/www.lesrencontreseconomiques.fr\/debats-idees\/plein-emploi-en-france-utopie-ou-objectif-a-portee-de-main\/","url":"https:\/\/www.lesrencontreseconomiques.fr\/debats-idees\/plein-emploi-en-france-utopie-ou-objectif-a-portee-de-main\/","name":"Plein emploi en France : utopie ou objectif \u00e0 port\u00e9e de main ? - Les Rencontres \u00c9conomiques","isPartOf":{"@id":"https:\/\/www.lesrencontreseconomiques.fr\/#website"},"primaryImageOfPage":{"@id":"https:\/\/www.lesrencontreseconomiques.fr\/debats-idees\/plein-emploi-en-france-utopie-ou-objectif-a-portee-de-main\/#primaryimage"},"image":{"@id":"https:\/\/www.lesrencontreseconomiques.fr\/debats-idees\/plein-emploi-en-france-utopie-ou-objectif-a-portee-de-main\/#primaryimage"},"thumbnailUrl":"https:\/\/www.lesrencontreseconomiques.fr\/wp-content\/uploads\/2025\/06\/AdobeStock_300203735.jpeg","datePublished":"2025-06-26T14:24:13+00:00","dateModified":"2025-06-26T14:24:15+00:00","breadcrumb":{"@id":"https:\/\/www.lesrencontreseconomiques.fr\/debats-idees\/plein-emploi-en-france-utopie-ou-objectif-a-portee-de-main\/#breadcrumb"},"inLanguage":"fr-FR","potentialAction":[{"@type":"ReadAction","target":["https:\/\/www.lesrencontreseconomiques.fr\/debats-idees\/plein-emploi-en-france-utopie-ou-objectif-a-portee-de-main\/"]}]},{"@type":"ImageObject","inLanguage":"fr-FR","@id":"https:\/\/www.lesrencontreseconomiques.fr\/debats-idees\/plein-emploi-en-france-utopie-ou-objectif-a-portee-de-main\/#primaryimage","url":"https:\/\/www.lesrencontreseconomiques.fr\/wp-content\/uploads\/2025\/06\/AdobeStock_300203735.jpeg","contentUrl":"https:\/\/www.lesrencontreseconomiques.fr\/wp-content\/uploads\/2025\/06\/AdobeStock_300203735.jpeg","width":1600,"height":707},{"@type":"BreadcrumbList","@id":"https:\/\/www.lesrencontreseconomiques.fr\/debats-idees\/plein-emploi-en-france-utopie-ou-objectif-a-portee-de-main\/#breadcrumb","itemListElement":[{"@type":"ListItem","position":1,"name":"Accueil","item":"https:\/\/www.lesrencontreseconomiques.fr\/"},{"@type":"ListItem","position":2,"name":"D\u00e9bats & Id\u00e9es","item":"https:\/\/www.lesrencontreseconomiques.fr\/debats-idees\/"},{"@type":"ListItem","position":3,"name":"Plein emploi en France : utopie ou objectif \u00e0 port\u00e9e de main ?"}]},{"@type":"WebSite","@id":"https:\/\/www.lesrencontreseconomiques.fr\/#website","url":"https:\/\/www.lesrencontreseconomiques.fr\/","name":"Les Rencontres \u00c9conomiques","description":"","potentialAction":[{"@type":"SearchAction","target":{"@type":"EntryPoint","urlTemplate":"https:\/\/www.lesrencontreseconomiques.fr\/?s={search_term_string}"},"query-input":{"@type":"PropertyValueSpecification","valueRequired":true,"valueName":"search_term_string"}}],"inLanguage":"fr-FR"}]}},"_links":{"self":[{"href":"https:\/\/www.lesrencontreseconomiques.fr\/wp-json\/wp\/v2\/blog\/22162","targetHints":{"allow":["GET"]}}],"collection":[{"href":"https:\/\/www.lesrencontreseconomiques.fr\/wp-json\/wp\/v2\/blog"}],"about":[{"href":"https:\/\/www.lesrencontreseconomiques.fr\/wp-json\/wp\/v2\/types\/blog"}],"wp:featuredmedia":[{"embeddable":true,"href":"https:\/\/www.lesrencontreseconomiques.fr\/wp-json\/wp\/v2\/media\/22163"}],"wp:attachment":[{"href":"https:\/\/www.lesrencontreseconomiques.fr\/wp-json\/wp\/v2\/media?parent=22162"}],"wp:term":[{"taxonomy":"cat-theme","embeddable":true,"href":"https:\/\/www.lesrencontreseconomiques.fr\/wp-json\/wp\/v2\/cat-theme?post=22162"},{"taxonomy":"cat-axe","embeddable":true,"href":"https:\/\/www.lesrencontreseconomiques.fr\/wp-json\/wp\/v2\/cat-axe?post=22162"}],"curies":[{"name":"wp","href":"https:\/\/api.w.org\/{rel}","templated":true}]}}