{"id":22151,"date":"2025-06-26T16:12:26","date_gmt":"2025-06-26T14:12:26","guid":{"rendered":"https:\/\/www.lesrencontreseconomiques.fr\/?post_type=blog&#038;p=22151"},"modified":"2025-06-26T16:12:27","modified_gmt":"2025-06-26T14:12:27","slug":"concevoir-la-resilience-une-nouvelle-architecture-du-g7-pour-la-securite-economique","status":"publish","type":"blog","link":"https:\/\/www.lesrencontreseconomiques.fr\/debats-idees\/concevoir-la-resilience-une-nouvelle-architecture-du-g7-pour-la-securite-economique\/","title":{"rendered":"Concevoir la r\u00e9silience : une nouvelle architecture du G7 pour la s\u00e9curit\u00e9 \u00e9conomique"},"content":{"rendered":"\n<p>Au cours de la derni\u00e8re d\u00e9cennie, les fronti\u00e8res entre politique \u00e9conomique et s\u00e9curit\u00e9 nationale se sont pratiquement estomp\u00e9es. Le commerce, la technologie, les investissements et les flux de capitaux sont d\u00e9sormais per\u00e7us non seulement comme des moteurs de croissance, mais aussi comme des leviers d\u2019influence strat\u00e9gique et des sources de vuln\u00e9rabilit\u00e9 g\u00e9opolitique. L\u2019imp\u00e9ratif de garantir la&nbsp;<strong>s\u00e9curit\u00e9 \u00e9conomique<\/strong>&nbsp;\u2014 c\u2019est-\u00e0-dire la capacit\u00e9 \u00e0 prot\u00e9ger le fonctionnement stable et la r\u00e9silience des \u00e9conomies, des industries, des cha\u00eenes d\u2019approvisionnement et des infrastructures critiques face aux chocs externes, \u00e0 la coercition ou aux cyberattaques \u2014 est aujourd\u2019hui au c\u0153ur de la diplomatie \u00e9conomique du XXIe si\u00e8cle.<\/p>\n\n\n\n<p>Alors que le Japon et l\u2019Union europ\u00e9enne ont adopt\u00e9 des strat\u00e9gies d\u00e9di\u00e9es \u00e0 la s\u00e9curit\u00e9 \u00e9conomique, aucun pays ne peut relever seul ces d\u00e9fis, et les institutions existantes ne fournissent pas de r\u00e9ponses ad\u00e9quates. Il manque une&nbsp;<strong>architecture multilat\u00e9rale coh\u00e9rente et efficace<\/strong>&nbsp;en mati\u00e8re de s\u00e9curit\u00e9 \u00e9conomique, surtout \u00e0 une \u00e9poque o\u00f9 le multilat\u00e9ralisme lui-m\u00eame est en crise, et o\u00f9 l&rsquo;administration Trump a perdu la confiance de ses partenaires traditionnels.<\/p>\n\n\n\n<hr class=\"wp-block-separator has-alpha-channel-opacity\"\/>\n\n\n\n<h3 class=\"wp-block-heading\">Plateforme du G7 : passer des paroles aux actes ?<\/h3>\n\n\n\n<p>L\u2019int\u00e9r\u00eat du G7 pour la s\u00e9curit\u00e9 \u00e9conomique et la coercition n\u2019est pas nouveau, mais constitue un pas dans la bonne direction. En 2023, tous les membres ont adopt\u00e9 des principes communs dans la&nbsp;<strong>D\u00e9claration des dirigeants sur la r\u00e9silience et la s\u00e9curit\u00e9 \u00e9conomiques<\/strong>, sous la pr\u00e9sidence japonaise \u00e0 Hiroshima. Ancr\u00e9e dans le G7, l\u2019initiative visait \u00e0 \u00e9largir la coalition \u00e0 des partenaires de confiance bien au-del\u00e0 du groupe, y compris des pays en d\u00e9veloppement, pour r\u00e9guler l\u2019interd\u00e9pendance \u00e0 une \u00e9poque de perturbations strat\u00e9giques.<\/p>\n\n\n\n<p>Elle ciblait notamment :<\/p>\n\n\n\n<ol class=\"wp-block-list\">\n<li>les pratiques non-marchandes de la Chine \u2014 \u00e0 travers les cha\u00eenes d\u2019approvisionnement, \u00e0 une \u00e9chelle in\u00e9dite \u2014 destin\u00e9es \u00e0 cr\u00e9er des d\u00e9pendances et \u00e0 inonder les march\u00e9s d\u2019une\u00a0<strong>surcapacit\u00e9 subventionn\u00e9e<\/strong>\u00a0;<\/li>\n\n\n\n<li>la\u00a0<strong>coercition \u00e9conomique<\/strong>, surtout dans les min\u00e9raux critiques et les terres rares ;<\/li>\n\n\n\n<li>les\u00a0<strong>vuln\u00e9rabilit\u00e9s cybern\u00e9tiques<\/strong>\u00a0des infrastructures critiques ;<\/li>\n\n\n\n<li>la\u00a0<strong>fuite de technologies<\/strong>\u00a0sensibles et la n\u00e9cessit\u00e9 de contr\u00f4ler un ensemble restreint de technologies avanc\u00e9es essentielles \u00e0 la s\u00e9curit\u00e9 nationale (via des contr\u00f4les \u00e0 l\u2019exportation, des restrictions aux investissements, etc.).<\/li>\n<\/ol>\n\n\n\n<p>Bien que le sommet canadien du G7 n\u2019ait pas abouti \u00e0 une d\u00e9claration des dirigeants, la n\u00e9cessit\u00e9 de poursuivre sur les bases \u00e9tablies en 2023 est plus pressante que jamais. La France, qui pr\u00e9sidera le G7 en 2026, devrait saisir cette occasion pour&nbsp;<strong>renforcer la s\u00e9curit\u00e9 \u00e9conomique collective<\/strong>.<\/p>\n\n\n\n<hr class=\"wp-block-separator has-alpha-channel-opacity\"\/>\n\n\n\n<h3 class=\"wp-block-heading\">Le r\u00f4le central de la Plateforme de coordination du G7<\/h3>\n\n\n\n<p>La&nbsp;<strong>Plateforme de coordination du G7 sur la coercition \u00e9conomique<\/strong>&nbsp;doit institutionnaliser des approches communes : filtrage des investissements, contr\u00f4le des exportations, diversification des cha\u00eenes d\u2019approvisionnement \u2014 au sein et au-del\u00e0 du G7. Elle doit passer de l\u2019\u00e9change d\u2019informations \u00e0 une&nbsp;<strong>dissuasion collective effective<\/strong>, en contrant activement l\u2019arme que constitue la vuln\u00e9rabilit\u00e9 \u00e9conomique. Cela implique non seulement des mesures d\u00e9fensives mais aussi des investissements proactifs dans la r\u00e9silience, malgr\u00e9 des budgets contraints.<\/p>\n\n\n\n<hr class=\"wp-block-separator has-alpha-channel-opacity\"\/>\n\n\n\n<h3 class=\"wp-block-heading\">Face aux chocs chinois et aux cybermenaces croissantes<\/h3>\n\n\n\n<p>Des \u00e9v\u00e9nements r\u00e9cents montrent l\u2019urgence de cette architecture. La question est de savoir si un m\u00e9canisme ancr\u00e9 dans le G7 peut catalyser l\u2019action collective.<\/p>\n\n\n\n<ul class=\"wp-block-list\">\n<li>La domination de la Chine dans les cha\u00eenes d\u2019approvisionnement en min\u00e9raux critiques (notamment les terres rares) lui donne un\u00a0<strong>pouvoir de coercition mondiale<\/strong>. Ses r\u00e9cents contr\u00f4les \u00e0 l\u2019exportation sur les terres rares n\u00e9cessaires aux aimants illustrent cette r\u00e9alit\u00e9. En r\u00e9ponse, le Canada a lanc\u00e9 un\u00a0<strong>Plan d\u2019action du G7 sur les min\u00e9raux critiques<\/strong>.<\/li>\n\n\n\n<li>Pour contrer les\u00a0<strong>pratiques d\u2019investissement chinoises<\/strong>\u00a0faussant le march\u00e9, le G7, l\u2019Australie, l\u2019Inde et la Cor\u00e9e du Sud s\u2019allient pour \u00e9valuer les co\u00fbts r\u00e9els de l\u2019extraction et du commerce responsables.<\/li>\n\n\n\n<li>Mais les\u00a0<strong>sous-investissements<\/strong>\u00a0dans le raffinage et la concurrence des acteurs chinois d\u00e9s\u00e9quilibrent les calendriers et les co\u00fbts face \u00e0 l\u2019urgence.<\/li>\n\n\n\n<li>La deuxi\u00e8me menace est la\u00a0<strong>surcapacit\u00e9 chinoise<\/strong>. Actuellement, les \u00c9tats r\u00e9agissent individuellement avec des droits de douane, mais une coordination multilat\u00e9rale fait d\u00e9faut.<\/li>\n\n\n\n<li>Enfin, les\u00a0<strong>cyberattaques soutenues par des \u00c9tats<\/strong>\u00a0contre les infrastructures critiques sont en hausse. Il n\u2019est pas certain que les plans actuels suffisent \u00e0 dissuader ou r\u00e9pondre efficacement.<\/li>\n<\/ul>\n\n\n\n<hr class=\"wp-block-separator has-alpha-channel-opacity\"\/>\n\n\n\n<h3 class=\"wp-block-heading\">Crise de confiance : les \u00c9tats-Unis, partenaire incertain ?<\/h3>\n\n\n\n<p>Un&nbsp;<strong>d\u00e9ficit de confiance<\/strong>&nbsp;croissant vis-\u00e0-vis des \u00c9tats-Unis complique les efforts du G7. Le retour de Donald Trump marque un d\u00e9sengagement acc\u00e9l\u00e9r\u00e9 des structures multilat\u00e9rales, la remise en cause des trait\u00e9s commerciaux et la m\u00e9fiance \u00e0 l\u2019\u00e9gard des alli\u00e9s. La&nbsp;<strong>s\u00e9curit\u00e9 \u00e9conomique devient un levier de n\u00e9gociation<\/strong>, et non un objectif partag\u00e9. Pire, l\u2019alignement de l\u2019administration avec certains rivaux affaiblit les fondements m\u00eames des alliances.<\/p>\n\n\n\n<p>Face \u00e0 cela, l\u2019urgence est de b\u00e2tir une architecture de s\u00e9curit\u00e9 \u00e9conomique&nbsp;<strong>ind\u00e9pendante de tout acteur unique<\/strong>, m\u00eame des \u00c9tats-Unis. Le \u00ab\u00a0America First\u00a0\u00bb risque de devenir un&nbsp;<strong>\u00ab\u00a0America Alone\u00a0\u00bb<\/strong>. Si la participation am\u00e9ricaine renforcerait la Plateforme de coordination du G7,&nbsp;<strong>son absence ne doit pas freiner les progr\u00e8s<\/strong>.<\/p>\n\n\n\n<hr class=\"wp-block-separator has-alpha-channel-opacity\"\/>\n\n\n\n<h3 class=\"wp-block-heading\">De la parole \u00e0 l\u2019action<\/h3>\n\n\n\n<p>Le G7 et ses partenaires ont align\u00e9 certains outils de diplomatie \u00e9conomique, mais leurs efforts restent fragment\u00e9s. Sans&nbsp;<strong>m\u00e9canismes robustes de coordination<\/strong>, la r\u00e9silience restera un slogan. Chaque pays du G7 devrait adopter une&nbsp;<strong>strat\u00e9gie nationale de s\u00e9curit\u00e9 \u00e9conomique<\/strong>, int\u00e9gr\u00e9e \u00e0 l\u2019architecture collective.<\/p>\n\n\n\n<p>Le G7 devrait ancrer cette plateforme dans l\u2019<strong>OCDE<\/strong>, qui dispose des capacit\u00e9s et de la continuit\u00e9 pour soutenir la normalisation, le partage de bonnes pratiques et l\u2019adaptation aux menaces.<\/p>\n\n\n\n<hr class=\"wp-block-separator has-alpha-channel-opacity\"\/>\n\n\n\n<h3 class=\"wp-block-heading\">Une architecture inclusive et soutenue<\/h3>\n\n\n\n<ul class=\"wp-block-list\">\n<li>Les \u00e9conomies \u00e9mergentes doivent \u00eatre\u00a0<strong>co-architectes<\/strong>, pas seulement destinataires de r\u00e8gles.<\/li>\n\n\n\n<li>Les partenariats existants (comme le\u00a0<strong>Minerals Security Partnership<\/strong>) devraient inclure plus de voix r\u00e9gionales.<\/li>\n\n\n\n<li>Le\u00a0<strong>secteur priv\u00e9<\/strong>\u00a0doit aussi \u00eatre impliqu\u00e9 : la s\u00e9curit\u00e9 \u00e9conomique n\u00e9cessitera d\u2019\u00e9normes investissements priv\u00e9s. Il faut aligner les\u00a0<strong>incitations publiques et priv\u00e9es<\/strong>\u00a0par des r\u00e9formes r\u00e9glementaires, des politiques fiscales, des garanties, des contrats publics, etc.<\/li>\n\n\n\n<li>Les\u00a0<strong>institutions financi\u00e8res internationales<\/strong>\u00a0(FMI, Banque mondiale) doivent \u00eatre\u00a0<strong>r\u00e9orient\u00e9es<\/strong>\u00a0pour soutenir la r\u00e9silience (ex : traitement des terres rares en Afrique, infrastructures num\u00e9riques en Asie du Sud-Est).<\/li>\n\n\n\n<li>Un exemple : le partenariat RISE (Resilient and Inclusive Supply Chain Enhancement), soutenu par les ministres des finances du G7, pour promouvoir des activit\u00e9s mini\u00e8res responsables.<\/li>\n<\/ul>\n\n\n\n<hr class=\"wp-block-separator has-alpha-channel-opacity\"\/>\n\n\n\n<h3 class=\"wp-block-heading\">Un nouveau Bretton Woods ?<\/h3>\n\n\n\n<p>Comme le syst\u00e8me de Bretton Woods apr\u00e8s-guerre a structur\u00e9 la finance mondiale,&nbsp;<strong>le monde d\u2019aujourd\u2019hui exige une nouvelle architecture pour la s\u00e9curit\u00e9 \u00e9conomique<\/strong>, qui refl\u00e8te l\u2019interd\u00e9pendance strat\u00e9gique. Le d\u00e9fi est de b\u00e2tir une telle architecture&nbsp;<strong>r\u00e9siliente, multilat\u00e9rale et op\u00e9rationnelle<\/strong>, sans d\u00e9pendre d\u2019un seul pays.<\/p>\n\n\n\n<p>La&nbsp;<strong>pr\u00e9sidence fran\u00e7aise du G7 en 2026<\/strong>&nbsp;a une opportunit\u00e9 historique d\u2019en poser les fondations.<\/p>\n","protected":false},"featured_media":22152,"template":"","cat-theme":[],"cat-axe":[],"class_list":["post-22151","blog","type-blog","status-publish","has-post-thumbnail","hentry"],"acf":[],"yoast_head":"<!-- This site is optimized with the Yoast SEO plugin v26.5 - https:\/\/yoast.com\/wordpress\/plugins\/seo\/ -->\n<title>Concevoir la r\u00e9silience : une nouvelle architecture du G7 pour la s\u00e9curit\u00e9 \u00e9conomique - Les Rencontres \u00c9conomiques<\/title>\n<meta name=\"robots\" content=\"index, follow, max-snippet:-1, max-image-preview:large, max-video-preview:-1\" \/>\n<link rel=\"canonical\" href=\"https:\/\/www.lesrencontreseconomiques.fr\/debats-idees\/concevoir-la-resilience-une-nouvelle-architecture-du-g7-pour-la-securite-economique\/\" \/>\n<meta property=\"og:locale\" content=\"fr_FR\" \/>\n<meta property=\"og:type\" content=\"article\" \/>\n<meta property=\"og:description\" content=\"Au cours de la derni\u00e8re d\u00e9cennie, les fronti\u00e8res entre politique \u00e9conomique et s\u00e9curit\u00e9 nationale se sont pratiquement estomp\u00e9es. Le commerce, la technologie, les investissements et les flux de capitaux sont d\u00e9sormais per\u00e7us non seulement comme des moteurs de croissance, mais aussi comme des leviers d\u2019influence strat\u00e9gique et des sources de vuln\u00e9rabilit\u00e9 g\u00e9opolitique. L\u2019imp\u00e9ratif de garantir [&hellip;]\" \/>\n<meta property=\"og:url\" content=\"https:\/\/www.lesrencontreseconomiques.fr\/debats-idees\/concevoir-la-resilience-une-nouvelle-architecture-du-g7-pour-la-securite-economique\/\" \/>\n<meta property=\"og:site_name\" content=\"Les Rencontres \u00c9conomiques\" \/>\n<meta property=\"article:publisher\" content=\"https:\/\/www.facebook.com\/Le.Cercle.des.Economistes\/\" \/>\n<meta property=\"article:modified_time\" content=\"2025-06-26T14:12:27+00:00\" \/>\n<meta property=\"og:image\" content=\"https:\/\/www.lesrencontreseconomiques.fr\/wp-content\/uploads\/2025\/06\/AdobeStock_1238011957_Editorial_Use_Only-2.jpeg\" \/>\n\t<meta property=\"og:image:width\" content=\"1600\" \/>\n\t<meta property=\"og:image:height\" content=\"1067\" \/>\n\t<meta property=\"og:image:type\" content=\"image\/jpeg\" \/>\n<meta name=\"twitter:card\" content=\"summary_large_image\" \/>\n<meta name=\"twitter:site\" content=\"@Cercle_eco\" \/>\n<meta name=\"twitter:label1\" content=\"Dur\u00e9e de lecture estim\u00e9e\" \/>\n\t<meta name=\"twitter:data1\" content=\"6 minutes\" \/>\n<script type=\"application\/ld+json\" class=\"yoast-schema-graph\">{\"@context\":\"https:\/\/schema.org\",\"@graph\":[{\"@type\":\"WebPage\",\"@id\":\"https:\/\/www.lesrencontreseconomiques.fr\/debats-idees\/concevoir-la-resilience-une-nouvelle-architecture-du-g7-pour-la-securite-economique\/\",\"url\":\"https:\/\/www.lesrencontreseconomiques.fr\/debats-idees\/concevoir-la-resilience-une-nouvelle-architecture-du-g7-pour-la-securite-economique\/\",\"name\":\"Concevoir la r\u00e9silience : une nouvelle architecture du G7 pour la s\u00e9curit\u00e9 \u00e9conomique - Les Rencontres \u00c9conomiques\",\"isPartOf\":{\"@id\":\"https:\/\/www.lesrencontreseconomiques.fr\/#website\"},\"primaryImageOfPage\":{\"@id\":\"https:\/\/www.lesrencontreseconomiques.fr\/debats-idees\/concevoir-la-resilience-une-nouvelle-architecture-du-g7-pour-la-securite-economique\/#primaryimage\"},\"image\":{\"@id\":\"https:\/\/www.lesrencontreseconomiques.fr\/debats-idees\/concevoir-la-resilience-une-nouvelle-architecture-du-g7-pour-la-securite-economique\/#primaryimage\"},\"thumbnailUrl\":\"https:\/\/www.lesrencontreseconomiques.fr\/wp-content\/uploads\/2025\/06\/AdobeStock_1238011957_Editorial_Use_Only-2.jpeg\",\"datePublished\":\"2025-06-26T14:12:26+00:00\",\"dateModified\":\"2025-06-26T14:12:27+00:00\",\"breadcrumb\":{\"@id\":\"https:\/\/www.lesrencontreseconomiques.fr\/debats-idees\/concevoir-la-resilience-une-nouvelle-architecture-du-g7-pour-la-securite-economique\/#breadcrumb\"},\"inLanguage\":\"fr-FR\",\"potentialAction\":[{\"@type\":\"ReadAction\",\"target\":[\"https:\/\/www.lesrencontreseconomiques.fr\/debats-idees\/concevoir-la-resilience-une-nouvelle-architecture-du-g7-pour-la-securite-economique\/\"]}]},{\"@type\":\"ImageObject\",\"inLanguage\":\"fr-FR\",\"@id\":\"https:\/\/www.lesrencontreseconomiques.fr\/debats-idees\/concevoir-la-resilience-une-nouvelle-architecture-du-g7-pour-la-securite-economique\/#primaryimage\",\"url\":\"https:\/\/www.lesrencontreseconomiques.fr\/wp-content\/uploads\/2025\/06\/AdobeStock_1238011957_Editorial_Use_Only-2.jpeg\",\"contentUrl\":\"https:\/\/www.lesrencontreseconomiques.fr\/wp-content\/uploads\/2025\/06\/AdobeStock_1238011957_Editorial_Use_Only-2.jpeg\",\"width\":1600,\"height\":1067},{\"@type\":\"BreadcrumbList\",\"@id\":\"https:\/\/www.lesrencontreseconomiques.fr\/debats-idees\/concevoir-la-resilience-une-nouvelle-architecture-du-g7-pour-la-securite-economique\/#breadcrumb\",\"itemListElement\":[{\"@type\":\"ListItem\",\"position\":1,\"name\":\"Accueil\",\"item\":\"https:\/\/www.lesrencontreseconomiques.fr\/\"},{\"@type\":\"ListItem\",\"position\":2,\"name\":\"D\u00e9bats & Id\u00e9es\",\"item\":\"https:\/\/www.lesrencontreseconomiques.fr\/debats-idees\/\"},{\"@type\":\"ListItem\",\"position\":3,\"name\":\"Concevoir la r\u00e9silience : une nouvelle architecture du G7 pour la s\u00e9curit\u00e9 \u00e9conomique\"}]},{\"@type\":\"WebSite\",\"@id\":\"https:\/\/www.lesrencontreseconomiques.fr\/#website\",\"url\":\"https:\/\/www.lesrencontreseconomiques.fr\/\",\"name\":\"Les Rencontres \u00c9conomiques\",\"description\":\"\",\"potentialAction\":[{\"@type\":\"SearchAction\",\"target\":{\"@type\":\"EntryPoint\",\"urlTemplate\":\"https:\/\/www.lesrencontreseconomiques.fr\/?s={search_term_string}\"},\"query-input\":{\"@type\":\"PropertyValueSpecification\",\"valueRequired\":true,\"valueName\":\"search_term_string\"}}],\"inLanguage\":\"fr-FR\"}]}<\/script>\n<!-- \/ Yoast SEO plugin. -->","yoast_head_json":{"title":"Concevoir la r\u00e9silience : une nouvelle architecture du G7 pour la s\u00e9curit\u00e9 \u00e9conomique - Les Rencontres \u00c9conomiques","robots":{"index":"index","follow":"follow","max-snippet":"max-snippet:-1","max-image-preview":"max-image-preview:large","max-video-preview":"max-video-preview:-1"},"canonical":"https:\/\/www.lesrencontreseconomiques.fr\/debats-idees\/concevoir-la-resilience-une-nouvelle-architecture-du-g7-pour-la-securite-economique\/","og_locale":"fr_FR","og_type":"article","og_description":"Au cours de la derni\u00e8re d\u00e9cennie, les fronti\u00e8res entre politique \u00e9conomique et s\u00e9curit\u00e9 nationale se sont pratiquement estomp\u00e9es. Le commerce, la technologie, les investissements et les flux de capitaux sont d\u00e9sormais per\u00e7us non seulement comme des moteurs de croissance, mais aussi comme des leviers d\u2019influence strat\u00e9gique et des sources de vuln\u00e9rabilit\u00e9 g\u00e9opolitique. L\u2019imp\u00e9ratif de garantir [&hellip;]","og_url":"https:\/\/www.lesrencontreseconomiques.fr\/debats-idees\/concevoir-la-resilience-une-nouvelle-architecture-du-g7-pour-la-securite-economique\/","og_site_name":"Les Rencontres \u00c9conomiques","article_publisher":"https:\/\/www.facebook.com\/Le.Cercle.des.Economistes\/","article_modified_time":"2025-06-26T14:12:27+00:00","og_image":[{"width":1600,"height":1067,"url":"https:\/\/www.lesrencontreseconomiques.fr\/wp-content\/uploads\/2025\/06\/AdobeStock_1238011957_Editorial_Use_Only-2.jpeg","type":"image\/jpeg"}],"twitter_card":"summary_large_image","twitter_site":"@Cercle_eco","twitter_misc":{"Dur\u00e9e de lecture estim\u00e9e":"6 minutes"},"schema":{"@context":"https:\/\/schema.org","@graph":[{"@type":"WebPage","@id":"https:\/\/www.lesrencontreseconomiques.fr\/debats-idees\/concevoir-la-resilience-une-nouvelle-architecture-du-g7-pour-la-securite-economique\/","url":"https:\/\/www.lesrencontreseconomiques.fr\/debats-idees\/concevoir-la-resilience-une-nouvelle-architecture-du-g7-pour-la-securite-economique\/","name":"Concevoir la r\u00e9silience : une nouvelle architecture du G7 pour la s\u00e9curit\u00e9 \u00e9conomique - Les Rencontres \u00c9conomiques","isPartOf":{"@id":"https:\/\/www.lesrencontreseconomiques.fr\/#website"},"primaryImageOfPage":{"@id":"https:\/\/www.lesrencontreseconomiques.fr\/debats-idees\/concevoir-la-resilience-une-nouvelle-architecture-du-g7-pour-la-securite-economique\/#primaryimage"},"image":{"@id":"https:\/\/www.lesrencontreseconomiques.fr\/debats-idees\/concevoir-la-resilience-une-nouvelle-architecture-du-g7-pour-la-securite-economique\/#primaryimage"},"thumbnailUrl":"https:\/\/www.lesrencontreseconomiques.fr\/wp-content\/uploads\/2025\/06\/AdobeStock_1238011957_Editorial_Use_Only-2.jpeg","datePublished":"2025-06-26T14:12:26+00:00","dateModified":"2025-06-26T14:12:27+00:00","breadcrumb":{"@id":"https:\/\/www.lesrencontreseconomiques.fr\/debats-idees\/concevoir-la-resilience-une-nouvelle-architecture-du-g7-pour-la-securite-economique\/#breadcrumb"},"inLanguage":"fr-FR","potentialAction":[{"@type":"ReadAction","target":["https:\/\/www.lesrencontreseconomiques.fr\/debats-idees\/concevoir-la-resilience-une-nouvelle-architecture-du-g7-pour-la-securite-economique\/"]}]},{"@type":"ImageObject","inLanguage":"fr-FR","@id":"https:\/\/www.lesrencontreseconomiques.fr\/debats-idees\/concevoir-la-resilience-une-nouvelle-architecture-du-g7-pour-la-securite-economique\/#primaryimage","url":"https:\/\/www.lesrencontreseconomiques.fr\/wp-content\/uploads\/2025\/06\/AdobeStock_1238011957_Editorial_Use_Only-2.jpeg","contentUrl":"https:\/\/www.lesrencontreseconomiques.fr\/wp-content\/uploads\/2025\/06\/AdobeStock_1238011957_Editorial_Use_Only-2.jpeg","width":1600,"height":1067},{"@type":"BreadcrumbList","@id":"https:\/\/www.lesrencontreseconomiques.fr\/debats-idees\/concevoir-la-resilience-une-nouvelle-architecture-du-g7-pour-la-securite-economique\/#breadcrumb","itemListElement":[{"@type":"ListItem","position":1,"name":"Accueil","item":"https:\/\/www.lesrencontreseconomiques.fr\/"},{"@type":"ListItem","position":2,"name":"D\u00e9bats & Id\u00e9es","item":"https:\/\/www.lesrencontreseconomiques.fr\/debats-idees\/"},{"@type":"ListItem","position":3,"name":"Concevoir la r\u00e9silience : une nouvelle architecture du G7 pour la s\u00e9curit\u00e9 \u00e9conomique"}]},{"@type":"WebSite","@id":"https:\/\/www.lesrencontreseconomiques.fr\/#website","url":"https:\/\/www.lesrencontreseconomiques.fr\/","name":"Les Rencontres \u00c9conomiques","description":"","potentialAction":[{"@type":"SearchAction","target":{"@type":"EntryPoint","urlTemplate":"https:\/\/www.lesrencontreseconomiques.fr\/?s={search_term_string}"},"query-input":{"@type":"PropertyValueSpecification","valueRequired":true,"valueName":"search_term_string"}}],"inLanguage":"fr-FR"}]}},"_links":{"self":[{"href":"https:\/\/www.lesrencontreseconomiques.fr\/wp-json\/wp\/v2\/blog\/22151","targetHints":{"allow":["GET"]}}],"collection":[{"href":"https:\/\/www.lesrencontreseconomiques.fr\/wp-json\/wp\/v2\/blog"}],"about":[{"href":"https:\/\/www.lesrencontreseconomiques.fr\/wp-json\/wp\/v2\/types\/blog"}],"wp:featuredmedia":[{"embeddable":true,"href":"https:\/\/www.lesrencontreseconomiques.fr\/wp-json\/wp\/v2\/media\/22152"}],"wp:attachment":[{"href":"https:\/\/www.lesrencontreseconomiques.fr\/wp-json\/wp\/v2\/media?parent=22151"}],"wp:term":[{"taxonomy":"cat-theme","embeddable":true,"href":"https:\/\/www.lesrencontreseconomiques.fr\/wp-json\/wp\/v2\/cat-theme?post=22151"},{"taxonomy":"cat-axe","embeddable":true,"href":"https:\/\/www.lesrencontreseconomiques.fr\/wp-json\/wp\/v2\/cat-axe?post=22151"}],"curies":[{"name":"wp","href":"https:\/\/api.w.org\/{rel}","templated":true}]}}