{"id":22075,"date":"2025-06-23T17:26:16","date_gmt":"2025-06-23T15:26:16","guid":{"rendered":"https:\/\/www.lesrencontreseconomiques.fr\/?post_type=blog&#038;p=22075"},"modified":"2025-06-23T17:26:17","modified_gmt":"2025-06-23T15:26:17","slug":"le-regionalisme-sans-confiance-les-economies-connectrices-dans-un-ordre-commercial-et-securitaire-brise","status":"publish","type":"blog","link":"https:\/\/www.lesrencontreseconomiques.fr\/debats-idees\/le-regionalisme-sans-confiance-les-economies-connectrices-dans-un-ordre-commercial-et-securitaire-brise\/","title":{"rendered":"Le r\u00e9gionalisme sans confiance : les \u00e9conomies connectrices dans un ordre commercial et s\u00e9curitaire bris\u00e9"},"content":{"rendered":"\n<p><br><strong>Introduction<\/strong><\/p>\n\n\n\n<div style=\"height:10px\" aria-hidden=\"true\" class=\"wp-block-spacer\"><\/div>\n\n\n\n<p><br>Les r\u00e8gles et institutions qui ont construit l\u2019architecture commerciale multilat\u00e9rale actuelle arrivent \u00e0 leur fin. Le mod\u00e8le de mondialisation qui a \u00e9merg\u00e9 apr\u00e8s la Seconde Guerre mondiale reposait sur un pacte implicite de s\u00e9curit\u00e9 : une promesse d\u2019expansion des march\u00e9s mondiaux dans un cadre institutionnel partag\u00e9 en \u00e9change de la paix. Aujourd\u2019hui, l\u2019\u00e9rosion de ce pacte d\u2019apr\u00e8s-guerre a conduit \u00e0 un ordre fragment\u00e9, o\u00f9 la m\u00e9fiance strat\u00e9gique guide les d\u00e9cisions \u00e9conomiques. Dans ce contexte, l\u2019id\u00e9e de renforcer le r\u00e9gionalisme pour pallier le d\u00e9clin de la mondialisation a pris une place importante dans le d\u00e9bat public. Cependant, de nombreux exemples \u00e0 travers le monde montrent que les barri\u00e8res commerciales renouvel\u00e9es, fond\u00e9es sur des int\u00e9r\u00eats g\u00e9opolitiques, combin\u00e9es \u00e0 un manque de confiance et de coh\u00e9rence institutionnelle, rendent les strat\u00e9gies r\u00e9gionales insuffisantes, fragiles et potentiellement contre-productives.<\/p>\n\n\n\n<p><strong>La fin du pacte d\u2019apr\u00e8s-guerre<\/strong><\/p>\n\n\n\n<div style=\"height:10px\" aria-hidden=\"true\" class=\"wp-block-spacer\"><\/div>\n\n\n\n<p><br>La mondialisation telle que nous la connaissons \u00e9tait bien plus qu\u2019un simple projet \u00e9conomique. Avec les institutions multilat\u00e9rales n\u00e9es apr\u00e8s la Seconde Guerre mondiale, le commerce est devenu un pilier fondamental du nouvel ordre mondial : un parapluie s\u00e9curitaire assur\u00e9 par les \u00c9tats-Unis et leurs alli\u00e9s a permis la prolif\u00e9ration des accords commerciaux, des r\u00e9seaux de production et l\u2019\u00e9limination des barri\u00e8res commerciales \u2013 ce qui, \u00e0 son tour, renfor\u00e7ait les conditions de s\u00e9curit\u00e9. L\u2019id\u00e9e que la paix soutiendrait le commerce et que le commerce renforcerait la paix est devenue un imp\u00e9ratif g\u00e9opolitique pour les \u00c9tats-Unis. Dans ce cadre, des institutions comme l\u2019Accord g\u00e9n\u00e9ral sur les tarifs douaniers et le commerce (GATT), puis l\u2019Organisation mondiale du commerce (OMC), ont prosp\u00e9r\u00e9 sous la logique que l\u2019interd\u00e9pendance \u00e9conomique r\u00e9duirait le risque de conflits \u00e0 grande \u00e9chelle.<\/p>\n\n\n\n<div style=\"height:10px\" aria-hidden=\"true\" class=\"wp-block-spacer\"><\/div>\n\n\n\n<p><br>Ce pacte s\u00e9curitaire sous-jacent ne tient plus, avec l\u2019\u00e9clatement de conflits arm\u00e9s majeurs dans le monde, la mont\u00e9e du nationalisme en politique et le n\u00e9oprotectionnisme en \u00e9conomie. Les organisations internationales cr\u00e9\u00e9es apr\u00e8s la Seconde Guerre mondiale pour emp\u00eacher la r\u00e9p\u00e9tition de tels sc\u00e9narios ont presque perdu toute capacit\u00e9 de r\u00e8glement des diff\u00e9rends. Plus important encore, le principe de s\u00e9paration du commerce et de la rivalit\u00e9 g\u00e9opolitique s\u2019est effondr\u00e9. Les tarifs douaniers, contr\u00f4les \u00e0 l\u2019exportation et politiques industrielles sont d\u00e9sormais utilis\u00e9s non seulement comme instruments \u00e9conomiques, mais aussi comme outils de comp\u00e9tition strat\u00e9gique. L\u2019\u00e8re de la confiance strat\u00e9gique est termin\u00e9e ; \u00e0 sa place, les gouvernements recalibrent leurs d\u00e9cisions commerciales selon leurs propres agendas politiques.<\/p>\n\n\n\n<div style=\"height:10px\" aria-hidden=\"true\" class=\"wp-block-spacer\"><\/div>\n\n\n\n<p><strong>Le mythe du r\u00e9gionalisme fonctionnel : le cas \u00c9tats-Unis-Mexique<\/strong><\/p>\n\n\n\n<div style=\"height:10px\" aria-hidden=\"true\" class=\"wp-block-spacer\"><\/div>\n\n\n\n<p><br>Face aux fractures du commerce mondial, le r\u00e9gionalisme a \u00e9t\u00e9 promu comme l\u2019alternative naturelle. Le concept de \u00ab nearshoring \u00bb ou \u00ab friendshoring \u00bb \u2014 la relocalisation des cha\u00eenes d\u2019approvisionnement plus pr\u00e8s de chez soi ou vers des partenaires de confiance \u2014 est vant\u00e9 par les d\u00e9cideurs politiques et chefs d\u2019entreprise pour r\u00e9duire les co\u00fbts, renforcer les r\u00e9gions et diminuer la d\u00e9pendance envers des rivaux g\u00e9opolitiques. Par ailleurs, certains affirment que la mondialisation est en r\u00e9alit\u00e9 un processus de r\u00e9gionalisation, puisque le commerce et les cha\u00eenes d\u2019approvisionnement entre voisins sont bien plus importants qu\u2019entre continents.<\/p>\n\n\n\n<div style=\"height:10px\" aria-hidden=\"true\" class=\"wp-block-spacer\"><\/div>\n\n\n\n<p><br>Gr\u00e2ce \u00e0 sa proximit\u00e9 avec les \u00c9tats-Unis et \u00e0 l\u2019acc\u00e8s pr\u00e9f\u00e9rentiel sous l\u2019ALENA ren\u00e9goci\u00e9 (USMCA), le Mexique est pr\u00e9sent\u00e9 comme un principal b\u00e9n\u00e9ficiaire de ce r\u00e9alignement strat\u00e9gique. Pourtant, les donn\u00e9es montrent un sc\u00e9nario diff\u00e9rent, m\u00eame sous des gouvernements plus favorables au commerce. Si le Mexique a enregistr\u00e9 une augmentation mod\u00e9r\u00e9e des investissements directs \u00e9trangers (IDE) ces derni\u00e8res ann\u00e9es, cette hausse ne peut pas \u00eatre enti\u00e8rement attribu\u00e9e \u00e0 des politiques r\u00e9ussies de nearshoring. Des tendances plus larges telles que l\u2019automatisation, la diversification et la r\u00e9investissement ont jou\u00e9 un r\u00f4le, avec peu de lien avec une mise sur le Mexique comme hub industriel g\u00e9ographiquement proche.<\/p>\n\n\n\n<div style=\"height:10px\" aria-hidden=\"true\" class=\"wp-block-spacer\"><\/div>\n\n\n\n<p><br>De plus, les donn\u00e9es de la Secr\u00e9tariat \u00e0 l\u2019\u00e9conomie du Mexique indiquent que moins d\u2019un cinqui\u00e8me des IDE totaux en 2024 ont \u00e9t\u00e9 dirig\u00e9s vers des secteurs manufacturiers strat\u00e9giques g\u00e9n\u00e9ralement associ\u00e9s au nearshoring \u2014 comme la transformation automobile, l\u2019\u00e9lectronique et la fabrication avanc\u00e9e. Enfin, bien que les \u00c9tats-Unis et le Mexique soient interd\u00e9pendants et de forts partenaires commerciaux, les investissements dans ces secteurs proviennent de plus en plus de march\u00e9s lointains, notamment des entreprises asiatiques et europ\u00e9ennes.<br>Bien s\u00fbr, plusieurs facteurs internes \u00e9largissent ce d\u00e9calage entre rh\u00e9torique politique et r\u00e9alit\u00e9 \u00e9conomique. Le manque d\u2019investissement solide dans les infrastructures au Mexique, la pr\u00e9sence croissante du crime organis\u00e9 dans des zones industrielles cl\u00e9s, et la r\u00e9forme judiciaire r\u00e9cente qui a fragilis\u00e9 les garanties de l\u2019\u00c9tat de droit et la confiance des investisseurs, continuent de freiner les investissements \u00e0 long terme, compliquant davantage les conditions commerciales.<\/p>\n\n\n\n<p><br>Par ailleurs, sous le second mandat de Trump, les \u00c9tats-Unis ont impos\u00e9 une politique agressive de reshoring et les menaces tarifaires ont transform\u00e9 la n\u00e9gociation r\u00e9gionale en un exercice coercitif. Les \u00c9tats-Unis continuent de regrouper coop\u00e9ration \u00e9conomique, s\u00e9curit\u00e9 frontali\u00e8re et contr\u00f4le migratoire dans un m\u00eame cadre de n\u00e9gociation, sans offrir au Mexique un r\u00f4le clairement d\u00e9fini ou r\u00e9ciproque. Cette impasse risque de s\u2019aggraver avec la revue de l\u2019USMCA en 2026, Donald Trump transformant essentiellement la ren\u00e9gociation commerciale en un enjeu de s\u00e9curit\u00e9 nationale. Ensemble, ces probl\u00e8mes minent la logique fondamentale du nearshoring, cens\u00e9e g\u00e9n\u00e9rer de la certitude et renforcer la r\u00e9silience r\u00e9gionale.<\/p>\n\n\n\n<div style=\"height:10px\" aria-hidden=\"true\" class=\"wp-block-spacer\"><\/div>\n\n\n\n<p><br>Malgr\u00e9 la proximit\u00e9 g\u00e9ographique, le probl\u00e8me principal r\u00e9side dans les asym\u00e9tries institutionnelles et industrielles ainsi que dans l\u2019incertitude \u00e0 long terme. Le cas \u00c9tats-Unis-Mexique illustre que la r\u00e9gionalisation sans confiance, sans r\u00e9ciprocit\u00e9 strat\u00e9gique ni coordination institutionnelle, n\u2019est pas une int\u00e9gration r\u00e9gionale \u2014 c\u2019est une d\u00e9pendance sous pression. Plut\u00f4t que de neutraliser les asym\u00e9tries, ce mod\u00e8le les intensifie souvent, cr\u00e9ant de nouveaux points de fragilit\u00e9 dans des cha\u00eenes d\u2019approvisionnement qui \u00e9taient cens\u00e9es \u00eatre prot\u00e9g\u00e9es des turbulences mondiales.<\/p>\n\n\n\n<div style=\"height:10px\" aria-hidden=\"true\" class=\"wp-block-spacer\"><\/div>\n\n\n\n<p><strong>Des blocs sans confiance : les d\u00e9fis des \u00e9conomies connectrices<\/strong><\/p>\n\n\n\n<div style=\"height:10px\" aria-hidden=\"true\" class=\"wp-block-spacer\"><\/div>\n\n\n\n<p><br>Sans cadre mondial, les pays s\u2019organisent \u00e0 travers des blocs \u00e9conomiques informels qui ne sont pas d\u00e9finis seulement par la g\u00e9ographie, mais par la loyaut\u00e9 per\u00e7ue, les imp\u00e9ratifs g\u00e9opolitiques et l\u2019alignement avec des agendas strat\u00e9giques et politiques. Cette nouvelle logique a mis en lumi\u00e8re le concept d\u2019\u00ab \u00e9conomies connectrices \u00bb \u2014 des pays qui maintiennent des liens commerciaux et d\u2019investissement ad hoc avec plusieurs blocs, sans s\u2019aligner formellement avec aucun.<\/p>\n\n\n\n<div style=\"height:10px\" aria-hidden=\"true\" class=\"wp-block-spacer\"><\/div>\n\n\n\n<p><br>Ils sont vus comme attractifs pour la relocalisation de la production et la couverture g\u00e9opolitique. Leur ambigu\u00eft\u00e9 strat\u00e9gique leur donne de la pertinence, mais les rend aussi vuln\u00e9rables aux pressions des puissances concurrentes cherchant \u00e0 obtenir leur alignement. Bien qu\u2019ils puissent b\u00e9n\u00e9ficier de flux d\u2019investissement diversifi\u00e9s, leur influence reste essentiellement transactionnelle et volatile. Ils ont plus d\u2019autonomie \u00e0 court terme et en p\u00e9riode de crise, mais peu de pouvoir pour fa\u00e7onner l\u2019ordre commercial et s\u00e9curitaire \u00e9mergent.<\/p>\n\n\n\n<div style=\"height:10px\" aria-hidden=\"true\" class=\"wp-block-spacer\"><\/div>\n\n\n\n<p><br>Dans ce contexte, plusieurs \u00e9conomies connectrices d\u2019Am\u00e9rique latine \u2014 comme le Mexique, le Br\u00e9sil et le Chili \u2014 testent des strat\u00e9gies de survie dans un monde post-multilat\u00e9ral, pris entre deux grandes puissances en lutte : les \u00c9tats-Unis et la Chine. Certains experts estiment que ces temps turbulents peuvent offrir des opportunit\u00e9s uniques pour la r\u00e9gion, mais les pays latino-am\u00e9ricains naviguent ce changement non pas comme un bloc unifi\u00e9, mais comme un ensemble d\u2019\u00e9conomies faiblement connect\u00e9es \u2014 certaines trop grandes pour \u00eatre ignor\u00e9es mais trop d\u00e9salign\u00e9es pour \u00eatre incluses \u2014 cherchant \u00e0 pr\u00e9server leur autonomie tout en s\u2019adaptant \u00e0 un paysage plus fragment\u00e9 et transactionnel.<br>Les objectifs inachev\u00e9s d\u2019int\u00e9gration de la r\u00e9gion ne peuvent \u00eatre enti\u00e8rement imput\u00e9s \u00e0 la fracture du syst\u00e8me commercial mondial. Bien que les gouvernements d\u00e9fendent ces tendances dans leurs discours officiels et dans les forums multilat\u00e9raux, sans r\u00e9formes cibl\u00e9es \u2014 de l\u2019investissement dans les infrastructures \u00e0 la fiabilit\u00e9 \u00e9nerg\u00e9tique en passant par la modernisation des douanes \u2014 les \u00e9conomies latino-am\u00e9ricaines resteront vuln\u00e9rables aux chocs externes.<\/p>\n\n\n\n<div style=\"height:10px\" aria-hidden=\"true\" class=\"wp-block-spacer\"><\/div>\n\n\n\n<p><br>En mati\u00e8re de diversification, les pays latino-am\u00e9ricains ont eu du mal \u00e0 construire la r\u00e9silience strat\u00e9gique qui devient essentielle dans une \u00e9conomie mondiale fragment\u00e9e. Compar\u00e9s \u00e0 d\u2019autres \u00e9conomies connectrices sur le march\u00e9 asiatique, comme le Vietnam, qui ont diversifi\u00e9 \u00e0 la fois leurs partenaires commerciaux et leurs march\u00e9s d\u2019exportation, la plupart des \u00e9conomies latino-am\u00e9ricaines restent fortement d\u00e9pendantes d\u2019une seule relation g\u00e9opolitique. Le Vietnam, par exemple, n\u2019attire pas seulement des IDE de multiples sources ; il vend aussi \u00e0 une large gamme de destinations d\u2019exportation, ce qui lui offre un tampon en cas de tensions avec un partenaire.<\/p>\n\n\n\n<div style=\"height:10px\" aria-hidden=\"true\" class=\"wp-block-spacer\"><\/div>\n\n\n\n<div style=\"height:10px\" aria-hidden=\"true\" class=\"wp-block-spacer\"><\/div>\n\n\n\n<p><br>Cette diff\u00e9rence refl\u00e8te plus que la g\u00e9ographie \u2014 elle r\u00e9v\u00e8le un \u00e9cart strat\u00e9gique. Des pays comme le Vietnam ont construit de mani\u00e8re proactive des capacit\u00e9s institutionnelles, une diversification commerciale et une int\u00e9gration des cha\u00eenes d\u2019approvisionnement. La plupart de l\u2019Am\u00e9rique latine, en revanche, n\u2019a pas encore adopt\u00e9 les politiques prospectives n\u00e9cessaires pour prosp\u00e9rer dans un monde o\u00f9 ce qui compte n\u2019est plus seulement l\u2019acc\u00e8s au march\u00e9, mais l\u2019alignement g\u00e9opolitique et la connectivit\u00e9 adaptative.<\/p>\n\n\n\n<div style=\"height:10px\" aria-hidden=\"true\" class=\"wp-block-spacer\"><\/div>\n\n\n\n<p><strong>Le besoin d\u2019un nouveau pacte<\/strong><\/p>\n\n\n\n<div style=\"height:10px\" aria-hidden=\"true\" class=\"wp-block-spacer\"><\/div>\n\n\n\n<p><br>Par ailleurs, les conflits arm\u00e9s actuels dans le monde \u2014 l\u2019invasion \u00e0 grande \u00e9chelle de l\u2019Ukraine par la Russie, l\u2019assaut militaire d\u2019Isra\u00ebl sur Gaza, et la confrontation g\u00e9opolitique croissante autour de Ta\u00efwan \u2014 ont davantage mis en lumi\u00e8re l\u2019absence d\u2019un cadre coh\u00e9rent global de s\u00e9curit\u00e9 et de commerce. Mais paradoxalement, ils ouvrent aussi un espace pour repenser ce cadre. Un nouveau pacte, fond\u00e9 sur un r\u00e9alisme strat\u00e9gique plut\u00f4t que sur des r\u00e8gles d\u2019apr\u00e8s-guerre d\u00e9pass\u00e9es, pourrait r\u00e9tablir des r\u00e8gles de base pour la coop\u00e9ration \u00e9conomique en temps de rivalit\u00e9 et de perturbations.<\/p>\n\n\n\n<div style=\"height:10px\" aria-hidden=\"true\" class=\"wp-block-spacer\"><\/div>\n\n\n\n<p><br>L\u2019effondrement du syst\u00e8me commercial mondial a expos\u00e9 la fragilit\u00e9 du r\u00e9gionalisme lorsqu\u2019il n\u2019est pas soutenu par la confiance mutuelle, une strat\u00e9gie partag\u00e9e et des engagements institutionnels clairs. D\u2019une certaine mani\u00e8re, le r\u00e9gionalisme a \u00e9chou\u00e9 \u00e0 garantir sa promesse de stabilit\u00e9 et de d\u00e9veloppement. S\u2019il offre une voie vers la stabilit\u00e9, il ne peut r\u00e9ussir sans un cadre coh\u00e9rent pour remplacer le pacte d\u2019apr\u00e8s-guerre. Ce qu\u2019il faut, ce ne sont pas seulement de nouveaux accords commerciaux, mais une nouvelle compr\u00e9hension de la responsabilit\u00e9 r\u00e9gionale \u2014 qui aligne la coordination \u00e9conomique avec une coop\u00e9ration s\u00e9curitaire r\u00e9aliste et une r\u00e9ciprocit\u00e9 politique. Jusqu\u2019\u00e0 ce moment-l\u00e0, le r\u00e9gionalisme restera fragile, et le syst\u00e8me commercial mondial continuera \u00e0 se fragmenter, plut\u00f4t qu\u2019\u00e0 se r\u00e9organiser.<\/p>\n","protected":false},"featured_media":22076,"template":"","cat-theme":[74],"cat-axe":[],"class_list":["post-22075","blog","type-blog","status-publish","has-post-thumbnail","hentry","cat-theme-geopolitique"],"acf":[],"yoast_head":"<!-- This site is optimized with the Yoast SEO plugin v26.5 - https:\/\/yoast.com\/wordpress\/plugins\/seo\/ -->\n<title>Le r\u00e9gionalisme sans confiance : les \u00e9conomies connectrices dans un ordre commercial et s\u00e9curitaire bris\u00e9 - Les Rencontres \u00c9conomiques<\/title>\n<meta name=\"robots\" content=\"index, follow, max-snippet:-1, max-image-preview:large, max-video-preview:-1\" \/>\n<link rel=\"canonical\" href=\"https:\/\/www.lesrencontreseconomiques.fr\/debats-idees\/le-regionalisme-sans-confiance-les-economies-connectrices-dans-un-ordre-commercial-et-securitaire-brise\/\" \/>\n<meta property=\"og:locale\" content=\"fr_FR\" \/>\n<meta property=\"og:type\" content=\"article\" \/>\n<meta property=\"og:description\" content=\"Introduction Les r\u00e8gles et institutions qui ont construit l\u2019architecture commerciale multilat\u00e9rale actuelle arrivent \u00e0 leur fin. Le mod\u00e8le de mondialisation qui a \u00e9merg\u00e9 apr\u00e8s la Seconde Guerre mondiale reposait sur un pacte implicite de s\u00e9curit\u00e9 : une promesse d\u2019expansion des march\u00e9s mondiaux dans un cadre institutionnel partag\u00e9 en \u00e9change de la paix. Aujourd\u2019hui, l\u2019\u00e9rosion de [&hellip;]\" \/>\n<meta property=\"og:url\" content=\"https:\/\/www.lesrencontreseconomiques.fr\/debats-idees\/le-regionalisme-sans-confiance-les-economies-connectrices-dans-un-ordre-commercial-et-securitaire-brise\/\" \/>\n<meta property=\"og:site_name\" content=\"Les Rencontres \u00c9conomiques\" \/>\n<meta property=\"article:publisher\" content=\"https:\/\/www.facebook.com\/Le.Cercle.des.Economistes\/\" \/>\n<meta property=\"article:modified_time\" content=\"2025-06-23T15:26:17+00:00\" \/>\n<meta property=\"og:image\" content=\"https:\/\/www.lesrencontreseconomiques.fr\/wp-content\/uploads\/2025\/06\/istockphoto-1332002332-612x612-1.jpg\" \/>\n\t<meta property=\"og:image:width\" content=\"612\" \/>\n\t<meta property=\"og:image:height\" content=\"344\" \/>\n\t<meta property=\"og:image:type\" content=\"image\/jpeg\" \/>\n<meta name=\"twitter:card\" content=\"summary_large_image\" \/>\n<meta name=\"twitter:site\" content=\"@Cercle_eco\" \/>\n<meta name=\"twitter:label1\" content=\"Dur\u00e9e de lecture estim\u00e9e\" \/>\n\t<meta name=\"twitter:data1\" content=\"9 minutes\" \/>\n<script type=\"application\/ld+json\" class=\"yoast-schema-graph\">{\"@context\":\"https:\/\/schema.org\",\"@graph\":[{\"@type\":\"WebPage\",\"@id\":\"https:\/\/www.lesrencontreseconomiques.fr\/debats-idees\/le-regionalisme-sans-confiance-les-economies-connectrices-dans-un-ordre-commercial-et-securitaire-brise\/\",\"url\":\"https:\/\/www.lesrencontreseconomiques.fr\/debats-idees\/le-regionalisme-sans-confiance-les-economies-connectrices-dans-un-ordre-commercial-et-securitaire-brise\/\",\"name\":\"Le r\u00e9gionalisme sans confiance : les \u00e9conomies connectrices dans un ordre commercial et s\u00e9curitaire bris\u00e9 - Les Rencontres \u00c9conomiques\",\"isPartOf\":{\"@id\":\"https:\/\/www.lesrencontreseconomiques.fr\/#website\"},\"primaryImageOfPage\":{\"@id\":\"https:\/\/www.lesrencontreseconomiques.fr\/debats-idees\/le-regionalisme-sans-confiance-les-economies-connectrices-dans-un-ordre-commercial-et-securitaire-brise\/#primaryimage\"},\"image\":{\"@id\":\"https:\/\/www.lesrencontreseconomiques.fr\/debats-idees\/le-regionalisme-sans-confiance-les-economies-connectrices-dans-un-ordre-commercial-et-securitaire-brise\/#primaryimage\"},\"thumbnailUrl\":\"https:\/\/www.lesrencontreseconomiques.fr\/wp-content\/uploads\/2025\/06\/istockphoto-1332002332-612x612-1.jpg\",\"datePublished\":\"2025-06-23T15:26:16+00:00\",\"dateModified\":\"2025-06-23T15:26:17+00:00\",\"breadcrumb\":{\"@id\":\"https:\/\/www.lesrencontreseconomiques.fr\/debats-idees\/le-regionalisme-sans-confiance-les-economies-connectrices-dans-un-ordre-commercial-et-securitaire-brise\/#breadcrumb\"},\"inLanguage\":\"fr-FR\",\"potentialAction\":[{\"@type\":\"ReadAction\",\"target\":[\"https:\/\/www.lesrencontreseconomiques.fr\/debats-idees\/le-regionalisme-sans-confiance-les-economies-connectrices-dans-un-ordre-commercial-et-securitaire-brise\/\"]}]},{\"@type\":\"ImageObject\",\"inLanguage\":\"fr-FR\",\"@id\":\"https:\/\/www.lesrencontreseconomiques.fr\/debats-idees\/le-regionalisme-sans-confiance-les-economies-connectrices-dans-un-ordre-commercial-et-securitaire-brise\/#primaryimage\",\"url\":\"https:\/\/www.lesrencontreseconomiques.fr\/wp-content\/uploads\/2025\/06\/istockphoto-1332002332-612x612-1.jpg\",\"contentUrl\":\"https:\/\/www.lesrencontreseconomiques.fr\/wp-content\/uploads\/2025\/06\/istockphoto-1332002332-612x612-1.jpg\",\"width\":612,\"height\":344},{\"@type\":\"BreadcrumbList\",\"@id\":\"https:\/\/www.lesrencontreseconomiques.fr\/debats-idees\/le-regionalisme-sans-confiance-les-economies-connectrices-dans-un-ordre-commercial-et-securitaire-brise\/#breadcrumb\",\"itemListElement\":[{\"@type\":\"ListItem\",\"position\":1,\"name\":\"Accueil\",\"item\":\"https:\/\/www.lesrencontreseconomiques.fr\/\"},{\"@type\":\"ListItem\",\"position\":2,\"name\":\"D\u00e9bats & Id\u00e9es\",\"item\":\"https:\/\/www.lesrencontreseconomiques.fr\/debats-idees\/\"},{\"@type\":\"ListItem\",\"position\":3,\"name\":\"Le r\u00e9gionalisme sans confiance : les \u00e9conomies connectrices dans un ordre commercial et s\u00e9curitaire bris\u00e9\"}]},{\"@type\":\"WebSite\",\"@id\":\"https:\/\/www.lesrencontreseconomiques.fr\/#website\",\"url\":\"https:\/\/www.lesrencontreseconomiques.fr\/\",\"name\":\"Les Rencontres \u00c9conomiques\",\"description\":\"\",\"potentialAction\":[{\"@type\":\"SearchAction\",\"target\":{\"@type\":\"EntryPoint\",\"urlTemplate\":\"https:\/\/www.lesrencontreseconomiques.fr\/?s={search_term_string}\"},\"query-input\":{\"@type\":\"PropertyValueSpecification\",\"valueRequired\":true,\"valueName\":\"search_term_string\"}}],\"inLanguage\":\"fr-FR\"}]}<\/script>\n<!-- \/ Yoast SEO plugin. -->","yoast_head_json":{"title":"Le r\u00e9gionalisme sans confiance : les \u00e9conomies connectrices dans un ordre commercial et s\u00e9curitaire bris\u00e9 - Les Rencontres \u00c9conomiques","robots":{"index":"index","follow":"follow","max-snippet":"max-snippet:-1","max-image-preview":"max-image-preview:large","max-video-preview":"max-video-preview:-1"},"canonical":"https:\/\/www.lesrencontreseconomiques.fr\/debats-idees\/le-regionalisme-sans-confiance-les-economies-connectrices-dans-un-ordre-commercial-et-securitaire-brise\/","og_locale":"fr_FR","og_type":"article","og_description":"Introduction Les r\u00e8gles et institutions qui ont construit l\u2019architecture commerciale multilat\u00e9rale actuelle arrivent \u00e0 leur fin. Le mod\u00e8le de mondialisation qui a \u00e9merg\u00e9 apr\u00e8s la Seconde Guerre mondiale reposait sur un pacte implicite de s\u00e9curit\u00e9 : une promesse d\u2019expansion des march\u00e9s mondiaux dans un cadre institutionnel partag\u00e9 en \u00e9change de la paix. Aujourd\u2019hui, l\u2019\u00e9rosion de [&hellip;]","og_url":"https:\/\/www.lesrencontreseconomiques.fr\/debats-idees\/le-regionalisme-sans-confiance-les-economies-connectrices-dans-un-ordre-commercial-et-securitaire-brise\/","og_site_name":"Les Rencontres \u00c9conomiques","article_publisher":"https:\/\/www.facebook.com\/Le.Cercle.des.Economistes\/","article_modified_time":"2025-06-23T15:26:17+00:00","og_image":[{"width":612,"height":344,"url":"https:\/\/www.lesrencontreseconomiques.fr\/wp-content\/uploads\/2025\/06\/istockphoto-1332002332-612x612-1.jpg","type":"image\/jpeg"}],"twitter_card":"summary_large_image","twitter_site":"@Cercle_eco","twitter_misc":{"Dur\u00e9e de lecture estim\u00e9e":"9 minutes"},"schema":{"@context":"https:\/\/schema.org","@graph":[{"@type":"WebPage","@id":"https:\/\/www.lesrencontreseconomiques.fr\/debats-idees\/le-regionalisme-sans-confiance-les-economies-connectrices-dans-un-ordre-commercial-et-securitaire-brise\/","url":"https:\/\/www.lesrencontreseconomiques.fr\/debats-idees\/le-regionalisme-sans-confiance-les-economies-connectrices-dans-un-ordre-commercial-et-securitaire-brise\/","name":"Le r\u00e9gionalisme sans confiance : les \u00e9conomies connectrices dans un ordre commercial et s\u00e9curitaire bris\u00e9 - Les Rencontres \u00c9conomiques","isPartOf":{"@id":"https:\/\/www.lesrencontreseconomiques.fr\/#website"},"primaryImageOfPage":{"@id":"https:\/\/www.lesrencontreseconomiques.fr\/debats-idees\/le-regionalisme-sans-confiance-les-economies-connectrices-dans-un-ordre-commercial-et-securitaire-brise\/#primaryimage"},"image":{"@id":"https:\/\/www.lesrencontreseconomiques.fr\/debats-idees\/le-regionalisme-sans-confiance-les-economies-connectrices-dans-un-ordre-commercial-et-securitaire-brise\/#primaryimage"},"thumbnailUrl":"https:\/\/www.lesrencontreseconomiques.fr\/wp-content\/uploads\/2025\/06\/istockphoto-1332002332-612x612-1.jpg","datePublished":"2025-06-23T15:26:16+00:00","dateModified":"2025-06-23T15:26:17+00:00","breadcrumb":{"@id":"https:\/\/www.lesrencontreseconomiques.fr\/debats-idees\/le-regionalisme-sans-confiance-les-economies-connectrices-dans-un-ordre-commercial-et-securitaire-brise\/#breadcrumb"},"inLanguage":"fr-FR","potentialAction":[{"@type":"ReadAction","target":["https:\/\/www.lesrencontreseconomiques.fr\/debats-idees\/le-regionalisme-sans-confiance-les-economies-connectrices-dans-un-ordre-commercial-et-securitaire-brise\/"]}]},{"@type":"ImageObject","inLanguage":"fr-FR","@id":"https:\/\/www.lesrencontreseconomiques.fr\/debats-idees\/le-regionalisme-sans-confiance-les-economies-connectrices-dans-un-ordre-commercial-et-securitaire-brise\/#primaryimage","url":"https:\/\/www.lesrencontreseconomiques.fr\/wp-content\/uploads\/2025\/06\/istockphoto-1332002332-612x612-1.jpg","contentUrl":"https:\/\/www.lesrencontreseconomiques.fr\/wp-content\/uploads\/2025\/06\/istockphoto-1332002332-612x612-1.jpg","width":612,"height":344},{"@type":"BreadcrumbList","@id":"https:\/\/www.lesrencontreseconomiques.fr\/debats-idees\/le-regionalisme-sans-confiance-les-economies-connectrices-dans-un-ordre-commercial-et-securitaire-brise\/#breadcrumb","itemListElement":[{"@type":"ListItem","position":1,"name":"Accueil","item":"https:\/\/www.lesrencontreseconomiques.fr\/"},{"@type":"ListItem","position":2,"name":"D\u00e9bats & Id\u00e9es","item":"https:\/\/www.lesrencontreseconomiques.fr\/debats-idees\/"},{"@type":"ListItem","position":3,"name":"Le r\u00e9gionalisme sans confiance : les \u00e9conomies connectrices dans un ordre commercial et s\u00e9curitaire bris\u00e9"}]},{"@type":"WebSite","@id":"https:\/\/www.lesrencontreseconomiques.fr\/#website","url":"https:\/\/www.lesrencontreseconomiques.fr\/","name":"Les Rencontres \u00c9conomiques","description":"","potentialAction":[{"@type":"SearchAction","target":{"@type":"EntryPoint","urlTemplate":"https:\/\/www.lesrencontreseconomiques.fr\/?s={search_term_string}"},"query-input":{"@type":"PropertyValueSpecification","valueRequired":true,"valueName":"search_term_string"}}],"inLanguage":"fr-FR"}]}},"_links":{"self":[{"href":"https:\/\/www.lesrencontreseconomiques.fr\/wp-json\/wp\/v2\/blog\/22075","targetHints":{"allow":["GET"]}}],"collection":[{"href":"https:\/\/www.lesrencontreseconomiques.fr\/wp-json\/wp\/v2\/blog"}],"about":[{"href":"https:\/\/www.lesrencontreseconomiques.fr\/wp-json\/wp\/v2\/types\/blog"}],"wp:featuredmedia":[{"embeddable":true,"href":"https:\/\/www.lesrencontreseconomiques.fr\/wp-json\/wp\/v2\/media\/22076"}],"wp:attachment":[{"href":"https:\/\/www.lesrencontreseconomiques.fr\/wp-json\/wp\/v2\/media?parent=22075"}],"wp:term":[{"taxonomy":"cat-theme","embeddable":true,"href":"https:\/\/www.lesrencontreseconomiques.fr\/wp-json\/wp\/v2\/cat-theme?post=22075"},{"taxonomy":"cat-axe","embeddable":true,"href":"https:\/\/www.lesrencontreseconomiques.fr\/wp-json\/wp\/v2\/cat-axe?post=22075"}],"curies":[{"name":"wp","href":"https:\/\/api.w.org\/{rel}","templated":true}]}}