{"id":22059,"date":"2025-06-23T14:40:12","date_gmt":"2025-06-23T12:40:12","guid":{"rendered":"https:\/\/www.lesrencontreseconomiques.fr\/?post_type=blog&#038;p=22059"},"modified":"2025-06-23T14:40:14","modified_gmt":"2025-06-23T12:40:14","slug":"lascenseur-social-nest-pas-en-panne-il-change-de-moteur","status":"publish","type":"blog","link":"https:\/\/www.lesrencontreseconomiques.fr\/debats-idees\/lascenseur-social-nest-pas-en-panne-il-change-de-moteur\/","title":{"rendered":"L\u2019ascenseur social n\u2019est pas en panne, il change de moteur\u00a0"},"content":{"rendered":"\n<p>En France, nous croyons en l\u2019ascension sociale par le m\u00e9rite, le travail et l\u2019accompagnement. C\u2019est une caract\u00e9ristique du mod\u00e8le fran\u00e7ais\u00a0: l\u2019\u00e9galit\u00e9 des chances\u00a0!\u00a0Cette conviction fait partie de notre pacte r\u00e9publicain.<\/p>\n\n\n\n<p>Mais derri\u00e8re le principe, la r\u00e9alit\u00e9 est plus nuanc\u00e9e.&nbsp;<\/p>\n\n\n\n<p>Alors, y a-t-il encore un ascenseur social ?<br><br>La r\u00e9ponse est oui. Il ne s\u2019est pas arr\u00eat\u00e9, il se transforme. Il n\u2019est plus lin\u00e9aire, il change de formes, de moteurs, de rythmes selon les individus et sous l\u2019impulsion de la r\u00e9volution technologique. Il faut cesser de r\u00e9p\u00e9ter qu\u2019il serait \u00ab en panne \u00bb. Ce discours d\u00e9faitiste masque les efforts r\u00e9els, les r\u00e9ussites concr\u00e8tes \u2013 et les leviers d\u2019action \u00e0 renforcer.<br><br>L\u2019\u00e9cole reste un levier fondamental.<br>La CCI Paris \u00cele-de-France assume une mission de service public au service de l\u2019\u00e9conomie. Elle a fond\u00e9, au fil des d\u00e9cennies, une quinzaine d\u2019\u00e9coles pour r\u00e9pondre aux besoins des entreprises. Ces \u00e9tablissements, bien que priv\u00e9s, fonctionnent sur des mod\u00e8les non lucratifs. Ils sont des lieux de savoirs, d\u2019apprentissage et d\u2019acc\u00e9l\u00e9ration de parcours.<br><br>Chaque ann\u00e9e, notre groupe \u00e9ducatif accueille 45 000 \u00e9tudiants, dont une part croissante vient de milieux modestes. Nous formons 16 400 apprentis, du CAP au bac+5. Et pour tous, nous avons mis en place des dispositifs concrets d\u2019\u00e9galit\u00e9 des chances.<br><br>Nos \u00e9coles de commerce \u2013 HEC, ESCP, ESSEC \u2013 comptent 20\u202f% de boursiers, avec des exon\u00e9rations partielles ou totales des frais de scolarit\u00e9. Des programmes comme CAP ESSEC, Talent Spring, ou encore HEC Stand Up pour les femmes entrepreneures, permettent de briser des plafonds invisibles.<br><br>\u00c0 Gobelins Paris, nous participons aux \u00ab Cord\u00e9es de la r\u00e9ussite \u00bb pour accompagner des lyc\u00e9ens dans leur orientation. Et \u00e0 la Coding Factory de Cergy, une \u00e9tudiante comme Aya Aidouni prouve que ces dispositifs changent des vies : elle vient de recevoir le prix Margaret Junior qui valorise les talents f\u00e9minins dans l\u2019IA. Des trajectoires comme celle-ci incarnent l\u2019ascenseur social \u00e0 l\u2019\u0153uvre.<br><br>Mais l\u2019\u00e9cole ne peut pas tout. L\u2019ascension sociale suppose aussi un moteur collectif : celui des entreprises qui peut jouer un r\u00f4le compl\u00e9mentaire dans la mobilit\u00e9 sociale.<br><br>Notre r\u00f4le \u00e0 la CCI Paris Ile-de-France est d\u2019accompagner ces entreprises pour qu\u2019elles deviennent des actrices engag\u00e9es de la mobilit\u00e9 sociale. Nous agissons \u00e0 travers :<\/p>\n\n\n\n<ul class=\"wp-block-list\">\n<li>La sensibilisation \u00e0 la diversit\u00e9 des recrutements,<\/li>\n\n\n\n<li>L\u2019aide \u00e0 l\u2019accueil de jeunes en alternance ou en stage,<\/li>\n\n\n\n<li>Le soutien \u00e0 l\u2019entrepreneuriat local, notamment dans les quartiers populaires.<\/li>\n<\/ul>\n\n\n\n<p>C\u2019est dans cet esprit que nous avons lanc\u00e9 \u00ab N\u00e9 sous la m\u00eame \u00e9toile \u00bb, un programme qui met en lien jeunes issus de quartiers et chefs d\u2019entreprise, via des rencontres inspirantes, des stages, du mentorat. L\u2019objectif est clair, s\u2019engager, donner le coup de pouce qui peut tout changer et r\u00e9v\u00e9ler ainsi les talents invisibles.<br><br>L\u2019\u00e9galit\u00e9 des chances ne se d\u00e9cr\u00e8te pas, elle se construit.<br>Si je suis engag\u00e9 dans les chambres de commerce depuis des d\u00e9cennies, c\u2019est parce que je sais, pour l\u2019avoir v\u00e9cu, qu\u2019un jeune qui doute de lui-m\u00eame est un talent que la soci\u00e9t\u00e9 peut perdre. Notre responsabilit\u00e9 est de faire tomber les barri\u00e8res, de transmettre la confiance, de cr\u00e9er des d\u00e9clics. Car pour fabriquer des entrepreneurs, il faut d\u2019abord permettre aux jeunes de croire en leurs r\u00eaves.<\/p>\n\n\n\n<p>C\u2019est dans ce m\u00eame esprit que j\u2019ai cr\u00e9\u00e9 le Moovjee sur le principe du mentorat pour jeunes et les \u00e9tudiants entrepreneurs qui doivent pouvoir profiter de l\u2019exp\u00e9rience d\u2019autres entrepreneurs pour grandir, ne pas \u00eatre seul et \u00e9viter les \u00e9cueils. J\u2019avais \u00e9t\u00e9 conquis par le mod\u00e8le du mentorat d\u2019entreprise au Qu\u00e9bec et je l\u2019ai, pourrait-on dire, import\u00e9 en France avec la cr\u00e9ation de l\u2019Institut du mentorat entrepreneurial en 2008 (IME )par la CCI Paris que je pr\u00e9sidais \u00e0 l\u2019\u00e9poque.<br><br>Oui, en France, l\u2019ascenseur social fonctionne encore. Mais il exige des efforts collectifs, une volont\u00e9 politique constante, et des actions de terrain coordonn\u00e9es. Lorsque l\u2019on voit ce qui se passe actuellement aux Etats-Unis avec l\u2019administration Trump qui suspend les financements des grandes universit\u00e9s sur des sujets d\u2019inclusion, on voit que l\u2019ind\u00e9pendance acad\u00e9mique et l\u2019acc\u00e8s \u00e9quitable \u00e0 l\u2019\u00e9ducation peuvent \u00eatre remises en cause pour des&nbsp;&nbsp;raisons&nbsp;&nbsp;politiques. \u00c0 la CCI Paris \u00cele-de-France, nous sommes convaincus que la formation, l\u2019entrepreneuriat et l\u2019accompagnement dans un esprit de service public et d\u2019inclusion sont les moteurs les plus puissants de l\u2019ascenseur social.<\/p>\n","protected":false},"featured_media":22060,"template":"","cat-theme":[68],"cat-axe":[],"class_list":["post-22059","blog","type-blog","status-publish","has-post-thumbnail","hentry","cat-theme-social-demographie"],"acf":[],"yoast_head":"<!-- This site is optimized with the Yoast SEO plugin v26.5 - https:\/\/yoast.com\/wordpress\/plugins\/seo\/ -->\n<title>L\u2019ascenseur social n\u2019est pas en panne, il change de moteur\u00a0 - Les Rencontres \u00c9conomiques<\/title>\n<meta name=\"robots\" content=\"index, follow, max-snippet:-1, max-image-preview:large, max-video-preview:-1\" \/>\n<link rel=\"canonical\" href=\"https:\/\/www.lesrencontreseconomiques.fr\/debats-idees\/lascenseur-social-nest-pas-en-panne-il-change-de-moteur\/\" \/>\n<meta property=\"og:locale\" content=\"fr_FR\" \/>\n<meta property=\"og:type\" content=\"article\" \/>\n<meta property=\"og:description\" content=\"En France, nous croyons en l\u2019ascension sociale par le m\u00e9rite, le travail et l\u2019accompagnement. C\u2019est une caract\u00e9ristique du mod\u00e8le fran\u00e7ais\u00a0: l\u2019\u00e9galit\u00e9 des chances\u00a0!\u00a0Cette conviction fait partie de notre pacte r\u00e9publicain. Mais derri\u00e8re le principe, la r\u00e9alit\u00e9 est plus nuanc\u00e9e.&nbsp; Alors, y a-t-il encore un ascenseur social ? La r\u00e9ponse est oui. Il ne s\u2019est pas [&hellip;]\" \/>\n<meta property=\"og:url\" content=\"https:\/\/www.lesrencontreseconomiques.fr\/debats-idees\/lascenseur-social-nest-pas-en-panne-il-change-de-moteur\/\" \/>\n<meta property=\"og:site_name\" content=\"Les Rencontres \u00c9conomiques\" \/>\n<meta property=\"article:publisher\" content=\"https:\/\/www.facebook.com\/Le.Cercle.des.Economistes\/\" \/>\n<meta property=\"article:modified_time\" content=\"2025-06-23T12:40:14+00:00\" \/>\n<meta property=\"og:image\" content=\"https:\/\/www.lesrencontreseconomiques.fr\/wp-content\/uploads\/2025\/06\/AdobeStock_1393107841.jpeg\" \/>\n\t<meta property=\"og:image:width\" content=\"1600\" \/>\n\t<meta property=\"og:image:height\" content=\"457\" \/>\n\t<meta property=\"og:image:type\" content=\"image\/jpeg\" \/>\n<meta name=\"twitter:card\" content=\"summary_large_image\" \/>\n<meta name=\"twitter:site\" content=\"@Cercle_eco\" \/>\n<meta name=\"twitter:label1\" content=\"Dur\u00e9e de lecture estim\u00e9e\" \/>\n\t<meta name=\"twitter:data1\" content=\"4 minutes\" \/>\n<script type=\"application\/ld+json\" class=\"yoast-schema-graph\">{\"@context\":\"https:\/\/schema.org\",\"@graph\":[{\"@type\":\"WebPage\",\"@id\":\"https:\/\/www.lesrencontreseconomiques.fr\/debats-idees\/lascenseur-social-nest-pas-en-panne-il-change-de-moteur\/\",\"url\":\"https:\/\/www.lesrencontreseconomiques.fr\/debats-idees\/lascenseur-social-nest-pas-en-panne-il-change-de-moteur\/\",\"name\":\"L\u2019ascenseur social n\u2019est pas en panne, il change de moteur\u00a0 - Les Rencontres \u00c9conomiques\",\"isPartOf\":{\"@id\":\"https:\/\/www.lesrencontreseconomiques.fr\/#website\"},\"primaryImageOfPage\":{\"@id\":\"https:\/\/www.lesrencontreseconomiques.fr\/debats-idees\/lascenseur-social-nest-pas-en-panne-il-change-de-moteur\/#primaryimage\"},\"image\":{\"@id\":\"https:\/\/www.lesrencontreseconomiques.fr\/debats-idees\/lascenseur-social-nest-pas-en-panne-il-change-de-moteur\/#primaryimage\"},\"thumbnailUrl\":\"https:\/\/www.lesrencontreseconomiques.fr\/wp-content\/uploads\/2025\/06\/AdobeStock_1393107841.jpeg\",\"datePublished\":\"2025-06-23T12:40:12+00:00\",\"dateModified\":\"2025-06-23T12:40:14+00:00\",\"breadcrumb\":{\"@id\":\"https:\/\/www.lesrencontreseconomiques.fr\/debats-idees\/lascenseur-social-nest-pas-en-panne-il-change-de-moteur\/#breadcrumb\"},\"inLanguage\":\"fr-FR\",\"potentialAction\":[{\"@type\":\"ReadAction\",\"target\":[\"https:\/\/www.lesrencontreseconomiques.fr\/debats-idees\/lascenseur-social-nest-pas-en-panne-il-change-de-moteur\/\"]}]},{\"@type\":\"ImageObject\",\"inLanguage\":\"fr-FR\",\"@id\":\"https:\/\/www.lesrencontreseconomiques.fr\/debats-idees\/lascenseur-social-nest-pas-en-panne-il-change-de-moteur\/#primaryimage\",\"url\":\"https:\/\/www.lesrencontreseconomiques.fr\/wp-content\/uploads\/2025\/06\/AdobeStock_1393107841.jpeg\",\"contentUrl\":\"https:\/\/www.lesrencontreseconomiques.fr\/wp-content\/uploads\/2025\/06\/AdobeStock_1393107841.jpeg\",\"width\":1600,\"height\":457},{\"@type\":\"BreadcrumbList\",\"@id\":\"https:\/\/www.lesrencontreseconomiques.fr\/debats-idees\/lascenseur-social-nest-pas-en-panne-il-change-de-moteur\/#breadcrumb\",\"itemListElement\":[{\"@type\":\"ListItem\",\"position\":1,\"name\":\"Accueil\",\"item\":\"https:\/\/www.lesrencontreseconomiques.fr\/\"},{\"@type\":\"ListItem\",\"position\":2,\"name\":\"D\u00e9bats & Id\u00e9es\",\"item\":\"https:\/\/www.lesrencontreseconomiques.fr\/debats-idees\/\"},{\"@type\":\"ListItem\",\"position\":3,\"name\":\"L\u2019ascenseur social n\u2019est pas en panne, il change de moteur\u00a0\"}]},{\"@type\":\"WebSite\",\"@id\":\"https:\/\/www.lesrencontreseconomiques.fr\/#website\",\"url\":\"https:\/\/www.lesrencontreseconomiques.fr\/\",\"name\":\"Les Rencontres \u00c9conomiques\",\"description\":\"\",\"potentialAction\":[{\"@type\":\"SearchAction\",\"target\":{\"@type\":\"EntryPoint\",\"urlTemplate\":\"https:\/\/www.lesrencontreseconomiques.fr\/?s={search_term_string}\"},\"query-input\":{\"@type\":\"PropertyValueSpecification\",\"valueRequired\":true,\"valueName\":\"search_term_string\"}}],\"inLanguage\":\"fr-FR\"}]}<\/script>\n<!-- \/ Yoast SEO plugin. -->","yoast_head_json":{"title":"L\u2019ascenseur social n\u2019est pas en panne, il change de moteur\u00a0 - Les Rencontres \u00c9conomiques","robots":{"index":"index","follow":"follow","max-snippet":"max-snippet:-1","max-image-preview":"max-image-preview:large","max-video-preview":"max-video-preview:-1"},"canonical":"https:\/\/www.lesrencontreseconomiques.fr\/debats-idees\/lascenseur-social-nest-pas-en-panne-il-change-de-moteur\/","og_locale":"fr_FR","og_type":"article","og_description":"En France, nous croyons en l\u2019ascension sociale par le m\u00e9rite, le travail et l\u2019accompagnement. C\u2019est une caract\u00e9ristique du mod\u00e8le fran\u00e7ais\u00a0: l\u2019\u00e9galit\u00e9 des chances\u00a0!\u00a0Cette conviction fait partie de notre pacte r\u00e9publicain. Mais derri\u00e8re le principe, la r\u00e9alit\u00e9 est plus nuanc\u00e9e.&nbsp; Alors, y a-t-il encore un ascenseur social ? La r\u00e9ponse est oui. Il ne s\u2019est pas [&hellip;]","og_url":"https:\/\/www.lesrencontreseconomiques.fr\/debats-idees\/lascenseur-social-nest-pas-en-panne-il-change-de-moteur\/","og_site_name":"Les Rencontres \u00c9conomiques","article_publisher":"https:\/\/www.facebook.com\/Le.Cercle.des.Economistes\/","article_modified_time":"2025-06-23T12:40:14+00:00","og_image":[{"width":1600,"height":457,"url":"https:\/\/www.lesrencontreseconomiques.fr\/wp-content\/uploads\/2025\/06\/AdobeStock_1393107841.jpeg","type":"image\/jpeg"}],"twitter_card":"summary_large_image","twitter_site":"@Cercle_eco","twitter_misc":{"Dur\u00e9e de lecture estim\u00e9e":"4 minutes"},"schema":{"@context":"https:\/\/schema.org","@graph":[{"@type":"WebPage","@id":"https:\/\/www.lesrencontreseconomiques.fr\/debats-idees\/lascenseur-social-nest-pas-en-panne-il-change-de-moteur\/","url":"https:\/\/www.lesrencontreseconomiques.fr\/debats-idees\/lascenseur-social-nest-pas-en-panne-il-change-de-moteur\/","name":"L\u2019ascenseur social n\u2019est pas en panne, il change de moteur\u00a0 - Les Rencontres \u00c9conomiques","isPartOf":{"@id":"https:\/\/www.lesrencontreseconomiques.fr\/#website"},"primaryImageOfPage":{"@id":"https:\/\/www.lesrencontreseconomiques.fr\/debats-idees\/lascenseur-social-nest-pas-en-panne-il-change-de-moteur\/#primaryimage"},"image":{"@id":"https:\/\/www.lesrencontreseconomiques.fr\/debats-idees\/lascenseur-social-nest-pas-en-panne-il-change-de-moteur\/#primaryimage"},"thumbnailUrl":"https:\/\/www.lesrencontreseconomiques.fr\/wp-content\/uploads\/2025\/06\/AdobeStock_1393107841.jpeg","datePublished":"2025-06-23T12:40:12+00:00","dateModified":"2025-06-23T12:40:14+00:00","breadcrumb":{"@id":"https:\/\/www.lesrencontreseconomiques.fr\/debats-idees\/lascenseur-social-nest-pas-en-panne-il-change-de-moteur\/#breadcrumb"},"inLanguage":"fr-FR","potentialAction":[{"@type":"ReadAction","target":["https:\/\/www.lesrencontreseconomiques.fr\/debats-idees\/lascenseur-social-nest-pas-en-panne-il-change-de-moteur\/"]}]},{"@type":"ImageObject","inLanguage":"fr-FR","@id":"https:\/\/www.lesrencontreseconomiques.fr\/debats-idees\/lascenseur-social-nest-pas-en-panne-il-change-de-moteur\/#primaryimage","url":"https:\/\/www.lesrencontreseconomiques.fr\/wp-content\/uploads\/2025\/06\/AdobeStock_1393107841.jpeg","contentUrl":"https:\/\/www.lesrencontreseconomiques.fr\/wp-content\/uploads\/2025\/06\/AdobeStock_1393107841.jpeg","width":1600,"height":457},{"@type":"BreadcrumbList","@id":"https:\/\/www.lesrencontreseconomiques.fr\/debats-idees\/lascenseur-social-nest-pas-en-panne-il-change-de-moteur\/#breadcrumb","itemListElement":[{"@type":"ListItem","position":1,"name":"Accueil","item":"https:\/\/www.lesrencontreseconomiques.fr\/"},{"@type":"ListItem","position":2,"name":"D\u00e9bats & Id\u00e9es","item":"https:\/\/www.lesrencontreseconomiques.fr\/debats-idees\/"},{"@type":"ListItem","position":3,"name":"L\u2019ascenseur social n\u2019est pas en panne, il change de moteur\u00a0"}]},{"@type":"WebSite","@id":"https:\/\/www.lesrencontreseconomiques.fr\/#website","url":"https:\/\/www.lesrencontreseconomiques.fr\/","name":"Les Rencontres \u00c9conomiques","description":"","potentialAction":[{"@type":"SearchAction","target":{"@type":"EntryPoint","urlTemplate":"https:\/\/www.lesrencontreseconomiques.fr\/?s={search_term_string}"},"query-input":{"@type":"PropertyValueSpecification","valueRequired":true,"valueName":"search_term_string"}}],"inLanguage":"fr-FR"}]}},"_links":{"self":[{"href":"https:\/\/www.lesrencontreseconomiques.fr\/wp-json\/wp\/v2\/blog\/22059","targetHints":{"allow":["GET"]}}],"collection":[{"href":"https:\/\/www.lesrencontreseconomiques.fr\/wp-json\/wp\/v2\/blog"}],"about":[{"href":"https:\/\/www.lesrencontreseconomiques.fr\/wp-json\/wp\/v2\/types\/blog"}],"wp:featuredmedia":[{"embeddable":true,"href":"https:\/\/www.lesrencontreseconomiques.fr\/wp-json\/wp\/v2\/media\/22060"}],"wp:attachment":[{"href":"https:\/\/www.lesrencontreseconomiques.fr\/wp-json\/wp\/v2\/media?parent=22059"}],"wp:term":[{"taxonomy":"cat-theme","embeddable":true,"href":"https:\/\/www.lesrencontreseconomiques.fr\/wp-json\/wp\/v2\/cat-theme?post=22059"},{"taxonomy":"cat-axe","embeddable":true,"href":"https:\/\/www.lesrencontreseconomiques.fr\/wp-json\/wp\/v2\/cat-axe?post=22059"}],"curies":[{"name":"wp","href":"https:\/\/api.w.org\/{rel}","templated":true}]}}