{"id":22046,"date":"2025-06-23T11:30:58","date_gmt":"2025-06-23T09:30:58","guid":{"rendered":"https:\/\/www.lesrencontreseconomiques.fr\/?post_type=blog&#038;p=22046"},"modified":"2025-06-23T11:32:44","modified_gmt":"2025-06-23T09:32:44","slug":"lamerique-latine-est-en-tete-de-lutilisation-de-lia-alors-pourquoi-traine-t-elle-dans-son-adoption","status":"publish","type":"blog","link":"https:\/\/www.lesrencontreseconomiques.fr\/debats-idees\/lamerique-latine-est-en-tete-de-lutilisation-de-lia-alors-pourquoi-traine-t-elle-dans-son-adoption\/","title":{"rendered":"L\u2019Am\u00e9rique latine est en t\u00eate de l\u2019utilisation de l\u2019IA. Alors pourquoi tra\u00eene-t-elle dans son adoption ?"},"content":{"rendered":"\n<p><\/p>\n\n\n\n<p>En mars 2025, Carlos, de S\u00e3o Paulo, s\u2019est connect\u00e9 \u00e0 ChatGPT et a transform\u00e9 un selfie en figurine d\u2019action r\u00e9aliste \u2014 maillot de Santos FC, ballon de foot, batterie. Il n\u2019\u00e9tait pas seul. En quelques jours, plus de 130 millions d\u2019utilisateurs ont g\u00e9n\u00e9r\u00e9 700 millions d\u2019images via l\u2019IA. Le Br\u00e9sil est alors devenu le troisi\u00e8me march\u00e9 de ChatGPT, avec une confiance publique envers l\u2019IA atteignant 84 %, bien au-dessus de la moyenne mondiale. Les Latino-Am\u00e9ricains sont clairement enthousiasm\u00e9s par l\u2019IA.<\/p>\n\n\n\n<p>Mais si les rues bouillonnent d\u2019exp\u00e9rimentations, les salles de conseil restent silencieuses. Partout en Am\u00e9rique latine, les dirigeants politiques et \u00e9conomiques h\u00e9sitent \u2014 intrigu\u00e9s par les promesses de l\u2019IA, mais paralys\u00e9s par les risques. R\u00e9sultat : un foss\u00e9 grandissant entre l\u2019enthousiasme populaire et l\u2019engagement institutionnel. Et ce d\u00e9calage pourrait bien d\u00e9terminer l\u2019avenir de la r\u00e9gion \u00e0 l\u2019\u00e8re de l\u2019IA.<\/p>\n\n\n\n<hr class=\"wp-block-separator has-alpha-channel-opacity\"\/>\n\n\n\n<h3 class=\"wp-block-heading\"><strong>La peur au sommet<\/strong><\/h3>\n\n\n\n<div style=\"height:8px\" aria-hidden=\"true\" class=\"wp-block-spacer\"><\/div>\n\n\n\n<p>Pourquoi cette h\u00e9sitation ? En un mot : la&nbsp;<strong>peur<\/strong>.<\/p>\n\n\n\n<p>Les banquiers craignent les fuites de donn\u00e9es, les risques juridiques et un cadre r\u00e9glementaire incertain. Tandis que des groupes comme JPMorgan int\u00e8grent l\u2019IA dans la d\u00e9tection de fraude ou l\u2019octroi de pr\u00eats, de nombreuses banques latino-am\u00e9ricaines cantonnent l\u2019IA \u00e0 des laboratoires d\u2019innovation \u2014 loin du c\u0153ur de l\u2019activit\u00e9. Cela donne des projets pilotes tape-\u00e0-l\u2019\u0153il, des communiqu\u00e9s de presse\u2026 mais peu de transformation r\u00e9elle.<\/p>\n\n\n\n<p>M\u00e9decins et avocats ne sont pas plus rassur\u00e9s. Demandez \u00e0 un radiologue s\u2019il utilise l\u2019IA pour lire des scanners : il r\u00e9pondra souvent fi\u00e8rement \u00ab Non, je me fie \u00e0 mon expertise \u00bb. Un avocat \u00e9voquera les faux renvois juridiques ou la confidentialit\u00e9 viol\u00e9e. En mai 2025, un juge britannique a publiquement critiqu\u00e9 un avocat pour avoir soumis un dossier truff\u00e9 d\u2019erreurs g\u00e9n\u00e9r\u00e9es par l\u2019IA \u2014 une histoire relay\u00e9e en masse dans les groupes WhatsApp des professionnels du droit en Am\u00e9rique latine, renfor\u00e7ant les craintes et freinant l\u2019exp\u00e9rimentation.<\/p>\n\n\n\n<p>Certaines de ces pr\u00e9occupations sont fond\u00e9es. Mais n\u2019oublions pas : les humains aussi font des erreurs graves \u2014 diagnostics erron\u00e9s, jurisprudence oubli\u00e9e, contrats mal r\u00e9dig\u00e9s. Bien utilis\u00e9e, l\u2019IA peut&nbsp;<strong>r\u00e9duire<\/strong>&nbsp;ces erreurs. Un assistant juridique form\u00e9 au droit latino-am\u00e9ricain peut v\u00e9rifier des citations ou corriger des contrats \u00e0 une vitesse surhumaine. Un m\u00e9decin rural peut obtenir un deuxi\u00e8me avis en quelques secondes. L\u2019IA n\u2019est pas une menace pour l\u2019expertise \u2014 c\u2019est un&nbsp;<strong>amplificateur<\/strong>.<\/p>\n\n\n\n<hr class=\"wp-block-separator has-alpha-channel-opacity\"\/>\n\n\n\n<h3 class=\"wp-block-heading\"><strong>L\u2019emploi : apocalypse ou renaissance ?<\/strong><\/h3>\n\n\n\n<div style=\"height:8px\" aria-hidden=\"true\" class=\"wp-block-spacer\"><\/div>\n\n\n\n<p>Autre inqui\u00e9tude majeure :&nbsp;<strong>l\u2019emploi<\/strong>. Beaucoup de dirigeants redoutent que l\u2019adoption de l\u2019IA entra\u00eene des licenciements massifs, un sujet sensible dans des pays d\u00e9j\u00e0 frapp\u00e9s par le ch\u00f4mage. Ils pr\u00e9f\u00e8rent temporiser.<\/p>\n\n\n\n<p>Ironiquement, ce retard pourrait causer la crise qu\u2019ils cherchent \u00e0 \u00e9viter. En restant trop \u00e0 la tra\u00eene, les entreprises risquent de recourir \u00e0 une automatisation brutale pour survivre \u2014 provoquant des licenciements de masse dans l\u2019urgence. \u00c0 l\u2019inverse, une int\u00e9gration progressive permet de former et d\u2019adapter les \u00e9quipes. Il ne s\u2019agit pas de choisir entre&nbsp;<strong>rupture et stabilit\u00e9<\/strong>, mais entre&nbsp;<strong>changement contr\u00f4l\u00e9<\/strong>&nbsp;et&nbsp;<strong>effondrement chaotique<\/strong>.<\/p>\n\n\n\n<p>Une \u00e9tude de la BID en 2024 estimait que&nbsp;<strong>28 % des emplois en Am\u00e9rique latine<\/strong>&nbsp;pourraient \u00eatre touch\u00e9s par l\u2019IA d\u00e8s l\u2019ann\u00e9e suivante \u2014 soit 84 millions de postes. Beaucoup concernent des m\u00e9tiers \u00e0 forte charge d\u2019information (service client, saisie de donn\u00e9es, comptabilit\u00e9\u2026). Et comme les femmes sont surrepr\u00e9sent\u00e9es dans ces fonctions,&nbsp;<strong>l\u2019impact sera aussi fortement genr\u00e9<\/strong>.<\/p>\n\n\n\n<p>Mais l\u2019IA&nbsp;<strong>cr\u00e9e<\/strong>&nbsp;aussi de l\u2019emploi. Avec les bons outils, de petits entrepreneurs peuvent s\u2019\u00e9panouir. Un graphiste solo \u00e0 Panama, un auto-entrepreneur \u00e0 Bogot\u00e1, un d\u00e9veloppeur \u00e0 Guadalajara peuvent travailler \u00e0 \u00e9chelle. L\u2019IA permet d\u2019analyser les ventes, g\u00e9rer les stocks, automatiser le support client et lancer des campagnes cibl\u00e9es \u2014 sans les frais d\u2019une structure classique. Ce n\u2019est pas une th\u00e9orie :&nbsp;<strong>c\u2019est d\u00e9j\u00e0 en cours<\/strong>.<\/p>\n\n\n\n<p>Il faut donc une&nbsp;<strong>r\u00e9volution des comp\u00e9tences<\/strong>. L\u2019\u00e9ducation doit passer de dipl\u00f4mes fig\u00e9s \u00e0 une formation continue. L\u2019IA \u00e9volue vite \u2014 les \u00ab prompts \u00bb d\u2019aujourd\u2019hui seront obsol\u00e8tes demain. Les travailleurs doivent apprendre \u00e0&nbsp;<strong>penser avec l\u2019IA<\/strong>&nbsp;: concevoir, valider, adapter. Cela exige de d\u00e9cloisonner, de transformer les services IT en centres strat\u00e9giques, et de faire de l\u2019alphab\u00e9tisation num\u00e9rique une comp\u00e9tence de base pour&nbsp;<strong>tous les m\u00e9tiers<\/strong>, du PDG \u00e0 l\u2019ouvrier.<\/p>\n\n\n\n<hr class=\"wp-block-separator has-alpha-channel-opacity\"\/>\n\n\n\n<h3 class=\"wp-block-heading\"><strong>Le co\u00fbt \u00e9lev\u00e9 de l\u2019inaction<\/strong><\/h3>\n\n\n\n<div style=\"height:8px\" aria-hidden=\"true\" class=\"wp-block-spacer\"><\/div>\n\n\n\n<p>Bien s\u00fbr, adopter l\u2019IA n\u2019est pas gratuit. Les entreprises latino-am\u00e9ricaines doivent composer avec des&nbsp;<strong>syst\u00e8mes obsol\u00e8tes<\/strong>, des&nbsp;<strong>donn\u00e9es non structur\u00e9es<\/strong>&nbsp;et une&nbsp;<strong>infrastructure d\u00e9pass\u00e9e<\/strong>. L\u2019IA a besoin de donn\u00e9es propres \u2014 souvent \u00e9parpill\u00e9es dans des classeurs poussi\u00e9reux ou sur des serveurs incompatibles.<\/p>\n\n\n\n<p>Et oui, l\u2019IA peut \u00e9chouer \u2014 parfois spectaculairement. Elle peut \u00ab halluciner \u00bb, se tromper. Le risque r\u00e9putationnel d\u2019un bot qui d\u00e9raille est r\u00e9el, surtout dans des soci\u00e9t\u00e9s \u00e0 faible confiance institutionnelle. C\u2019est pour cela que des assureurs \u00e0 Londres proposent d\u00e9j\u00e0 des polices \u00ab \u00e9chec de l\u2019IA \u00bb \u2014 de la science-fiction il y a quelques ann\u00e9es.<\/p>\n\n\n\n<p>Mais attendre que l\u2019IA soit parfaitement s\u00fbre n\u2019est pas de la prudence :&nbsp;<strong>c\u2019est de l\u2019abandon<\/strong>. Toutes les grandes ruptures technologiques \u2014 chemins de fer, internet \u2014 comportaient des risques. Ceux qui les ont ma\u00eetris\u00e9s ont&nbsp;<strong>red\u00e9fini leur secteur<\/strong>. Les retardataires ont disparu. Si l\u2019Am\u00e9rique latine tarde trop, le monde avancera&nbsp;<strong>sans elle<\/strong>. Et vite.<\/p>\n\n\n\n<hr class=\"wp-block-separator has-alpha-channel-opacity\"\/>\n\n\n\n<h3 class=\"wp-block-heading\"><strong>De la mosa\u00efque r\u00e9glementaire \u00e0 la vision strat\u00e9gique<\/strong><\/h3>\n\n\n\n<div style=\"height:8px\" aria-hidden=\"true\" class=\"wp-block-spacer\"><\/div>\n\n\n\n<p>La peur freine, mais c\u2019est l\u2019absence de politique coh\u00e9rente qui&nbsp;<strong>bloque<\/strong>. Tandis que l\u2019UE, les \u00c9tats-Unis et la Chine acc\u00e9l\u00e8rent la r\u00e9gulation de l\u2019IA, l\u2019Am\u00e9rique latine reste&nbsp;<strong>en retard<\/strong>.<\/p>\n\n\n\n<p>Le Br\u00e9sil d\u00e9bat d\u2019une loi inspir\u00e9e du mod\u00e8le europ\u00e9en. Le Chili et l\u2019Argentine ont publi\u00e9 des strat\u00e9gies nationales \u2014&nbsp;<strong>sur le papier<\/strong>. Le Mexique a frein\u00e9 avec les changements politiques. R\u00e9sultat : des politiques pilotes, vuln\u00e9rables \u00e0 chaque alternance \u00e9lectorale.<\/p>\n\n\n\n<p>Ce qui manque, ce n\u2019est pas des r\u00e8gles \u2014 c\u2019est&nbsp;<strong>de l\u2019ambition<\/strong>. Plut\u00f4t que d\u2019interdire au cas par cas, il faut une vision :&nbsp;<strong>comment l\u2019IA peut-elle aider \u00e0 r\u00e9soudre nos d\u00e9fis historiques<\/strong>&nbsp;\u2014 corruption, in\u00e9galit\u00e9s, productivit\u00e9 stagnante ? Et quels&nbsp;<strong>incitatifs<\/strong>&nbsp;ou&nbsp;<strong>garanties<\/strong>&nbsp;permettront de concr\u00e9tiser cette vision ?<\/p>\n\n\n\n<p>Le Chili donne un aper\u00e7u. Il a investi t\u00f4t dans l\u2019infrastructure num\u00e9rique et une feuille de route IA&nbsp;<strong>rest\u00e9e stable malgr\u00e9 les changements politiques<\/strong>. Il est aujourd\u2019hui en t\u00eate de la r\u00e9gion. Une \u00e9tude de 2024 montre que d\u00e9ployer l\u2019IA g\u00e9n\u00e9rative dans 100 professions courantes pourrait&nbsp;<strong>augmenter son PIB de 1,2 %<\/strong>, soit 3,4 milliards de dollars par an. Ce n\u2019est pas une hypoth\u00e8se \u2014 c\u2019est&nbsp;<strong>le r\u00e9sultat d\u2019une politique publique coh\u00e9rente<\/strong>.<\/p>\n\n\n\n<hr class=\"wp-block-separator has-alpha-channel-opacity\"\/>\n\n\n\n<h3 class=\"wp-block-heading\"><strong>\u00c9ducation : le vrai champ de bataille<\/strong><\/h3>\n\n\n\n<div style=\"height:8px\" aria-hidden=\"true\" class=\"wp-block-spacer\"><\/div>\n\n\n\n<p>Si l\u2019IA peut faire des merveilles quelque part, c\u2019est&nbsp;<strong>dans l\u2019\u00e9ducation<\/strong>. Les \u00e9coles latino-am\u00e9ricaines sont sous-financ\u00e9es, in\u00e9galitaires, et toujours marqu\u00e9es par le COVID. L\u2019IA pourrait nous faire&nbsp;<strong>sauter une g\u00e9n\u00e9ration de retard<\/strong>.<\/p>\n\n\n\n<p>Imaginez une \u00e9cole dans les montagnes du Guatemala : une institutrice, 40 \u00e9l\u00e8ves, peu de moyens, pas d\u2019Internet. Maintenant ajoutez un&nbsp;<strong>tuteur IA autonome<\/strong>, fonctionnant sur batterie, parlant la langue locale et s\u2019adaptant au niveau de chaque \u00e9l\u00e8ve. Ce n\u2019est pas de la science-fiction. En Afrique, un test au Nigeria a montr\u00e9 que des enfants avaient gagn\u00e9 deux ans d\u2019apprentissage en six semaines avec des applis IA.<\/p>\n\n\n\n<p>Mais l\u2019IA ne nous sauvera pas sans un&nbsp;<strong>changement culturel<\/strong>. Si les \u00e9coles priv\u00e9es s\u2019\u00e9quipent d\u2019IA et les publiques restent \u00e0 la tra\u00eene, les in\u00e9galit\u00e9s se creuseront. Premi\u00e8re \u00e9tape :&nbsp;<strong>outiller les enseignants<\/strong>, pas les remplacer. Deuxi\u00e8me : d\u00e9laisser l\u2019apprentissage par c\u0153ur au profit de la&nbsp;<strong>cr\u00e9ativit\u00e9<\/strong>, de la&nbsp;<strong>collaboration<\/strong>&nbsp;et de la&nbsp;<strong>pens\u00e9e critique<\/strong>&nbsp;\u2014 des comp\u00e9tences que les machines ne ma\u00eetrisent pas.<\/p>\n\n\n\n<hr class=\"wp-block-separator has-alpha-channel-opacity\"\/>\n\n\n\n<h3 class=\"wp-block-heading\"><strong>Entre deux g\u00e9ants : la g\u00e9opolitique de l\u2019IA<\/strong><\/h3>\n\n\n\n<div style=\"height:8px\" aria-hidden=\"true\" class=\"wp-block-spacer\"><\/div>\n\n\n\n<p>L\u2019avenir de l\u2019IA en Am\u00e9rique latine se joue aussi sur l\u2019\u00e9chiquier mondial. La r\u00e9gion est courtis\u00e9e dans la rivalit\u00e9 sino-am\u00e9ricaine. Nous ne construisons pas les mod\u00e8les de base, mais nous d\u00e9tenons des&nbsp;<strong>ressources cl\u00e9s<\/strong>&nbsp;\u2014 lithium, terres rares, min\u00e9raux vitaux \u00e0 l\u2019\u00e9conomie de l\u2019IA.<\/p>\n\n\n\n<p>La Chine a rapidement obtenu des droits miniers, financ\u00e9 des infrastructures et tiss\u00e9 des liens num\u00e9riques. R\u00e9sultat : nous risquons de rester de simples&nbsp;<strong>exportateurs de ressources<\/strong>, pendant que d\u2019autres&nbsp;<strong>fabriquent la valeur<\/strong>.<\/p>\n\n\n\n<p>Les \u00c9tats-Unis reviennent sur le devant de la sc\u00e8ne, d\u2019abord via la strat\u00e9gie Biden de \u00ab friend-shoring \u00bb, puis avec une approche plus commerciale sous Trump. Si cela pousse des entreprises am\u00e9ricaines \u00e0 implanter des centres de donn\u00e9es, des usines de puces ou des laboratoires IA ici, l\u2019opportunit\u00e9 est immense. Mais rien ne se fera sans effort. L\u2019Am\u00e9rique latine doit se positionner comme&nbsp;<strong>partenaire strat\u00e9gique<\/strong>&nbsp;: stable, incitative, qualifi\u00e9e. Retour donc \u00e0&nbsp;<strong>l\u2019\u00e9ducation<\/strong>&nbsp;et&nbsp;<strong>l\u2019infrastructure<\/strong>. On ne construira ni fab, ni lab IA dans un pays sans \u00e9lectricit\u00e9 fiable ni ing\u00e9nieurs comp\u00e9tents.<\/p>\n\n\n\n<hr class=\"wp-block-separator has-alpha-channel-opacity\"\/>\n\n\n\n<h3 class=\"wp-block-heading\"><strong>Saisir le moment IA<\/strong><\/h3>\n\n\n\n<div style=\"height:8px\" aria-hidden=\"true\" class=\"wp-block-spacer\"><\/div>\n\n\n\n<p>L\u2019instant IA de l\u2019Am\u00e9rique latine est arriv\u00e9 \u2014 mais il ne durera pas. La r\u00e9gion est l\u2019une des plus actives au monde en mati\u00e8re d\u2019usage. Des startups innovent dans l\u2019agriculture, la finance, l\u2019\u00e9ducation.&nbsp;<strong>Les citoyens sont pr\u00eats \u00e0 foncer.<\/strong>&nbsp;Trop de dirigeants, eux, marchent encore.<\/p>\n\n\n\n<p>Adopter l\u2019IA ne veut pas dire lui c\u00e9der les commandes. C\u2019est&nbsp;<strong>moi<\/strong>&nbsp;qui ai \u00e9crit cet article \u2014 pas un mod\u00e8le de langage. L\u2019IA a contribu\u00e9 \u00e0 la recherche, affin\u00e9 mes id\u00e9es. Voil\u00e0 la promesse :&nbsp;<strong>humains et IA, ensemble, pour se renforcer mutuellement<\/strong>.<\/p>\n\n\n\n<p>L\u2019Am\u00e9rique latine a ce qu\u2019il faut : cr\u00e9ativit\u00e9, d\u00e9termination, talent. Les outils sont l\u00e0. L\u2019enthousiasme aussi. Ce qu\u2019il manque, ce n\u2019est pas la capacit\u00e9, c\u2019est la&nbsp;<strong>conviction<\/strong>. Quand la prudence devient inertie, elle ne prot\u00e8ge plus \u2014 elle&nbsp;<strong>marginalise<\/strong>.<\/p>\n\n\n\n<p>C\u2019est une&nbsp;<strong>fen\u00eatre d\u2019opportunit\u00e9<\/strong>, pas une garantie. Et elle se referme vite.&nbsp;<strong>Ne la laissons pas passer.<\/strong><\/p>\n","protected":false},"featured_media":22047,"template":"","cat-theme":[71],"cat-axe":[],"class_list":["post-22046","blog","type-blog","status-publish","has-post-thumbnail","hentry","cat-theme-tech-industrie"],"acf":[],"yoast_head":"<!-- This site is optimized with the Yoast SEO plugin v26.5 - https:\/\/yoast.com\/wordpress\/plugins\/seo\/ -->\n<title>L\u2019Am\u00e9rique latine est en t\u00eate de l\u2019utilisation de l\u2019IA. Alors pourquoi tra\u00eene-t-elle dans son adoption ? - Les Rencontres \u00c9conomiques<\/title>\n<meta name=\"robots\" content=\"index, follow, max-snippet:-1, max-image-preview:large, max-video-preview:-1\" \/>\n<link rel=\"canonical\" href=\"https:\/\/www.lesrencontreseconomiques.fr\/debats-idees\/lamerique-latine-est-en-tete-de-lutilisation-de-lia-alors-pourquoi-traine-t-elle-dans-son-adoption\/\" \/>\n<meta property=\"og:locale\" content=\"fr_FR\" \/>\n<meta property=\"og:type\" content=\"article\" \/>\n<meta property=\"og:description\" content=\"En mars 2025, Carlos, de S\u00e3o Paulo, s\u2019est connect\u00e9 \u00e0 ChatGPT et a transform\u00e9 un selfie en figurine d\u2019action r\u00e9aliste \u2014 maillot de Santos FC, ballon de foot, batterie. Il n\u2019\u00e9tait pas seul. En quelques jours, plus de 130 millions d\u2019utilisateurs ont g\u00e9n\u00e9r\u00e9 700 millions d\u2019images via l\u2019IA. Le Br\u00e9sil est alors devenu le troisi\u00e8me [&hellip;]\" \/>\n<meta property=\"og:url\" content=\"https:\/\/www.lesrencontreseconomiques.fr\/debats-idees\/lamerique-latine-est-en-tete-de-lutilisation-de-lia-alors-pourquoi-traine-t-elle-dans-son-adoption\/\" \/>\n<meta property=\"og:site_name\" content=\"Les Rencontres \u00c9conomiques\" \/>\n<meta property=\"article:publisher\" content=\"https:\/\/www.facebook.com\/Le.Cercle.des.Economistes\/\" \/>\n<meta property=\"article:modified_time\" content=\"2025-06-23T09:32:44+00:00\" \/>\n<meta property=\"og:image\" content=\"https:\/\/www.lesrencontreseconomiques.fr\/wp-content\/uploads\/2025\/06\/AdobeStock_1017755625.jpeg\" \/>\n\t<meta property=\"og:image:width\" content=\"1600\" \/>\n\t<meta property=\"og:image:height\" content=\"897\" \/>\n\t<meta property=\"og:image:type\" content=\"image\/jpeg\" \/>\n<meta name=\"twitter:card\" content=\"summary_large_image\" \/>\n<meta name=\"twitter:site\" content=\"@Cercle_eco\" \/>\n<meta name=\"twitter:label1\" content=\"Dur\u00e9e de lecture estim\u00e9e\" \/>\n\t<meta name=\"twitter:data1\" content=\"8 minutes\" \/>\n<script type=\"application\/ld+json\" class=\"yoast-schema-graph\">{\"@context\":\"https:\/\/schema.org\",\"@graph\":[{\"@type\":\"WebPage\",\"@id\":\"https:\/\/www.lesrencontreseconomiques.fr\/debats-idees\/lamerique-latine-est-en-tete-de-lutilisation-de-lia-alors-pourquoi-traine-t-elle-dans-son-adoption\/\",\"url\":\"https:\/\/www.lesrencontreseconomiques.fr\/debats-idees\/lamerique-latine-est-en-tete-de-lutilisation-de-lia-alors-pourquoi-traine-t-elle-dans-son-adoption\/\",\"name\":\"L\u2019Am\u00e9rique latine est en t\u00eate de l\u2019utilisation de l\u2019IA. Alors pourquoi tra\u00eene-t-elle dans son adoption ? - Les Rencontres \u00c9conomiques\",\"isPartOf\":{\"@id\":\"https:\/\/www.lesrencontreseconomiques.fr\/#website\"},\"primaryImageOfPage\":{\"@id\":\"https:\/\/www.lesrencontreseconomiques.fr\/debats-idees\/lamerique-latine-est-en-tete-de-lutilisation-de-lia-alors-pourquoi-traine-t-elle-dans-son-adoption\/#primaryimage\"},\"image\":{\"@id\":\"https:\/\/www.lesrencontreseconomiques.fr\/debats-idees\/lamerique-latine-est-en-tete-de-lutilisation-de-lia-alors-pourquoi-traine-t-elle-dans-son-adoption\/#primaryimage\"},\"thumbnailUrl\":\"https:\/\/www.lesrencontreseconomiques.fr\/wp-content\/uploads\/2025\/06\/AdobeStock_1017755625.jpeg\",\"datePublished\":\"2025-06-23T09:30:58+00:00\",\"dateModified\":\"2025-06-23T09:32:44+00:00\",\"breadcrumb\":{\"@id\":\"https:\/\/www.lesrencontreseconomiques.fr\/debats-idees\/lamerique-latine-est-en-tete-de-lutilisation-de-lia-alors-pourquoi-traine-t-elle-dans-son-adoption\/#breadcrumb\"},\"inLanguage\":\"fr-FR\",\"potentialAction\":[{\"@type\":\"ReadAction\",\"target\":[\"https:\/\/www.lesrencontreseconomiques.fr\/debats-idees\/lamerique-latine-est-en-tete-de-lutilisation-de-lia-alors-pourquoi-traine-t-elle-dans-son-adoption\/\"]}]},{\"@type\":\"ImageObject\",\"inLanguage\":\"fr-FR\",\"@id\":\"https:\/\/www.lesrencontreseconomiques.fr\/debats-idees\/lamerique-latine-est-en-tete-de-lutilisation-de-lia-alors-pourquoi-traine-t-elle-dans-son-adoption\/#primaryimage\",\"url\":\"https:\/\/www.lesrencontreseconomiques.fr\/wp-content\/uploads\/2025\/06\/AdobeStock_1017755625.jpeg\",\"contentUrl\":\"https:\/\/www.lesrencontreseconomiques.fr\/wp-content\/uploads\/2025\/06\/AdobeStock_1017755625.jpeg\",\"width\":1600,\"height\":897},{\"@type\":\"BreadcrumbList\",\"@id\":\"https:\/\/www.lesrencontreseconomiques.fr\/debats-idees\/lamerique-latine-est-en-tete-de-lutilisation-de-lia-alors-pourquoi-traine-t-elle-dans-son-adoption\/#breadcrumb\",\"itemListElement\":[{\"@type\":\"ListItem\",\"position\":1,\"name\":\"Accueil\",\"item\":\"https:\/\/www.lesrencontreseconomiques.fr\/\"},{\"@type\":\"ListItem\",\"position\":2,\"name\":\"D\u00e9bats & Id\u00e9es\",\"item\":\"https:\/\/www.lesrencontreseconomiques.fr\/debats-idees\/\"},{\"@type\":\"ListItem\",\"position\":3,\"name\":\"L\u2019Am\u00e9rique latine est en t\u00eate de l\u2019utilisation de l\u2019IA. Alors pourquoi tra\u00eene-t-elle dans son adoption ?\"}]},{\"@type\":\"WebSite\",\"@id\":\"https:\/\/www.lesrencontreseconomiques.fr\/#website\",\"url\":\"https:\/\/www.lesrencontreseconomiques.fr\/\",\"name\":\"Les Rencontres \u00c9conomiques\",\"description\":\"\",\"potentialAction\":[{\"@type\":\"SearchAction\",\"target\":{\"@type\":\"EntryPoint\",\"urlTemplate\":\"https:\/\/www.lesrencontreseconomiques.fr\/?s={search_term_string}\"},\"query-input\":{\"@type\":\"PropertyValueSpecification\",\"valueRequired\":true,\"valueName\":\"search_term_string\"}}],\"inLanguage\":\"fr-FR\"}]}<\/script>\n<!-- \/ Yoast SEO plugin. -->","yoast_head_json":{"title":"L\u2019Am\u00e9rique latine est en t\u00eate de l\u2019utilisation de l\u2019IA. Alors pourquoi tra\u00eene-t-elle dans son adoption ? - Les Rencontres \u00c9conomiques","robots":{"index":"index","follow":"follow","max-snippet":"max-snippet:-1","max-image-preview":"max-image-preview:large","max-video-preview":"max-video-preview:-1"},"canonical":"https:\/\/www.lesrencontreseconomiques.fr\/debats-idees\/lamerique-latine-est-en-tete-de-lutilisation-de-lia-alors-pourquoi-traine-t-elle-dans-son-adoption\/","og_locale":"fr_FR","og_type":"article","og_description":"En mars 2025, Carlos, de S\u00e3o Paulo, s\u2019est connect\u00e9 \u00e0 ChatGPT et a transform\u00e9 un selfie en figurine d\u2019action r\u00e9aliste \u2014 maillot de Santos FC, ballon de foot, batterie. Il n\u2019\u00e9tait pas seul. En quelques jours, plus de 130 millions d\u2019utilisateurs ont g\u00e9n\u00e9r\u00e9 700 millions d\u2019images via l\u2019IA. Le Br\u00e9sil est alors devenu le troisi\u00e8me [&hellip;]","og_url":"https:\/\/www.lesrencontreseconomiques.fr\/debats-idees\/lamerique-latine-est-en-tete-de-lutilisation-de-lia-alors-pourquoi-traine-t-elle-dans-son-adoption\/","og_site_name":"Les Rencontres \u00c9conomiques","article_publisher":"https:\/\/www.facebook.com\/Le.Cercle.des.Economistes\/","article_modified_time":"2025-06-23T09:32:44+00:00","og_image":[{"width":1600,"height":897,"url":"https:\/\/www.lesrencontreseconomiques.fr\/wp-content\/uploads\/2025\/06\/AdobeStock_1017755625.jpeg","type":"image\/jpeg"}],"twitter_card":"summary_large_image","twitter_site":"@Cercle_eco","twitter_misc":{"Dur\u00e9e de lecture estim\u00e9e":"8 minutes"},"schema":{"@context":"https:\/\/schema.org","@graph":[{"@type":"WebPage","@id":"https:\/\/www.lesrencontreseconomiques.fr\/debats-idees\/lamerique-latine-est-en-tete-de-lutilisation-de-lia-alors-pourquoi-traine-t-elle-dans-son-adoption\/","url":"https:\/\/www.lesrencontreseconomiques.fr\/debats-idees\/lamerique-latine-est-en-tete-de-lutilisation-de-lia-alors-pourquoi-traine-t-elle-dans-son-adoption\/","name":"L\u2019Am\u00e9rique latine est en t\u00eate de l\u2019utilisation de l\u2019IA. Alors pourquoi tra\u00eene-t-elle dans son adoption ? - Les Rencontres \u00c9conomiques","isPartOf":{"@id":"https:\/\/www.lesrencontreseconomiques.fr\/#website"},"primaryImageOfPage":{"@id":"https:\/\/www.lesrencontreseconomiques.fr\/debats-idees\/lamerique-latine-est-en-tete-de-lutilisation-de-lia-alors-pourquoi-traine-t-elle-dans-son-adoption\/#primaryimage"},"image":{"@id":"https:\/\/www.lesrencontreseconomiques.fr\/debats-idees\/lamerique-latine-est-en-tete-de-lutilisation-de-lia-alors-pourquoi-traine-t-elle-dans-son-adoption\/#primaryimage"},"thumbnailUrl":"https:\/\/www.lesrencontreseconomiques.fr\/wp-content\/uploads\/2025\/06\/AdobeStock_1017755625.jpeg","datePublished":"2025-06-23T09:30:58+00:00","dateModified":"2025-06-23T09:32:44+00:00","breadcrumb":{"@id":"https:\/\/www.lesrencontreseconomiques.fr\/debats-idees\/lamerique-latine-est-en-tete-de-lutilisation-de-lia-alors-pourquoi-traine-t-elle-dans-son-adoption\/#breadcrumb"},"inLanguage":"fr-FR","potentialAction":[{"@type":"ReadAction","target":["https:\/\/www.lesrencontreseconomiques.fr\/debats-idees\/lamerique-latine-est-en-tete-de-lutilisation-de-lia-alors-pourquoi-traine-t-elle-dans-son-adoption\/"]}]},{"@type":"ImageObject","inLanguage":"fr-FR","@id":"https:\/\/www.lesrencontreseconomiques.fr\/debats-idees\/lamerique-latine-est-en-tete-de-lutilisation-de-lia-alors-pourquoi-traine-t-elle-dans-son-adoption\/#primaryimage","url":"https:\/\/www.lesrencontreseconomiques.fr\/wp-content\/uploads\/2025\/06\/AdobeStock_1017755625.jpeg","contentUrl":"https:\/\/www.lesrencontreseconomiques.fr\/wp-content\/uploads\/2025\/06\/AdobeStock_1017755625.jpeg","width":1600,"height":897},{"@type":"BreadcrumbList","@id":"https:\/\/www.lesrencontreseconomiques.fr\/debats-idees\/lamerique-latine-est-en-tete-de-lutilisation-de-lia-alors-pourquoi-traine-t-elle-dans-son-adoption\/#breadcrumb","itemListElement":[{"@type":"ListItem","position":1,"name":"Accueil","item":"https:\/\/www.lesrencontreseconomiques.fr\/"},{"@type":"ListItem","position":2,"name":"D\u00e9bats & Id\u00e9es","item":"https:\/\/www.lesrencontreseconomiques.fr\/debats-idees\/"},{"@type":"ListItem","position":3,"name":"L\u2019Am\u00e9rique latine est en t\u00eate de l\u2019utilisation de l\u2019IA. Alors pourquoi tra\u00eene-t-elle dans son adoption ?"}]},{"@type":"WebSite","@id":"https:\/\/www.lesrencontreseconomiques.fr\/#website","url":"https:\/\/www.lesrencontreseconomiques.fr\/","name":"Les Rencontres \u00c9conomiques","description":"","potentialAction":[{"@type":"SearchAction","target":{"@type":"EntryPoint","urlTemplate":"https:\/\/www.lesrencontreseconomiques.fr\/?s={search_term_string}"},"query-input":{"@type":"PropertyValueSpecification","valueRequired":true,"valueName":"search_term_string"}}],"inLanguage":"fr-FR"}]}},"_links":{"self":[{"href":"https:\/\/www.lesrencontreseconomiques.fr\/wp-json\/wp\/v2\/blog\/22046","targetHints":{"allow":["GET"]}}],"collection":[{"href":"https:\/\/www.lesrencontreseconomiques.fr\/wp-json\/wp\/v2\/blog"}],"about":[{"href":"https:\/\/www.lesrencontreseconomiques.fr\/wp-json\/wp\/v2\/types\/blog"}],"wp:featuredmedia":[{"embeddable":true,"href":"https:\/\/www.lesrencontreseconomiques.fr\/wp-json\/wp\/v2\/media\/22047"}],"wp:attachment":[{"href":"https:\/\/www.lesrencontreseconomiques.fr\/wp-json\/wp\/v2\/media?parent=22046"}],"wp:term":[{"taxonomy":"cat-theme","embeddable":true,"href":"https:\/\/www.lesrencontreseconomiques.fr\/wp-json\/wp\/v2\/cat-theme?post=22046"},{"taxonomy":"cat-axe","embeddable":true,"href":"https:\/\/www.lesrencontreseconomiques.fr\/wp-json\/wp\/v2\/cat-axe?post=22046"}],"curies":[{"name":"wp","href":"https:\/\/api.w.org\/{rel}","templated":true}]}}