{"id":21984,"date":"2025-06-20T14:33:14","date_gmt":"2025-06-20T12:33:14","guid":{"rendered":"https:\/\/www.lesrencontreseconomiques.fr\/?post_type=blog&#038;p=21984"},"modified":"2025-06-20T14:33:15","modified_gmt":"2025-06-20T12:33:15","slug":"leconomie-allemande-frappee-par-le-choc-de-realite","status":"publish","type":"blog","link":"https:\/\/www.lesrencontreseconomiques.fr\/debats-idees\/leconomie-allemande-frappee-par-le-choc-de-realite\/","title":{"rendered":"L&rsquo;\u00e9conomie allemande, frapp\u00e9e par le choc de r\u00e9alit\u00e9 ?"},"content":{"rendered":"\n<p><strong>Apr\u00e8s deux ann\u00e9es de r\u00e9cession, l\u2019Allemagne est pass\u00e9e du statut d\u2019exemple \u00e0 celui \u00ab\u00a0d\u2019homme malade\u00a0\u00bb du continent. Comment est-ce possible ? S&rsquo;agit-il d&rsquo;une crise de mod\u00e8le ou simplement d\u2019une p\u00e9riode de turbulences ?<\/strong><\/p>\n\n\n\n<p>Il y a toujours plusieurs facteurs en cause mais le principal, \u00e0 mon avis, c\u2019est que l\u2019Allemagne est aujourd\u2019hui frapp\u00e9e de plein fouet par les grands processus de transformation \u00e0 l\u2019\u0153uvre dans le monde : changement d\u00e9mographique, num\u00e9risation, transition climatique, d\u00e9mondialisation. La population allemande vieillit, ce qui augmente les co\u00fbts des syst\u00e8mes sociaux et la num\u00e9risation est un domaine o\u00f9 nous ne sommes pas tr\u00e8s performants.<\/p>\n\n\n\n<p>L\u2019Allemagne a \u00e9norm\u00e9ment profit\u00e9 de la mondialisation, notamment gr\u00e2ce au commerce avec la Chine, qui avait atteint des sommets. Aujourd\u2019hui, les choses reviennent \u00e0 la normale, c\u2019est-\u00e0-dire \u00e0 un niveau inf\u00e9rieur, notamment pour l\u2019industrie automobile, qui a gagn\u00e9 des milliards en Chine. Ce n\u2019est plus possible aujourd\u2019hui, le contexte a chang\u00e9. L\u2019\u00e9conomie allemande, tr\u00e8s d\u00e9pendante des exportations, va encore se contracter. Cette tendance est accentu\u00e9e par des figures comme Donald Trump, qui cherchent \u00e0 restreindre le commerce mondial. L\u2019Allemagne souffre \u00e9norm\u00e9ment de cette r\u00e9organisation du commerce global.<\/p>\n\n\n\n<p>Enfin, la transition vers une \u00e9conomie neutre en carbone p\u00e8se lourdement. La d\u00e9cision des gouvernements allemands de sortir du nucl\u00e9aire pour se reposer uniquement sur l\u2019\u00e9olien et le solaire s\u2019av\u00e8re tr\u00e8s co\u00fbteuse. Bien s\u00fbr, c\u2019est faisable, surtout si on a des capacit\u00e9s de stockage d\u2019\u00e9nergie, mais cela reste cher et beaucoup plus fragile.<\/p>\n\n\n\n<p>Tous ces facteurs r\u00e9unis compliquent l\u2019investissement et l\u2019innovation pour les entreprises allemandes. S\u2019y ajoute une surcharge r\u00e9glementaire, un probl\u00e8me partag\u00e9 par de nombreux pays occidentaux, qui g\u00e9n\u00e8re beaucoup de frustration. Il faut ramener la r\u00e9glementation \u00e0 un niveau plus raisonnable&nbsp;; le gouvernement actuel travaille en ce sens. Mais l\u2019ensemble de ces d\u00e9fis rend la situation difficile.<\/p>\n\n\n\n<p><strong>L\u2019\u00e9conomie allemande est durement frapp\u00e9e par la reconfiguration de la mondialisation. Comment les entreprises s\u2019adaptent-elles, notamment sur la question des cha\u00eenes d\u2019approvisionnement ?<\/strong><\/p>\n\n\n\n<p>J\u2019ai quelques r\u00e9serves quand les grandes entreprises parlent de relocaliser ou de rapatrier leur production. Je ne suis pas certain que cela soit toujours dict\u00e9 par des consid\u00e9rations \u00e9conomiques. Parfois, on a plut\u00f4t l\u2019impression qu\u2019elles savent qu\u2019il faut de toute fa\u00e7on revoir leurs cha\u00eenes d\u2019approvisionnement, et qu\u2019elles peuvent en profiter pour obtenir des subventions.<\/p>\n\n\n\n<p>Il y a quelques ann\u00e9es, nous avons men\u00e9 une \u00e9tude avec l\u2019institut IFO sur les risques dans les cha\u00eenes d\u2019approvisionnement des entreprises allemandes. R\u00e9sultat : dans 95 % des cas, il n\u2019y a pas de risque du tout, elles peuvent toujours trouver d\u2019autres solutions ou fournisseurs. Sur les 5 % restants, 75 % viennent de fournisseurs europ\u00e9ens, donc l\u00e0 encore, pas vraiment de probl\u00e8me. Ce qu\u2019il reste, c\u2019est un petit pourcentage de fournitures critiques provenant de Chine et, auparavant, de Russie.<\/p>\n\n\n\n<p>On parle donc d\u2019un nombre tr\u00e8s limit\u00e9 de biens \u00e0 risque : terres rares, mati\u00e8res premi\u00e8res pour la chimie, la pharmacie, les \u00e9quipements de communication, etc. Oui, il faut s\u2019adapter \u00e0 cela, et c\u2019est une bonne raison pour diversifier les cha\u00eenes d\u2019approvisionnement. Mais il faut accepter que r\u00e9organiser les cha\u00eenes pour \u00eatre plus r\u00e9silients face aux risques co\u00fbtera plus cher. L\u2019intervention des gouvernements en la mati\u00e8re doit se limiter \u00e0 des cas vraiment graves, par exemple si la Chine coupe l\u2019acc\u00e8s \u00e0 des mati\u00e8res essentielles pour les m\u00e9dicaments.<\/p>\n\n\n\n<p>Les entreprises allemandes demandent aussi du soutien, mais elles sont pr\u00eates \u00e0 investir de toute fa\u00e7on. C\u2019est pourquoi je pense que les aides publiques ne doivent intervenir que dans des cas exceptionnels \u2013 et m\u00eame l\u00e0, les subventions ne sont peut-\u00eatre pas la meilleure solution. Mieux vaut b\u00e2tir des alliances avec d\u2019autres pays pour trouver des fournisseurs alternatifs, en dehors de la Chine, m\u00eame si c\u2019est plus co\u00fbteux. Le vrai enjeu est d\u2019aider les entreprises \u00e0 rendre ces cha\u00eenes alternatives rentables.<\/p>\n\n\n\n<p>Malheureusement, ce mouvement reste trop limit\u00e9. Nous essayons donc d\u2019orienter les d\u00e9cideurs dans cette direction \u2014 pas en disant que tout doit \u00eatre produit chez nous, mais en proposant un mix : investir localement tout en cherchant des alternatives comp\u00e9titives hors d\u2019Europe. Dans beaucoup de cas, ces alternatives co\u00fbtent moins cher, ce qui b\u00e9n\u00e9ficie \u00e0 l\u2019\u00e9conomie dans son ensemble, car le commerce mondial reste cr\u00e9ateur de valeur et de prosp\u00e9rit\u00e9 pour tous.<\/p>\n\n\n\n<p><strong>Du point de vue fran\u00e7ais, nous suivons de pr\u00e8s le d\u00e9bat sur le frein \u00e0 l\u2019endettement en Allemagne \u2014 surtout dans le contexte d\u2019un r\u00e9armement du pays. Comment ce d\u00e9bat est-il v\u00e9cu en Allemagne ?<\/strong><\/p>\n\n\n\n<p>Il y a deux sujets ici : la d\u00e9fense et le frein \u00e0 l\u2019endettement. Des r\u00e9formes r\u00e9centes permettent d\u00e9sormais au gouvernement allemand d\u2019emprunter jusqu\u2019\u00e0 500 milliards d\u2019euros pour investir dans les infrastructures, ce qui n\u2019\u00e9tait pas possible auparavant. C\u2019est un vrai changement de pied. Comme on peut s\u2019y attendre, les partis de gauche, qui ont toujours plaid\u00e9 pour plus de d\u00e9penses, s\u2019en r\u00e9jouissent. Le parti conservateur, lui, est plus sceptique et insiste sur l\u2019\u00e9quilibre budg\u00e9taire. Mais peu de gens contestent la n\u00e9cessit\u00e9 d\u2019investir dans les infrastructures.<\/p>\n\n\n\n<p>Le vrai probl\u00e8me, c\u2019est que d\u00e9bloquer ces montants tr\u00e8s importants r\u00e9duit la pression pour faire des \u00e9conomies dans d\u2019autres domaines du budget f\u00e9d\u00e9ral. Et pourtant, des r\u00e9formes sont urgentes, notamment dans notre mod\u00e8le social, aujourd\u2019hui beaucoup trop co\u00fbteux. Une grande partie des recettes fiscales est absorb\u00e9e par ce syst\u00e8me. Il faut donc le r\u00e9former pour lib\u00e9rer des marges de man\u0153uvre budg\u00e9taires. Ces r\u00e9formes sont politiquement difficiles, particuli\u00e8rement dans le contexte actuel. En attendant, la solution choisie est de lever des fonds sur les march\u00e9s plut\u00f4t que de r\u00e9former.<\/p>\n\n\n\n<p>Sur la d\u00e9fense, en revanche, il y a une vraie prise de conscience. M\u00eame les pacifistes reconnaissent qu\u2019il faut investir davantage dans l\u2019arm\u00e9e allemande. Tout le monde sait que depuis 20 ou 30 ans, nous n\u2019avons pas investi suffisamment. L\u2019agression russe en Ukraine et la mont\u00e9e des conflits ont montr\u00e9 que l\u2019arm\u00e9e allemande doit \u00eatre capable de remplir son r\u00f4le, ce qui n\u2019est pas toujours le cas aujourd\u2019hui.<\/p>\n\n\n\n<p><strong>Vous avez \u00e9voqu\u00e9 les alliances, ce qui nous am\u00e8ne \u00e0 parler du couple franco-allemand. Nos \u00e9conomies ont diverg\u00e9 ces dix derni\u00e8res ann\u00e9es. Pourtant, nous partageons beaucoup de d\u00e9fis. Peut-on retrouver un terrain d\u2019entente dans les ann\u00e9es \u00e0 venir ?<\/strong><\/p>\n\n\n\n<p>Je suis plut\u00f4t optimiste. C\u00f4t\u00e9 allemand, le ton me semble plus ouvert aujourd\u2019hui. Emmanuel Macron a clairement exprim\u00e9 sa volont\u00e9 de renforcer la coop\u00e9ration. Le chancelier Scholz \u00e9tait moins explicite, mais Friedrich Merz l\u2019est davantage. Il y a donc une fen\u00eatre d\u2019opportunit\u00e9 pour renforcer la coop\u00e9ration franco-allemande. Il faut en profiter rapidement, avant que la France n\u2019entre en p\u00e9riode pr\u00e9-\u00e9lectorale dans un an.<\/p>\n\n\n\n<p>Je crois que le couple franco-allemand est particuli\u00e8rement efficace lorsqu\u2019il travaille \u00e0 r\u00e9former l\u2019Union europ\u00e9enne. Il faut g\u00e9n\u00e9rer ensemble des id\u00e9es pour am\u00e9liorer son fonctionnement, car il y a de nombreux domaines o\u00f9 c\u2019est n\u00e9cessaire. Il est encourageant de voir la Commission europ\u00e9enne r\u00e9fl\u00e9chir \u00e0 une r\u00e9gulation plus efficace ; l\u2019initiative sur le march\u00e9 unique est un pas dans la bonne direction. France et Allemagne doivent la soutenir.<\/p>\n\n\n\n<p>Les investissements dans les infrastructures sont aussi un domaine o\u00f9 la coop\u00e9ration serait b\u00e9n\u00e9fique, en particulier les grands projets de recherche et d\u2019innovation \u2014 souvent tr\u00e8s co\u00fbteux. Prenez les syst\u00e8mes satellites : des projets comme <em>Starlink<\/em> montrent que l\u2019Europe a besoin de solutions souveraines. On ne peut pas d\u00e9pendre d\u2019Elon Musk pour d\u00e9cider de maintenir ou non des services strat\u00e9giques. La France et l\u2019Allemagne pourraient prendre la t\u00eate d\u2019un consortium europ\u00e9en sur ce type d\u2019infrastructure.<\/p>\n\n\n\n<p>En revanche, je ne pense pas qu\u2019il faille, comme beaucoup le sugg\u00e8rent, cr\u00e9er des champions \u00e9conomiques europ\u00e9ens en fusionnant des entreprises fran\u00e7aises et allemandes. Il vaut mieux investir ensemble dans l\u2019innovation, la recherche et les infrastructures.<\/p>\n\n\n\n<p><strong>Cela nous m\u00e8ne \u00e0 la question du dialogue, qui semble de plus en plus difficile. Le <em>Dialogue \u00e9conomique mondial<\/em> veut justement montrer qu\u2019il reste possible de d\u00e9battre malgr\u00e9 les diff\u00e9rences. Qu\u2019en attendez-vous ?<\/strong><\/p>\n\n\n\n<p>Je me r\u00e9jouis de ce genre d\u2019initiative, qui va r\u00e9unir des gens venus du monde entier. Je suis convaincu que, dans les ann\u00e9es \u00e0 venir, le monde deviendra encore plus confus et que nous aurons besoin de multiplier les alliances, \u00e0 des niveaux plus modestes. Les grandes organisations multilat\u00e9rales comme l\u2019OMC existent encore, mais elles ne fonctionnent plus comme avant et ne structurent plus l\u2019\u00e9conomie mondiale.<\/p>\n\n\n\n<p>Plut\u00f4t que de chercher un consensus global dans un seul forum, il faudra b\u00e2tir et entretenir des r\u00e9seaux d\u2019alliances \u2014 cinq, dix ou quinze groupes diff\u00e9rents \u2014 en fonction des int\u00e9r\u00eats partag\u00e9s. Cela demande une diplomatie \u00e9conomique forte.<\/p>\n\n\n\n<p>Si un lieu comme Aix-en-Provence permet de construire ces connexions informelles, qui sont souvent le pr\u00e9lude \u00e0 une coop\u00e9ration plus formelle, alors c\u2019est un espace tr\u00e8s pr\u00e9cieux. Dans un monde aussi incertain, ce genre d\u2019\u00e9change large est essentiel. Et j\u2019en attends beaucoup.<\/p>\n\n\n\n<p><strong>Le th\u00e8me de cette \u00e9dition est : \u00ab&nbsp;Affronter le choc des r\u00e9alit\u00e9s&nbsp;\u00bb. Que vous \u00e9voque-t-il, en tant qu\u2019Allemand et Europ\u00e9en ?<\/strong><\/p>\n\n\n\n<p>Cela nous dit, je crois, que le monde n\u2019est plus celui d\u2019il y a 10 ou 15 ans. Donald Trump n\u2019a pas tout boulevers\u00e9 \u00e0 lui seul, mais il a tr\u00e8s clairement montr\u00e9 que le monde fond\u00e9 sur la coop\u00e9ration touche \u00e0 sa fin. On ne peut plus attendre que la coop\u00e9ration soit vue comme une source de prosp\u00e9rit\u00e9 partag\u00e9e. Des acteurs comme les \u00c9tats-Unis de Trump ou la Chine ne pensent plus qu\u2019en termes d\u2019int\u00e9r\u00eats propres, et nous ram\u00e8nent \u00e0 une logique de jeu \u00e0 somme nulle dans les relations internationales. Il faut accepter cette r\u00e9alit\u00e9 et, en tant qu\u2019Europ\u00e9ens, chercher \u00e0 pr\u00e9server des espaces o\u00f9 la coop\u00e9ration reste possible, car elle continue d\u2019apporter plus que l\u2019isolement.<\/p>\n\n\n\n<p>Cela passe peut-\u00eatre par des sujets plus modestes, mais c\u2019est fondamental. \u00c0 court terme, je ne vois pas de retour \u00e0 un monde multilat\u00e9ral organis\u00e9 par des institutions capables de r\u00e9soudre les probl\u00e8mes globaux. Il faut agir, Nous devons \u00eatre actifs et former des coalitions dans lesquelles nous pouvons travailler avec des partenaires.<\/p>\n","protected":false},"featured_media":21976,"template":"","cat-theme":[74],"cat-axe":[],"class_list":["post-21984","blog","type-blog","status-publish","has-post-thumbnail","hentry","cat-theme-geopolitique"],"acf":[],"yoast_head":"<!-- This site is optimized with the Yoast SEO plugin v26.5 - https:\/\/yoast.com\/wordpress\/plugins\/seo\/ -->\n<title>L&#039;\u00e9conomie allemande, frapp\u00e9e par le choc de r\u00e9alit\u00e9 ? - Les Rencontres \u00c9conomiques<\/title>\n<meta name=\"robots\" content=\"index, follow, max-snippet:-1, max-image-preview:large, max-video-preview:-1\" \/>\n<link rel=\"canonical\" href=\"https:\/\/www.lesrencontreseconomiques.fr\/debats-idees\/leconomie-allemande-frappee-par-le-choc-de-realite\/\" \/>\n<meta property=\"og:locale\" content=\"fr_FR\" \/>\n<meta property=\"og:type\" content=\"article\" \/>\n<meta property=\"og:description\" content=\"Apr\u00e8s deux ann\u00e9es de r\u00e9cession, l\u2019Allemagne est pass\u00e9e du statut d\u2019exemple \u00e0 celui \u00ab\u00a0d\u2019homme malade\u00a0\u00bb du continent. Comment est-ce possible ? S&rsquo;agit-il d&rsquo;une crise de mod\u00e8le ou simplement d\u2019une p\u00e9riode de turbulences ? Il y a toujours plusieurs facteurs en cause mais le principal, \u00e0 mon avis, c\u2019est que l\u2019Allemagne est aujourd\u2019hui frapp\u00e9e de plein [&hellip;]\" \/>\n<meta property=\"og:url\" content=\"https:\/\/www.lesrencontreseconomiques.fr\/debats-idees\/leconomie-allemande-frappee-par-le-choc-de-realite\/\" \/>\n<meta property=\"og:site_name\" content=\"Les Rencontres \u00c9conomiques\" \/>\n<meta property=\"article:publisher\" content=\"https:\/\/www.facebook.com\/Le.Cercle.des.Economistes\/\" \/>\n<meta property=\"article:modified_time\" content=\"2025-06-20T12:33:15+00:00\" \/>\n<meta property=\"og:image\" content=\"https:\/\/www.lesrencontreseconomiques.fr\/wp-content\/uploads\/2025\/06\/Visuels-NL-REAIX-11.png\" \/>\n\t<meta property=\"og:image:width\" content=\"420\" \/>\n\t<meta property=\"og:image:height\" content=\"200\" \/>\n\t<meta property=\"og:image:type\" content=\"image\/png\" \/>\n<meta name=\"twitter:card\" content=\"summary_large_image\" \/>\n<meta name=\"twitter:site\" content=\"@Cercle_eco\" \/>\n<meta name=\"twitter:label1\" content=\"Dur\u00e9e de lecture estim\u00e9e\" \/>\n\t<meta name=\"twitter:data1\" content=\"9 minutes\" \/>\n<script type=\"application\/ld+json\" class=\"yoast-schema-graph\">{\"@context\":\"https:\/\/schema.org\",\"@graph\":[{\"@type\":\"WebPage\",\"@id\":\"https:\/\/www.lesrencontreseconomiques.fr\/debats-idees\/leconomie-allemande-frappee-par-le-choc-de-realite\/\",\"url\":\"https:\/\/www.lesrencontreseconomiques.fr\/debats-idees\/leconomie-allemande-frappee-par-le-choc-de-realite\/\",\"name\":\"L'\u00e9conomie allemande, frapp\u00e9e par le choc de r\u00e9alit\u00e9 ? - Les Rencontres \u00c9conomiques\",\"isPartOf\":{\"@id\":\"https:\/\/www.lesrencontreseconomiques.fr\/#website\"},\"primaryImageOfPage\":{\"@id\":\"https:\/\/www.lesrencontreseconomiques.fr\/debats-idees\/leconomie-allemande-frappee-par-le-choc-de-realite\/#primaryimage\"},\"image\":{\"@id\":\"https:\/\/www.lesrencontreseconomiques.fr\/debats-idees\/leconomie-allemande-frappee-par-le-choc-de-realite\/#primaryimage\"},\"thumbnailUrl\":\"https:\/\/www.lesrencontreseconomiques.fr\/wp-content\/uploads\/2025\/06\/Visuels-NL-REAIX-11.png\",\"datePublished\":\"2025-06-20T12:33:14+00:00\",\"dateModified\":\"2025-06-20T12:33:15+00:00\",\"breadcrumb\":{\"@id\":\"https:\/\/www.lesrencontreseconomiques.fr\/debats-idees\/leconomie-allemande-frappee-par-le-choc-de-realite\/#breadcrumb\"},\"inLanguage\":\"fr-FR\",\"potentialAction\":[{\"@type\":\"ReadAction\",\"target\":[\"https:\/\/www.lesrencontreseconomiques.fr\/debats-idees\/leconomie-allemande-frappee-par-le-choc-de-realite\/\"]}]},{\"@type\":\"ImageObject\",\"inLanguage\":\"fr-FR\",\"@id\":\"https:\/\/www.lesrencontreseconomiques.fr\/debats-idees\/leconomie-allemande-frappee-par-le-choc-de-realite\/#primaryimage\",\"url\":\"https:\/\/www.lesrencontreseconomiques.fr\/wp-content\/uploads\/2025\/06\/Visuels-NL-REAIX-11.png\",\"contentUrl\":\"https:\/\/www.lesrencontreseconomiques.fr\/wp-content\/uploads\/2025\/06\/Visuels-NL-REAIX-11.png\",\"width\":420,\"height\":200},{\"@type\":\"BreadcrumbList\",\"@id\":\"https:\/\/www.lesrencontreseconomiques.fr\/debats-idees\/leconomie-allemande-frappee-par-le-choc-de-realite\/#breadcrumb\",\"itemListElement\":[{\"@type\":\"ListItem\",\"position\":1,\"name\":\"Accueil\",\"item\":\"https:\/\/www.lesrencontreseconomiques.fr\/\"},{\"@type\":\"ListItem\",\"position\":2,\"name\":\"D\u00e9bats & Id\u00e9es\",\"item\":\"https:\/\/www.lesrencontreseconomiques.fr\/debats-idees\/\"},{\"@type\":\"ListItem\",\"position\":3,\"name\":\"L&rsquo;\u00e9conomie allemande, frapp\u00e9e par le choc de r\u00e9alit\u00e9 ?\"}]},{\"@type\":\"WebSite\",\"@id\":\"https:\/\/www.lesrencontreseconomiques.fr\/#website\",\"url\":\"https:\/\/www.lesrencontreseconomiques.fr\/\",\"name\":\"Les Rencontres \u00c9conomiques\",\"description\":\"\",\"potentialAction\":[{\"@type\":\"SearchAction\",\"target\":{\"@type\":\"EntryPoint\",\"urlTemplate\":\"https:\/\/www.lesrencontreseconomiques.fr\/?s={search_term_string}\"},\"query-input\":{\"@type\":\"PropertyValueSpecification\",\"valueRequired\":true,\"valueName\":\"search_term_string\"}}],\"inLanguage\":\"fr-FR\"}]}<\/script>\n<!-- \/ Yoast SEO plugin. -->","yoast_head_json":{"title":"L'\u00e9conomie allemande, frapp\u00e9e par le choc de r\u00e9alit\u00e9 ? - Les Rencontres \u00c9conomiques","robots":{"index":"index","follow":"follow","max-snippet":"max-snippet:-1","max-image-preview":"max-image-preview:large","max-video-preview":"max-video-preview:-1"},"canonical":"https:\/\/www.lesrencontreseconomiques.fr\/debats-idees\/leconomie-allemande-frappee-par-le-choc-de-realite\/","og_locale":"fr_FR","og_type":"article","og_description":"Apr\u00e8s deux ann\u00e9es de r\u00e9cession, l\u2019Allemagne est pass\u00e9e du statut d\u2019exemple \u00e0 celui \u00ab\u00a0d\u2019homme malade\u00a0\u00bb du continent. Comment est-ce possible ? S&rsquo;agit-il d&rsquo;une crise de mod\u00e8le ou simplement d\u2019une p\u00e9riode de turbulences ? Il y a toujours plusieurs facteurs en cause mais le principal, \u00e0 mon avis, c\u2019est que l\u2019Allemagne est aujourd\u2019hui frapp\u00e9e de plein [&hellip;]","og_url":"https:\/\/www.lesrencontreseconomiques.fr\/debats-idees\/leconomie-allemande-frappee-par-le-choc-de-realite\/","og_site_name":"Les Rencontres \u00c9conomiques","article_publisher":"https:\/\/www.facebook.com\/Le.Cercle.des.Economistes\/","article_modified_time":"2025-06-20T12:33:15+00:00","og_image":[{"width":420,"height":200,"url":"https:\/\/www.lesrencontreseconomiques.fr\/wp-content\/uploads\/2025\/06\/Visuels-NL-REAIX-11.png","type":"image\/png"}],"twitter_card":"summary_large_image","twitter_site":"@Cercle_eco","twitter_misc":{"Dur\u00e9e de lecture estim\u00e9e":"9 minutes"},"schema":{"@context":"https:\/\/schema.org","@graph":[{"@type":"WebPage","@id":"https:\/\/www.lesrencontreseconomiques.fr\/debats-idees\/leconomie-allemande-frappee-par-le-choc-de-realite\/","url":"https:\/\/www.lesrencontreseconomiques.fr\/debats-idees\/leconomie-allemande-frappee-par-le-choc-de-realite\/","name":"L'\u00e9conomie allemande, frapp\u00e9e par le choc de r\u00e9alit\u00e9 ? - Les Rencontres \u00c9conomiques","isPartOf":{"@id":"https:\/\/www.lesrencontreseconomiques.fr\/#website"},"primaryImageOfPage":{"@id":"https:\/\/www.lesrencontreseconomiques.fr\/debats-idees\/leconomie-allemande-frappee-par-le-choc-de-realite\/#primaryimage"},"image":{"@id":"https:\/\/www.lesrencontreseconomiques.fr\/debats-idees\/leconomie-allemande-frappee-par-le-choc-de-realite\/#primaryimage"},"thumbnailUrl":"https:\/\/www.lesrencontreseconomiques.fr\/wp-content\/uploads\/2025\/06\/Visuels-NL-REAIX-11.png","datePublished":"2025-06-20T12:33:14+00:00","dateModified":"2025-06-20T12:33:15+00:00","breadcrumb":{"@id":"https:\/\/www.lesrencontreseconomiques.fr\/debats-idees\/leconomie-allemande-frappee-par-le-choc-de-realite\/#breadcrumb"},"inLanguage":"fr-FR","potentialAction":[{"@type":"ReadAction","target":["https:\/\/www.lesrencontreseconomiques.fr\/debats-idees\/leconomie-allemande-frappee-par-le-choc-de-realite\/"]}]},{"@type":"ImageObject","inLanguage":"fr-FR","@id":"https:\/\/www.lesrencontreseconomiques.fr\/debats-idees\/leconomie-allemande-frappee-par-le-choc-de-realite\/#primaryimage","url":"https:\/\/www.lesrencontreseconomiques.fr\/wp-content\/uploads\/2025\/06\/Visuels-NL-REAIX-11.png","contentUrl":"https:\/\/www.lesrencontreseconomiques.fr\/wp-content\/uploads\/2025\/06\/Visuels-NL-REAIX-11.png","width":420,"height":200},{"@type":"BreadcrumbList","@id":"https:\/\/www.lesrencontreseconomiques.fr\/debats-idees\/leconomie-allemande-frappee-par-le-choc-de-realite\/#breadcrumb","itemListElement":[{"@type":"ListItem","position":1,"name":"Accueil","item":"https:\/\/www.lesrencontreseconomiques.fr\/"},{"@type":"ListItem","position":2,"name":"D\u00e9bats & Id\u00e9es","item":"https:\/\/www.lesrencontreseconomiques.fr\/debats-idees\/"},{"@type":"ListItem","position":3,"name":"L&rsquo;\u00e9conomie allemande, frapp\u00e9e par le choc de r\u00e9alit\u00e9 ?"}]},{"@type":"WebSite","@id":"https:\/\/www.lesrencontreseconomiques.fr\/#website","url":"https:\/\/www.lesrencontreseconomiques.fr\/","name":"Les Rencontres \u00c9conomiques","description":"","potentialAction":[{"@type":"SearchAction","target":{"@type":"EntryPoint","urlTemplate":"https:\/\/www.lesrencontreseconomiques.fr\/?s={search_term_string}"},"query-input":{"@type":"PropertyValueSpecification","valueRequired":true,"valueName":"search_term_string"}}],"inLanguage":"fr-FR"}]}},"_links":{"self":[{"href":"https:\/\/www.lesrencontreseconomiques.fr\/wp-json\/wp\/v2\/blog\/21984","targetHints":{"allow":["GET"]}}],"collection":[{"href":"https:\/\/www.lesrencontreseconomiques.fr\/wp-json\/wp\/v2\/blog"}],"about":[{"href":"https:\/\/www.lesrencontreseconomiques.fr\/wp-json\/wp\/v2\/types\/blog"}],"wp:featuredmedia":[{"embeddable":true,"href":"https:\/\/www.lesrencontreseconomiques.fr\/wp-json\/wp\/v2\/media\/21976"}],"wp:attachment":[{"href":"https:\/\/www.lesrencontreseconomiques.fr\/wp-json\/wp\/v2\/media?parent=21984"}],"wp:term":[{"taxonomy":"cat-theme","embeddable":true,"href":"https:\/\/www.lesrencontreseconomiques.fr\/wp-json\/wp\/v2\/cat-theme?post=21984"},{"taxonomy":"cat-axe","embeddable":true,"href":"https:\/\/www.lesrencontreseconomiques.fr\/wp-json\/wp\/v2\/cat-axe?post=21984"}],"curies":[{"name":"wp","href":"https:\/\/api.w.org\/{rel}","templated":true}]}}