{"id":21892,"date":"2025-06-19T14:35:43","date_gmt":"2025-06-19T12:35:43","guid":{"rendered":"https:\/\/www.lesrencontreseconomiques.fr\/?post_type=blog&#038;p=21892"},"modified":"2025-06-19T14:35:45","modified_gmt":"2025-06-19T12:35:45","slug":"nouvelles-alliances","status":"publish","type":"blog","link":"https:\/\/www.lesrencontreseconomiques.fr\/debats-idees\/nouvelles-alliances\/","title":{"rendered":"Nouvelles alliances"},"content":{"rendered":"\n<h3 class=\"wp-block-heading\">I. Un nouvel ordre mondial \u2013 une nouvelle complexit\u00e9<\/h3>\n\n\n\n<p>L\u2019ordre \u00e9conomique mondial auquel nous \u00e9tions habitu\u00e9s depuis la fin des ann\u00e9es 1990 semble se d\u00e9sagr\u00e9ger de plus en plus. M\u00eame si la forme que prendra ce nouvel ordre reste incertaine, il est \u00e9vident que l\u2019\u00e8re d\u2019un ordre multilat\u00e9ral mondial fond\u00e9 sur des r\u00e8gles touche \u00e0 sa fin. Les acteurs et institutions existants ne vont pas dispara\u00eetre, mais leur influence change radicalement, passant d\u2019institutions multilat\u00e9rales globales \u00e0 des accords th\u00e9matiques entre un plus petit nombre de pays. Il en r\u00e9sulte un niveau de complexit\u00e9 sensiblement plus \u00e9lev\u00e9, notamment dans les domaines du commerce mondial et de la politique \u00e9conomique. La capacit\u00e9 \u00e0 former et \u00e0 g\u00e9rer des alliances deviendra donc un crit\u00e8re central de r\u00e9ussite \u00e0 l\u2019avenir.<\/p>\n\n\n\n<hr class=\"wp-block-separator has-alpha-channel-opacity\"\/>\n\n\n\n<h3 class=\"wp-block-heading\">Nouvelles fonctions pour les institutions internationales<\/h3>\n\n\n\n<p>Avant tout, l\u2019OMC, en tant qu\u2019organisation multilat\u00e9rale qui d\u00e9finit le droit commercial mondial et en assure l\u2019application, n\u2019accomplit pratiquement plus cette mission. Au c\u0153ur de cet \u00e9chec se trouve le rejet g\u00e9n\u00e9ralis\u00e9 \u2013 pas seulement aux \u00c9tats-Unis \u2013 d\u2019une juridiction internationale sup\u00e9rieure au droit national. Cette perte de souverainet\u00e9 est inacceptable pour de nombreux \u00c9tats.<\/p>\n\n\n\n<p>De plus, les principes fondamentaux de l\u2019OMC \u2013 auxquels la plupart des membres continuent pourtant d\u2019adh\u00e9rer m\u00eame sans m\u00e9canisme de sanction \u2013 sont eux aussi mis sous pression. Sous la pr\u00e9sidence Trump, les \u00c9tats-Unis ont par exemple abandonn\u00e9 le principe de la clause de la nation la plus favoris\u00e9e (NPF), plus r\u00e9cemment encore avec l\u2019annonce, le 2 avril 2025, de tarifs diff\u00e9renci\u00e9s selon les pays. Pourtant, les r\u00e8gles de l\u2019OMC restent pertinentes pour un groupe de pays volontaires, et continuent \u00e0 servir de base au commerce entre eux.<\/p>\n\n\n\n<p>L\u2019instrument des accords plurilat\u00e9raux \u2013 discussions \u00e0 l\u2019OMC auxquelles ne participent qu\u2019un sous-ensemble de membres \u2013 gagne en importance. Ces accords peuvent viser \u00e0 cr\u00e9er de nouvelles r\u00e8gles, \u00e0 garantir la lib\u00e9ralisation r\u00e9ciproque des droits de douane, \u00e0 \u00e9tablir de nouveaux processus ou \u00e0 initier des discussions. En temps de grande confusion, les accords plurilat\u00e9raux ouverts sont particuli\u00e8rement prometteurs. Ils peuvent \u00eatre conclus par de petits groupes, sans discriminer les autres membres de l\u2019OMC, et ne peuvent donc pas \u00eatre bloqu\u00e9s par eux.<\/p>\n\n\n\n<p>Par ailleurs, de nombreuses institutions et accords souvent superpos\u00e9s, situ\u00e9s en dessous du niveau mondial, doivent \u00eatre pris en compte. Ceux-ci incluent notamment :<\/p>\n\n\n\n<ul class=\"wp-block-list\">\n<li>Des organisations \u00e9conomiques r\u00e9gionales comme l\u2019UE, et \u00e0 un niveau moindre d\u2019int\u00e9gration, l\u2019UA, la CEDEAO, l\u2019ASEAN, le MERCOSUR, ou encore des accords de libre-\u00e9change comme le CPTPP, le RCEP, et l\u2019USMCA, parmi bien d\u2019autres.<\/li>\n\n\n\n<li>Des accords bilat\u00e9raux de libre-\u00e9change entre certains pays ou r\u00e9gions, comme l\u2019accord UE-MERCOSUR. Ces accords, cens\u00e9s \u00eatre des exceptions bien justifi\u00e9es dans le cadre de l\u2019OMC, contournent en fait la clause NPF. Aujourd\u2019hui, les ALE r\u00e9gionaux ne sont plus l\u2019exception mais la norme.<\/li>\n\n\n\n<li>Des accords techniques situ\u00e9s en dessous des ALE, qui harmonisent les normes et autres aspects techniques. Par exemple : le\u00a0<em>Trade and Technology Council<\/em>\u00a0entre l\u2019UE et les \u00c9tats-Unis, certains \u00e9l\u00e9ments du CAI entre l\u2019UE et la Chine, le\u00a0<em>Indo-Pacific Economic Framework<\/em>, des \u00e9l\u00e9ments du RCEP, etc. Leur impact est encore limit\u00e9, mais la Chine y travaille intensivement.<\/li>\n\n\n\n<li>Enfin, pour les accords techniques et dispositifs complets en dehors de l\u2019OMC, on trouve des organisations \u00e0 adh\u00e9sion exclusive servant principalement de plateformes de coordination ou de forum : l\u2019OCDE, le G20, les BRICS.<\/li>\n<\/ul>\n\n\n\n<hr class=\"wp-block-separator has-alpha-channel-opacity\"\/>\n\n\n\n<h3 class=\"wp-block-heading\">II. Int\u00e9r\u00eats communs et coop\u00e9ration intelligente<\/h3>\n\n\n\n<p>M\u00eame s\u2019il n\u2019existe manifestement plus de cadre global englobant en mati\u00e8re de commerce et de politique \u00e9conomique, des int\u00e9r\u00eats communs subsistent entre diff\u00e9rentes r\u00e9gions et pays. Ceux-ci doivent \u00eatre identifi\u00e9s, institutionnalis\u00e9s, et exploit\u00e9s au b\u00e9n\u00e9fice de toutes les parties, par exemple dans les domaines suivants :<\/p>\n\n\n\n<h4 class=\"wp-block-heading\">Politique des mati\u00e8res premi\u00e8res<\/h4>\n\n\n\n<p>Dans le domaine de l\u2019approvisionnement en mati\u00e8res premi\u00e8res, des groupes de fournisseurs et d\u2019acheteurs aux int\u00e9r\u00eats distincts peuvent \u00eatre identifi\u00e9s. La plupart des pays de l\u2019OCDE sont des acheteurs de presque toutes les mati\u00e8res premi\u00e8res. Il est donc logique de former des alliances pour garantir la s\u00e9curit\u00e9 d\u2019approvisionnement de certaines cat\u00e9gories de ressources. Dans son document&nbsp;<em>\u00ab EU-Japan Critical Raw Materials Alliance \u00bb<\/em>, la KAS, en coop\u00e9ration avec le think tank japonais NPI, a esquiss\u00e9 une alliance sur les terres rares. L\u2019analyse montre qu\u2019il est crucial de bien d\u00e9finir les int\u00e9r\u00eats concern\u00e9s et d\u2019attribuer des responsabilit\u00e9s claires \u00e0 des institutions d\u00e9di\u00e9es.<\/p>\n\n\n\n<h4 class=\"wp-block-heading\">R\u00e9silience des cha\u00eenes d\u2019approvisionnement<\/h4>\n\n\n\n<p>La question de la r\u00e9silience \u00e9conomique devient plus importante, non seulement pour les mati\u00e8res premi\u00e8res, mais aussi concernant les d\u00e9pendances dans les cha\u00eenes d\u2019approvisionnement. Toutefois, l\u2019ampleur de ces d\u00e9pendances est souvent surestim\u00e9e. Une \u00e9tude de la KAS et de l\u2019Institut Ifo indique que 95 % des importations des cha\u00eenes industrielles allemandes ne pr\u00e9sentent aucune d\u00e9pendance probl\u00e9matique. Parmi les 5 % restants, 73 % proviennent de l\u2019UE et peuvent donc \u00eatre consid\u00e9r\u00e9s comme sans risque. Il ne reste donc qu\u2019un nombre limit\u00e9 de groupes de produits import\u00e9s probl\u00e9matiques, la plupart en provenance de Chine.<\/p>\n\n\n\n<p>Des mesures commerciales peuvent donc s\u2019av\u00e9rer justifi\u00e9es pour certains produits-cl\u00e9s comme les aimants industriels, certains produits chimiques, les mati\u00e8res premi\u00e8res pharmaceutiques, les technologies de d\u00e9fense et de communication ou encore les \u00e9quipements \u00e9nerg\u00e9tiques. Le principe directeur devrait \u00eatre : moins on exclut d\u2019acteurs, moins les pertes de prosp\u00e9rit\u00e9 sont grandes. Des alliances cibl\u00e9es par produit sont des solutions intelligentes, comme sugg\u00e9r\u00e9 dans un r\u00e9cent document de la KAS sur les tarifs douaniers. La seconde meilleure solution sont les droits de douane cibl\u00e9s contre un seul pays. Les subventions et politiques industrielles sont les mesures les plus co\u00fbteuses.<\/p>\n\n\n\n<hr class=\"wp-block-separator has-alpha-channel-opacity\"\/>\n\n\n\n<h3 class=\"wp-block-heading\">III. Options d\u2019action<\/h3>\n\n\n\n<h4 class=\"wp-block-heading\">Ouverture \u00e0 des alliances multiples<\/h4>\n\n\n\n<p>Dans le contexte d\u00e9crit, il est judicieux de soutenir les fonctions restantes de l\u2019OMC et des autres institutions existantes. Toutefois, il est aussi indispensable de d\u00e9velopper des alternatives. Pour cela, il est essentiel d\u2019agir \u00e0 partir d\u2019une base forte et dot\u00e9e d\u2019un poids global, par exemple l\u2019Union europ\u00e9enne.<\/p>\n\n\n\n<p>Depuis cette base, il convient de maintenir des relations \u00e9conomiques-diplomatiques stables avec le plus grand nombre possible d\u2019acteurs. L\u2019objectif doit \u00eatre un syst\u00e8me de multiples alliances et accords, selon plusieurs niveaux :<\/p>\n\n\n\n<ol class=\"wp-block-list\">\n<li>S\u00e9curiser une base forte et efficace ayant une importance mondiale \u2013 par exemple l\u2019Union europ\u00e9enne.<\/li>\n\n\n\n<li>Maintenir, d\u00e9velopper et affiner les accords globaux. Les accords plurilat\u00e9raux ouverts conviennent pour des sujets sp\u00e9cifiques. Des coalitions de volontaires seront \u00e9galement n\u00e9cessaires en dehors de l\u2019OMC. Les organisations \u00e0 large adh\u00e9sion mondiale mais \u00e0 int\u00e9r\u00eats ou valeurs limit\u00e9es comme l\u2019OCDE, les BRICS, le G7 ou le G20 verront leur r\u00f4le cro\u00eetre.<\/li>\n\n\n\n<li>Au niveau bilat\u00e9ral, il faut rechercher et entretenir des accords (libre-\u00e9change, normes techniques, etc.) avec des partenaires partageant des int\u00e9r\u00eats ou des valeurs cl\u00e9s.<\/li>\n\n\n\n<li>Cela implique de cultiver intensivement des partenariats centraux (pour l\u2019UE : Japon, Cor\u00e9e, Canada, Australie, Royaume-Uni, Suisse), mais aussi d\u2019int\u00e9grer \u2013 ou \u00e0 d\u00e9faut contenir \u2013 des partenaires probl\u00e9matiques (Turquie, Inde, Russie), des acteurs \u00e0 droit de veto (\u00c9tats-Unis, Chine), ainsi que des partenaires potentiels (Br\u00e9sil, Argentine, UA, \u00c9tats du Golfe, etc.).<\/li>\n<\/ol>\n\n\n\n<hr class=\"wp-block-separator has-alpha-channel-opacity\"\/>\n\n\n\n<h3 class=\"wp-block-heading\">Nous devons renforcer nos capacit\u00e9s en diplomatie \u00e9conomique<\/h3>\n\n\n\n<p>Dans un ordre \u00e9conomique mondial de plus en plus complexe, les alliances \u00e9voluent constamment ou doivent \u00eatre adapt\u00e9es. Cela exige un renforcement significatif des capacit\u00e9s en diplomatie \u00e9conomique. Le Service europ\u00e9en pour l\u2019action ext\u00e9rieure (SEAE), ainsi que les minist\u00e8res des Affaires \u00e9trang\u00e8res nationaux, doivent cr\u00e9er des d\u00e9partements d\u00e9di\u00e9s \u00e0 cet objectif. Leur t\u00e2che sera de hi\u00e9rarchiser les priorit\u00e9s et objectifs \u00e9conomiques, et de les coordonner \u00e0 l\u2019\u00e9chelle europ\u00e9enne.<\/p>\n\n\n\n<p>Pour cela, il est n\u00e9cessaire de cr\u00e9er des capacit\u00e9s de formation, par exemple une&nbsp;<strong>Acad\u00e9mie europ\u00e9enne de diplomatie \u00e9conomique<\/strong>, qui \u00e9laborerait des programmes de s\u00e9minaires et de formation pour les diff\u00e9rents services diplomatiques.<\/p>\n\n\n\n<p>Mais m\u00eame avec des capacit\u00e9s renforc\u00e9es, il sera difficile de g\u00e9rer un trop grand nombre d\u2019alliances si trop de th\u00e8mes sont abord\u00e9s en m\u00eame temps. Ces derni\u00e8res ann\u00e9es, les accords \u00e9conomiques de l\u2019UE sont devenus si complets que les n\u00e9gociations se sont prolong\u00e9es pendant des ann\u00e9es, voire des d\u00e9cennies, souvent sans succ\u00e8s. Pour une diplomatie \u00e9conomique efficace, il est donc logique de se concentrer sur les&nbsp;<strong>sujets centraux : politique commerciale, protection des investissements et subventions<\/strong>. Les aspects sociaux et environnementaux devraient \u00eatre abord\u00e9s s\u00e9par\u00e9ment, via d\u2019autres d\u00e9partements et dans d\u2019autres accords internationaux \u2013 mais tout aussi contraignants.<\/p>\n\n\n\n<hr class=\"wp-block-separator has-alpha-channel-opacity\"\/>\n\n\n\n<p>Le nouveau monde devient plus compartiment\u00e9 et fond\u00e9 sur les int\u00e9r\u00eats. Dans ce contexte, nous ne pouvons pas choisir avec qui&nbsp;<strong>coop\u00e9rer ou non<\/strong>, mais&nbsp;<strong>comment et dans quel domaine<\/strong>. La politique \u00e9conomique ext\u00e9rieure doit donc \u00eatre organis\u00e9e en cons\u00e9quence, afin de g\u00e9rer efficacement les nouvelles alliances th\u00e9matiques.<\/p>\n","protected":false},"featured_media":21893,"template":"","cat-theme":[74],"cat-axe":[],"class_list":["post-21892","blog","type-blog","status-publish","has-post-thumbnail","hentry","cat-theme-geopolitique"],"acf":[],"yoast_head":"<!-- This site is optimized with the Yoast SEO plugin v26.5 - https:\/\/yoast.com\/wordpress\/plugins\/seo\/ -->\n<title>Nouvelles alliances - Les Rencontres \u00c9conomiques<\/title>\n<meta name=\"robots\" content=\"index, follow, max-snippet:-1, max-image-preview:large, max-video-preview:-1\" \/>\n<link rel=\"canonical\" href=\"https:\/\/www.lesrencontreseconomiques.fr\/debats-idees\/nouvelles-alliances\/\" \/>\n<meta property=\"og:locale\" content=\"fr_FR\" \/>\n<meta property=\"og:type\" content=\"article\" \/>\n<meta property=\"og:description\" content=\"I. Un nouvel ordre mondial \u2013 une nouvelle complexit\u00e9 L\u2019ordre \u00e9conomique mondial auquel nous \u00e9tions habitu\u00e9s depuis la fin des ann\u00e9es 1990 semble se d\u00e9sagr\u00e9ger de plus en plus. M\u00eame si la forme que prendra ce nouvel ordre reste incertaine, il est \u00e9vident que l\u2019\u00e8re d\u2019un ordre multilat\u00e9ral mondial fond\u00e9 sur des r\u00e8gles touche \u00e0 [&hellip;]\" \/>\n<meta property=\"og:url\" content=\"https:\/\/www.lesrencontreseconomiques.fr\/debats-idees\/nouvelles-alliances\/\" \/>\n<meta property=\"og:site_name\" content=\"Les Rencontres \u00c9conomiques\" \/>\n<meta property=\"article:publisher\" content=\"https:\/\/www.facebook.com\/Le.Cercle.des.Economistes\/\" \/>\n<meta property=\"article:modified_time\" content=\"2025-06-19T12:35:45+00:00\" \/>\n<meta property=\"og:image\" content=\"https:\/\/www.lesrencontreseconomiques.fr\/wp-content\/uploads\/2025\/06\/AdobeStock_1387264977-1.jpeg\" \/>\n\t<meta property=\"og:image:width\" content=\"1600\" \/>\n\t<meta property=\"og:image:height\" content=\"883\" \/>\n\t<meta property=\"og:image:type\" content=\"image\/jpeg\" \/>\n<meta name=\"twitter:card\" content=\"summary_large_image\" \/>\n<meta name=\"twitter:site\" content=\"@Cercle_eco\" \/>\n<meta name=\"twitter:label1\" content=\"Dur\u00e9e de lecture estim\u00e9e\" \/>\n\t<meta name=\"twitter:data1\" content=\"8 minutes\" \/>\n<script type=\"application\/ld+json\" class=\"yoast-schema-graph\">{\"@context\":\"https:\/\/schema.org\",\"@graph\":[{\"@type\":\"WebPage\",\"@id\":\"https:\/\/www.lesrencontreseconomiques.fr\/debats-idees\/nouvelles-alliances\/\",\"url\":\"https:\/\/www.lesrencontreseconomiques.fr\/debats-idees\/nouvelles-alliances\/\",\"name\":\"Nouvelles alliances - Les Rencontres \u00c9conomiques\",\"isPartOf\":{\"@id\":\"https:\/\/www.lesrencontreseconomiques.fr\/#website\"},\"primaryImageOfPage\":{\"@id\":\"https:\/\/www.lesrencontreseconomiques.fr\/debats-idees\/nouvelles-alliances\/#primaryimage\"},\"image\":{\"@id\":\"https:\/\/www.lesrencontreseconomiques.fr\/debats-idees\/nouvelles-alliances\/#primaryimage\"},\"thumbnailUrl\":\"https:\/\/www.lesrencontreseconomiques.fr\/wp-content\/uploads\/2025\/06\/AdobeStock_1387264977-1.jpeg\",\"datePublished\":\"2025-06-19T12:35:43+00:00\",\"dateModified\":\"2025-06-19T12:35:45+00:00\",\"breadcrumb\":{\"@id\":\"https:\/\/www.lesrencontreseconomiques.fr\/debats-idees\/nouvelles-alliances\/#breadcrumb\"},\"inLanguage\":\"fr-FR\",\"potentialAction\":[{\"@type\":\"ReadAction\",\"target\":[\"https:\/\/www.lesrencontreseconomiques.fr\/debats-idees\/nouvelles-alliances\/\"]}]},{\"@type\":\"ImageObject\",\"inLanguage\":\"fr-FR\",\"@id\":\"https:\/\/www.lesrencontreseconomiques.fr\/debats-idees\/nouvelles-alliances\/#primaryimage\",\"url\":\"https:\/\/www.lesrencontreseconomiques.fr\/wp-content\/uploads\/2025\/06\/AdobeStock_1387264977-1.jpeg\",\"contentUrl\":\"https:\/\/www.lesrencontreseconomiques.fr\/wp-content\/uploads\/2025\/06\/AdobeStock_1387264977-1.jpeg\",\"width\":1600,\"height\":883},{\"@type\":\"BreadcrumbList\",\"@id\":\"https:\/\/www.lesrencontreseconomiques.fr\/debats-idees\/nouvelles-alliances\/#breadcrumb\",\"itemListElement\":[{\"@type\":\"ListItem\",\"position\":1,\"name\":\"Accueil\",\"item\":\"https:\/\/www.lesrencontreseconomiques.fr\/\"},{\"@type\":\"ListItem\",\"position\":2,\"name\":\"D\u00e9bats & Id\u00e9es\",\"item\":\"https:\/\/www.lesrencontreseconomiques.fr\/debats-idees\/\"},{\"@type\":\"ListItem\",\"position\":3,\"name\":\"Nouvelles alliances\"}]},{\"@type\":\"WebSite\",\"@id\":\"https:\/\/www.lesrencontreseconomiques.fr\/#website\",\"url\":\"https:\/\/www.lesrencontreseconomiques.fr\/\",\"name\":\"Les Rencontres \u00c9conomiques\",\"description\":\"\",\"potentialAction\":[{\"@type\":\"SearchAction\",\"target\":{\"@type\":\"EntryPoint\",\"urlTemplate\":\"https:\/\/www.lesrencontreseconomiques.fr\/?s={search_term_string}\"},\"query-input\":{\"@type\":\"PropertyValueSpecification\",\"valueRequired\":true,\"valueName\":\"search_term_string\"}}],\"inLanguage\":\"fr-FR\"}]}<\/script>\n<!-- \/ Yoast SEO plugin. -->","yoast_head_json":{"title":"Nouvelles alliances - Les Rencontres \u00c9conomiques","robots":{"index":"index","follow":"follow","max-snippet":"max-snippet:-1","max-image-preview":"max-image-preview:large","max-video-preview":"max-video-preview:-1"},"canonical":"https:\/\/www.lesrencontreseconomiques.fr\/debats-idees\/nouvelles-alliances\/","og_locale":"fr_FR","og_type":"article","og_description":"I. Un nouvel ordre mondial \u2013 une nouvelle complexit\u00e9 L\u2019ordre \u00e9conomique mondial auquel nous \u00e9tions habitu\u00e9s depuis la fin des ann\u00e9es 1990 semble se d\u00e9sagr\u00e9ger de plus en plus. M\u00eame si la forme que prendra ce nouvel ordre reste incertaine, il est \u00e9vident que l\u2019\u00e8re d\u2019un ordre multilat\u00e9ral mondial fond\u00e9 sur des r\u00e8gles touche \u00e0 [&hellip;]","og_url":"https:\/\/www.lesrencontreseconomiques.fr\/debats-idees\/nouvelles-alliances\/","og_site_name":"Les Rencontres \u00c9conomiques","article_publisher":"https:\/\/www.facebook.com\/Le.Cercle.des.Economistes\/","article_modified_time":"2025-06-19T12:35:45+00:00","og_image":[{"width":1600,"height":883,"url":"https:\/\/www.lesrencontreseconomiques.fr\/wp-content\/uploads\/2025\/06\/AdobeStock_1387264977-1.jpeg","type":"image\/jpeg"}],"twitter_card":"summary_large_image","twitter_site":"@Cercle_eco","twitter_misc":{"Dur\u00e9e de lecture estim\u00e9e":"8 minutes"},"schema":{"@context":"https:\/\/schema.org","@graph":[{"@type":"WebPage","@id":"https:\/\/www.lesrencontreseconomiques.fr\/debats-idees\/nouvelles-alliances\/","url":"https:\/\/www.lesrencontreseconomiques.fr\/debats-idees\/nouvelles-alliances\/","name":"Nouvelles alliances - Les Rencontres \u00c9conomiques","isPartOf":{"@id":"https:\/\/www.lesrencontreseconomiques.fr\/#website"},"primaryImageOfPage":{"@id":"https:\/\/www.lesrencontreseconomiques.fr\/debats-idees\/nouvelles-alliances\/#primaryimage"},"image":{"@id":"https:\/\/www.lesrencontreseconomiques.fr\/debats-idees\/nouvelles-alliances\/#primaryimage"},"thumbnailUrl":"https:\/\/www.lesrencontreseconomiques.fr\/wp-content\/uploads\/2025\/06\/AdobeStock_1387264977-1.jpeg","datePublished":"2025-06-19T12:35:43+00:00","dateModified":"2025-06-19T12:35:45+00:00","breadcrumb":{"@id":"https:\/\/www.lesrencontreseconomiques.fr\/debats-idees\/nouvelles-alliances\/#breadcrumb"},"inLanguage":"fr-FR","potentialAction":[{"@type":"ReadAction","target":["https:\/\/www.lesrencontreseconomiques.fr\/debats-idees\/nouvelles-alliances\/"]}]},{"@type":"ImageObject","inLanguage":"fr-FR","@id":"https:\/\/www.lesrencontreseconomiques.fr\/debats-idees\/nouvelles-alliances\/#primaryimage","url":"https:\/\/www.lesrencontreseconomiques.fr\/wp-content\/uploads\/2025\/06\/AdobeStock_1387264977-1.jpeg","contentUrl":"https:\/\/www.lesrencontreseconomiques.fr\/wp-content\/uploads\/2025\/06\/AdobeStock_1387264977-1.jpeg","width":1600,"height":883},{"@type":"BreadcrumbList","@id":"https:\/\/www.lesrencontreseconomiques.fr\/debats-idees\/nouvelles-alliances\/#breadcrumb","itemListElement":[{"@type":"ListItem","position":1,"name":"Accueil","item":"https:\/\/www.lesrencontreseconomiques.fr\/"},{"@type":"ListItem","position":2,"name":"D\u00e9bats & Id\u00e9es","item":"https:\/\/www.lesrencontreseconomiques.fr\/debats-idees\/"},{"@type":"ListItem","position":3,"name":"Nouvelles alliances"}]},{"@type":"WebSite","@id":"https:\/\/www.lesrencontreseconomiques.fr\/#website","url":"https:\/\/www.lesrencontreseconomiques.fr\/","name":"Les Rencontres \u00c9conomiques","description":"","potentialAction":[{"@type":"SearchAction","target":{"@type":"EntryPoint","urlTemplate":"https:\/\/www.lesrencontreseconomiques.fr\/?s={search_term_string}"},"query-input":{"@type":"PropertyValueSpecification","valueRequired":true,"valueName":"search_term_string"}}],"inLanguage":"fr-FR"}]}},"_links":{"self":[{"href":"https:\/\/www.lesrencontreseconomiques.fr\/wp-json\/wp\/v2\/blog\/21892","targetHints":{"allow":["GET"]}}],"collection":[{"href":"https:\/\/www.lesrencontreseconomiques.fr\/wp-json\/wp\/v2\/blog"}],"about":[{"href":"https:\/\/www.lesrencontreseconomiques.fr\/wp-json\/wp\/v2\/types\/blog"}],"wp:featuredmedia":[{"embeddable":true,"href":"https:\/\/www.lesrencontreseconomiques.fr\/wp-json\/wp\/v2\/media\/21893"}],"wp:attachment":[{"href":"https:\/\/www.lesrencontreseconomiques.fr\/wp-json\/wp\/v2\/media?parent=21892"}],"wp:term":[{"taxonomy":"cat-theme","embeddable":true,"href":"https:\/\/www.lesrencontreseconomiques.fr\/wp-json\/wp\/v2\/cat-theme?post=21892"},{"taxonomy":"cat-axe","embeddable":true,"href":"https:\/\/www.lesrencontreseconomiques.fr\/wp-json\/wp\/v2\/cat-axe?post=21892"}],"curies":[{"name":"wp","href":"https:\/\/api.w.org\/{rel}","templated":true}]}}