{"id":21782,"date":"2025-06-18T14:45:01","date_gmt":"2025-06-18T12:45:01","guid":{"rendered":"https:\/\/www.lesrencontreseconomiques.fr\/?post_type=blog&#038;p=21782"},"modified":"2025-06-18T14:49:06","modified_gmt":"2025-06-18T12:49:06","slug":"resilience-de-lamerique-latine-et-des-caraibes-reponses-regionales-aux-defis-mondiaux","status":"publish","type":"blog","link":"https:\/\/www.lesrencontreseconomiques.fr\/debats-idees\/resilience-de-lamerique-latine-et-des-caraibes-reponses-regionales-aux-defis-mondiaux\/","title":{"rendered":"R\u00e9silience de l\u2019Am\u00e9rique Latine et des Cara\u00efbes : R\u00e9ponses R\u00e9gionales aux D\u00e9fis Mondiaux"},"content":{"rendered":"\n<p><strong>Introduction<\/strong><\/p>\n\n\n\n<p>L\u2019Am\u00e9rique latine et les Cara\u00efbes (ALC) sont confront\u00e9es \u00e0 une combinaison persistante de probl\u00e8mes structurels et de d\u00e9fis \u00e9mergents qui ont frein\u00e9 leur d\u00e9veloppement. Parmi les principaux obstacles figurent la pauvret\u00e9, l\u2019exclusion, la corruption, l\u2019endettement, la violence et l\u2019instabilit\u00e9 politique, aggrav\u00e9s par des ph\u00e9nom\u00e8nes mondiaux tels que la polarisation internationale, la rupture des cha\u00eenes d\u2019approvisionnement, le changement climatique, la criminalit\u00e9 transnationale et les effets durables de la pand\u00e9mie de COVID-19.<\/p>\n\n\n\n<div style=\"height:12px\" aria-hidden=\"true\" class=\"wp-block-spacer\"><\/div>\n\n\n\n<p><strong>Transformations d\u00e9mographiques<\/strong><\/p>\n\n\n\n<p>Avec 663 millions d\u2019habitants (CEPALC, 2024), l\u2019ALC repr\u00e9sente un peu plus de 8 % de la population mondiale. La r\u00e9gion a connu une transition d\u00e9mographique inattendue, qui a accentu\u00e9 les in\u00e9galit\u00e9s structurelles : la proportion de la population de moins de 15 ans est pass\u00e9e de 41 % en 1950 \u00e0 22,5 % en 2024, tandis que la tranche d\u2019\u00e2ge des 15-64 ans a atteint 67,6 %. Le taux de f\u00e9condit\u00e9 a chut\u00e9 \u00e0 1,7 enfant par femme, en dessous du seuil de remplacement (2,1). L\u2019esp\u00e9rance de vie est de 78,9 ans pour les femmes et de 72,6 ans pour les hommes (2020).<\/p>\n\n\n\n<div style=\"height:12px\" aria-hidden=\"true\" class=\"wp-block-spacer\"><\/div>\n\n\n\n<p><strong>Performance \u00e9conomique r\u00e9gionale<\/strong><\/p>\n\n\n\n<p>Entre 2015 et 2024, la croissance \u00e9conomique de la r\u00e9gion a \u00e9t\u00e9 faible (0,9 % en moyenne annuelle), avec une projection de 1,8 % pour 2025. Par sous-r\u00e9gion : l\u2019Am\u00e9rique du Sud devrait cro\u00eetre de 1,5 %, l\u2019Am\u00e9rique centrale et le Mexique de 2,2 %, et les Cara\u00efbes (hors Guyana) de 2,6 %. Les causes incluent une capacit\u00e9 fiscale limit\u00e9e, la volatilit\u00e9 des prix des mati\u00e8res premi\u00e8res, une faible productivit\u00e9 et un faible niveau d\u2019investissement, ainsi que des tensions g\u00e9opolitiques. En 2024, les recettes fiscales moyennes repr\u00e9sentaient 18,6 % du PIB, \u00e0 peine mieux qu\u2019en 2023.<\/p>\n\n\n\n<div style=\"height:12px\" aria-hidden=\"true\" class=\"wp-block-spacer\"><\/div>\n\n\n\n<p><strong>Migration et vuln\u00e9rabilit\u00e9 sociale<\/strong><\/p>\n\n\n\n<p>Le nombre d\u2019immigr\u00e9s en ALC a doubl\u00e9, passant de 7 millions (1990) \u00e0 pr\u00e8s de 15 millions (2020). En 2024, environ 1,39 million de personnes originaires de 177 pays ont travers\u00e9 le Mexique en direction des \u00c9tats-Unis, notamment des ressortissants du Venezuela, du Guatemala, du Honduras, de l\u2019\u00c9quateur et d\u2019Ha\u00efti. La migration est le reflet non seulement de la pauvret\u00e9 et de la violence, mais aussi de l\u2019\u00e9chec des syst\u00e8mes politiques et \u00e9conomiques \u00e0 garantir des conditions de vie dignes.<\/p>\n\n\n\n<div style=\"height:12px\" aria-hidden=\"true\" class=\"wp-block-spacer\"><\/div>\n\n\n\n<p><strong>D\u00e9mocratie et processus \u00e9lectoraux<\/strong><\/p>\n\n\n\n<p>En 2024, des \u00e9lections pr\u00e9sidentielles ont eu lieu dans six pays : la continuit\u00e9 a \u00e9t\u00e9 assur\u00e9e au Salvador, au Mexique, en R\u00e9publique dominicaine et au Venezuela, tandis que le Panama et l\u2019Uruguay ont choisi l\u2019alternance. Lors des \u00e9lections infranationales au Br\u00e9sil, au Costa Rica, au Chili et au Mexique, une faible repr\u00e9sentation f\u00e9minine a \u00e9t\u00e9 constat\u00e9e. Des \u00e9lections sont pr\u00e9vues en 2025 en Bolivie, au Chili, en \u00c9quateur, en Ha\u00efti, au Honduras et au Guyana. L\u2019ALC compte l\u2019une des plus fortes proportions de population vivant sous des r\u00e9gimes d\u00e9mocratiques \u00e9lectoraux (62 %), bien que le populisme et les tensions institutionnelles soient tr\u00e8s pr\u00e9sents.<\/p>\n\n\n\n<div style=\"height:12px\" aria-hidden=\"true\" class=\"wp-block-spacer\"><\/div>\n\n\n\n<p><strong>Paix r\u00e9gionale<\/strong><\/p>\n\n\n\n<p>La r\u00e9gion conserve une vocation pacifiste formelle, exprim\u00e9e par le Trait\u00e9 de Tlatelolco (1967) et la Proclamation de la CELAC comme Zone de Paix (2014). Toutefois, elle n\u2019est pas exempte de conflits diplomatiques et de tensions politiques internes.<\/p>\n\n\n\n<div style=\"height:12px\" aria-hidden=\"true\" class=\"wp-block-spacer\"><\/div>\n\n\n\n<p><strong>Relations avec les \u00c9tats-Unis et la Chine<\/strong><\/p>\n\n\n\n<p>La politique am\u00e9ricaine s\u2019est orient\u00e9e vers le protectionnisme et la pression unilat\u00e9rale, avec des tarifs douaniers, des sanctions et des mesures anti-immigration, dans le cadre de l\u2019id\u00e9ologie \u00ab America First \u00bb et de la r\u00e9activation de la Doctrine Monroe. En revanche, la Chine a renforc\u00e9 son r\u00f4le dans l\u2019ALC en tant que partenaire commercial et financier, notamment avec le Br\u00e9sil, l\u2019Argentine, le Chili et le P\u00e9rou. Par le biais de l\u2019Initiative de la Ceinture et de la Route (BRI), plus de 20 pays ont re\u00e7u des investissements dans les infrastructures et l\u2019\u00e9nergie. Toutefois, cette relation comporte des risques de d\u00e9pendance et exige une diversification de la coop\u00e9ration vers la science, l\u2019innovation et les \u00e9nergies propres.<\/p>\n\n\n\n<div style=\"height:12px\" aria-hidden=\"true\" class=\"wp-block-spacer\"><\/div>\n\n\n\n<p><strong>Transition \u00e9nerg\u00e9tique : opportunit\u00e9s et d\u00e9fis<\/strong><\/p>\n\n\n\n<p>L\u2019ALC dispose de conditions exceptionnelles pour diriger la transition \u00e9nerg\u00e9tique, gr\u00e2ce \u00e0 son potentiel solaire, \u00e9olien, hydro\u00e9lectrique et g\u00e9othermique. Cependant, la r\u00e9gion d\u00e9pend encore fortement des hydrocarbures fossiles. Pour avancer, il est n\u00e9cessaire d\u2019investir dans les infrastructures, d\u2019am\u00e9liorer les contrats miniers, de respecter les communaut\u00e9s locales, et de garantir l\u2019acc\u00e8s au financement et aux technologies propres. La participation locale dans les cha\u00eenes de valeur des technologies vertes (comme les batteries pour v\u00e9hicules \u00e9lectriques) est essentielle.<\/p>\n\n\n\n<div style=\"height:12px\" aria-hidden=\"true\" class=\"wp-block-spacer\"><\/div>\n\n\n\n<p><strong>Organismes multilat\u00e9raux r\u00e9gionaux<\/strong><\/p>\n\n\n\n<p>La r\u00e9gion compte l\u2019un des plus grands nombres d\u2019organismes multilat\u00e9raux, dont beaucoup se sont r\u00e9v\u00e9l\u00e9s peu efficaces. La CELAC, l\u2019OEA, le MERCOSUR, l\u2019Alliance du Pacifique, l\u2019OLADE et la CARICOM sont confront\u00e9s \u00e0 des limitations institutionnelles et politiques. Leur renforcement exige une volont\u00e9 politique, des d\u00e9cisions inclusives et une int\u00e9gration fond\u00e9e sur des objectifs communs. \u00c0 l\u2019heure actuelle, leur fragmentation rend difficile l\u2019\u00e9laboration de r\u00e9ponses r\u00e9gionales coordonn\u00e9es face aux d\u00e9fis mondiaux.<\/p>\n\n\n\n<div style=\"height:12px\" aria-hidden=\"true\" class=\"wp-block-spacer\"><\/div>\n\n\n\n<p><strong>Pr\u00e9sence europ\u00e9enne et nouveaux acteurs<\/strong><\/p>\n\n\n\n<p>Outre les \u00c9tats-Unis et la Chine, des puissances europ\u00e9ennes comme la France, le Royaume-Uni et les Pays-Bas maintiennent une pr\u00e9sence dans la r\u00e9gion, notamment dans les Cara\u00efbes. La France participe en tant qu\u2019observateur \u00e0 la CARICOM, en soutenant des initiatives environnementales et \u00e9ducatives. Le Royaume-Uni conserve des liens avec cinq territoires carib\u00e9ens, et les Pays-Bas avec six \u00eeles et trois municipalit\u00e9s sp\u00e9ciales, par le biais de l\u2019aide au d\u00e9veloppement et de la coop\u00e9ration en mati\u00e8re de s\u00e9curit\u00e9.<\/p>\n\n\n\n<div style=\"height:12px\" aria-hidden=\"true\" class=\"wp-block-spacer\"><\/div>\n\n\n\n<p><strong>Conclusion<\/strong><\/p>\n\n\n\n<p>L\u2019ALC est confront\u00e9e \u00e0 une agenda complexe, o\u00f9 se croisent d\u00e9fis structurels et mutations mondiales. La r\u00e9silience r\u00e9gionale n\u00e9cessite des alliances strat\u00e9giques avec des acteurs globaux, des progr\u00e8s concrets dans la mise en \u0153uvre des ODD, une transition \u00e9nerg\u00e9tique juste, et un renforcement des m\u00e9canismes multilat\u00e9raux. Cependant, l\u2019absence de leadership r\u00e9gional \u2014 ni le Br\u00e9sil ni le Mexique ne parviennent \u00e0 conduire un processus d\u2019int\u00e9gration \u2014 affaiblit les perspectives de coop\u00e9ration. La r\u00e9gion a besoin d\u2019investissements accessibles et de transferts technologiques pour accro\u00eetre la valeur ajout\u00e9e de ses exportations et r\u00e9duire sa vuln\u00e9rabilit\u00e9 g\u00e9opolitique. Gr\u00e2ce \u00e0 des accords respectueux de la souverainet\u00e9 et \u00e0 une coop\u00e9ration horizontale efficace, l\u2019ALC peut se projeter comme une r\u00e9gion plus juste, plus int\u00e9gr\u00e9e et plus comp\u00e9titive.<\/p>\n","protected":false},"featured_media":21783,"template":"","cat-theme":[74],"cat-axe":[],"class_list":["post-21782","blog","type-blog","status-publish","has-post-thumbnail","hentry","cat-theme-geopolitique"],"acf":[],"yoast_head":"<!-- This site is optimized with the Yoast SEO plugin v26.5 - https:\/\/yoast.com\/wordpress\/plugins\/seo\/ -->\n<title>R\u00e9silience de l\u2019Am\u00e9rique Latine et des Cara\u00efbes : R\u00e9ponses R\u00e9gionales aux D\u00e9fis Mondiaux - Les Rencontres \u00c9conomiques<\/title>\n<meta name=\"robots\" content=\"index, follow, max-snippet:-1, max-image-preview:large, max-video-preview:-1\" \/>\n<link rel=\"canonical\" href=\"https:\/\/www.lesrencontreseconomiques.fr\/debats-idees\/resilience-de-lamerique-latine-et-des-caraibes-reponses-regionales-aux-defis-mondiaux\/\" \/>\n<meta property=\"og:locale\" content=\"fr_FR\" \/>\n<meta property=\"og:type\" content=\"article\" \/>\n<meta property=\"og:description\" content=\"Introduction L\u2019Am\u00e9rique latine et les Cara\u00efbes (ALC) sont confront\u00e9es \u00e0 une combinaison persistante de probl\u00e8mes structurels et de d\u00e9fis \u00e9mergents qui ont frein\u00e9 leur d\u00e9veloppement. Parmi les principaux obstacles figurent la pauvret\u00e9, l\u2019exclusion, la corruption, l\u2019endettement, la violence et l\u2019instabilit\u00e9 politique, aggrav\u00e9s par des ph\u00e9nom\u00e8nes mondiaux tels que la polarisation internationale, la rupture des cha\u00eenes [&hellip;]\" \/>\n<meta property=\"og:url\" content=\"https:\/\/www.lesrencontreseconomiques.fr\/debats-idees\/resilience-de-lamerique-latine-et-des-caraibes-reponses-regionales-aux-defis-mondiaux\/\" \/>\n<meta property=\"og:site_name\" content=\"Les Rencontres \u00c9conomiques\" \/>\n<meta property=\"article:publisher\" content=\"https:\/\/www.facebook.com\/Le.Cercle.des.Economistes\/\" \/>\n<meta property=\"article:modified_time\" content=\"2025-06-18T12:49:06+00:00\" \/>\n<meta property=\"og:image\" content=\"https:\/\/www.lesrencontreseconomiques.fr\/wp-content\/uploads\/2025\/06\/AdobeStock_1229858875.jpeg\" \/>\n\t<meta property=\"og:image:width\" content=\"1600\" \/>\n\t<meta property=\"og:image:height\" content=\"897\" \/>\n\t<meta property=\"og:image:type\" content=\"image\/jpeg\" \/>\n<meta name=\"twitter:card\" content=\"summary_large_image\" \/>\n<meta name=\"twitter:site\" content=\"@Cercle_eco\" \/>\n<meta name=\"twitter:label1\" content=\"Dur\u00e9e de lecture estim\u00e9e\" \/>\n\t<meta name=\"twitter:data1\" content=\"6 minutes\" \/>\n<script type=\"application\/ld+json\" class=\"yoast-schema-graph\">{\"@context\":\"https:\/\/schema.org\",\"@graph\":[{\"@type\":\"WebPage\",\"@id\":\"https:\/\/www.lesrencontreseconomiques.fr\/debats-idees\/resilience-de-lamerique-latine-et-des-caraibes-reponses-regionales-aux-defis-mondiaux\/\",\"url\":\"https:\/\/www.lesrencontreseconomiques.fr\/debats-idees\/resilience-de-lamerique-latine-et-des-caraibes-reponses-regionales-aux-defis-mondiaux\/\",\"name\":\"R\u00e9silience de l\u2019Am\u00e9rique Latine et des Cara\u00efbes : R\u00e9ponses R\u00e9gionales aux D\u00e9fis Mondiaux - Les Rencontres \u00c9conomiques\",\"isPartOf\":{\"@id\":\"https:\/\/www.lesrencontreseconomiques.fr\/#website\"},\"primaryImageOfPage\":{\"@id\":\"https:\/\/www.lesrencontreseconomiques.fr\/debats-idees\/resilience-de-lamerique-latine-et-des-caraibes-reponses-regionales-aux-defis-mondiaux\/#primaryimage\"},\"image\":{\"@id\":\"https:\/\/www.lesrencontreseconomiques.fr\/debats-idees\/resilience-de-lamerique-latine-et-des-caraibes-reponses-regionales-aux-defis-mondiaux\/#primaryimage\"},\"thumbnailUrl\":\"https:\/\/www.lesrencontreseconomiques.fr\/wp-content\/uploads\/2025\/06\/AdobeStock_1229858875.jpeg\",\"datePublished\":\"2025-06-18T12:45:01+00:00\",\"dateModified\":\"2025-06-18T12:49:06+00:00\",\"breadcrumb\":{\"@id\":\"https:\/\/www.lesrencontreseconomiques.fr\/debats-idees\/resilience-de-lamerique-latine-et-des-caraibes-reponses-regionales-aux-defis-mondiaux\/#breadcrumb\"},\"inLanguage\":\"fr-FR\",\"potentialAction\":[{\"@type\":\"ReadAction\",\"target\":[\"https:\/\/www.lesrencontreseconomiques.fr\/debats-idees\/resilience-de-lamerique-latine-et-des-caraibes-reponses-regionales-aux-defis-mondiaux\/\"]}]},{\"@type\":\"ImageObject\",\"inLanguage\":\"fr-FR\",\"@id\":\"https:\/\/www.lesrencontreseconomiques.fr\/debats-idees\/resilience-de-lamerique-latine-et-des-caraibes-reponses-regionales-aux-defis-mondiaux\/#primaryimage\",\"url\":\"https:\/\/www.lesrencontreseconomiques.fr\/wp-content\/uploads\/2025\/06\/AdobeStock_1229858875.jpeg\",\"contentUrl\":\"https:\/\/www.lesrencontreseconomiques.fr\/wp-content\/uploads\/2025\/06\/AdobeStock_1229858875.jpeg\",\"width\":1600,\"height\":897},{\"@type\":\"BreadcrumbList\",\"@id\":\"https:\/\/www.lesrencontreseconomiques.fr\/debats-idees\/resilience-de-lamerique-latine-et-des-caraibes-reponses-regionales-aux-defis-mondiaux\/#breadcrumb\",\"itemListElement\":[{\"@type\":\"ListItem\",\"position\":1,\"name\":\"Accueil\",\"item\":\"https:\/\/www.lesrencontreseconomiques.fr\/\"},{\"@type\":\"ListItem\",\"position\":2,\"name\":\"D\u00e9bats & Id\u00e9es\",\"item\":\"https:\/\/www.lesrencontreseconomiques.fr\/debats-idees\/\"},{\"@type\":\"ListItem\",\"position\":3,\"name\":\"R\u00e9silience de l\u2019Am\u00e9rique Latine et des Cara\u00efbes : R\u00e9ponses R\u00e9gionales aux D\u00e9fis Mondiaux\"}]},{\"@type\":\"WebSite\",\"@id\":\"https:\/\/www.lesrencontreseconomiques.fr\/#website\",\"url\":\"https:\/\/www.lesrencontreseconomiques.fr\/\",\"name\":\"Les Rencontres \u00c9conomiques\",\"description\":\"\",\"potentialAction\":[{\"@type\":\"SearchAction\",\"target\":{\"@type\":\"EntryPoint\",\"urlTemplate\":\"https:\/\/www.lesrencontreseconomiques.fr\/?s={search_term_string}\"},\"query-input\":{\"@type\":\"PropertyValueSpecification\",\"valueRequired\":true,\"valueName\":\"search_term_string\"}}],\"inLanguage\":\"fr-FR\"}]}<\/script>\n<!-- \/ Yoast SEO plugin. -->","yoast_head_json":{"title":"R\u00e9silience de l\u2019Am\u00e9rique Latine et des Cara\u00efbes : R\u00e9ponses R\u00e9gionales aux D\u00e9fis Mondiaux - Les Rencontres \u00c9conomiques","robots":{"index":"index","follow":"follow","max-snippet":"max-snippet:-1","max-image-preview":"max-image-preview:large","max-video-preview":"max-video-preview:-1"},"canonical":"https:\/\/www.lesrencontreseconomiques.fr\/debats-idees\/resilience-de-lamerique-latine-et-des-caraibes-reponses-regionales-aux-defis-mondiaux\/","og_locale":"fr_FR","og_type":"article","og_description":"Introduction L\u2019Am\u00e9rique latine et les Cara\u00efbes (ALC) sont confront\u00e9es \u00e0 une combinaison persistante de probl\u00e8mes structurels et de d\u00e9fis \u00e9mergents qui ont frein\u00e9 leur d\u00e9veloppement. Parmi les principaux obstacles figurent la pauvret\u00e9, l\u2019exclusion, la corruption, l\u2019endettement, la violence et l\u2019instabilit\u00e9 politique, aggrav\u00e9s par des ph\u00e9nom\u00e8nes mondiaux tels que la polarisation internationale, la rupture des cha\u00eenes [&hellip;]","og_url":"https:\/\/www.lesrencontreseconomiques.fr\/debats-idees\/resilience-de-lamerique-latine-et-des-caraibes-reponses-regionales-aux-defis-mondiaux\/","og_site_name":"Les Rencontres \u00c9conomiques","article_publisher":"https:\/\/www.facebook.com\/Le.Cercle.des.Economistes\/","article_modified_time":"2025-06-18T12:49:06+00:00","og_image":[{"width":1600,"height":897,"url":"https:\/\/www.lesrencontreseconomiques.fr\/wp-content\/uploads\/2025\/06\/AdobeStock_1229858875.jpeg","type":"image\/jpeg"}],"twitter_card":"summary_large_image","twitter_site":"@Cercle_eco","twitter_misc":{"Dur\u00e9e de lecture estim\u00e9e":"6 minutes"},"schema":{"@context":"https:\/\/schema.org","@graph":[{"@type":"WebPage","@id":"https:\/\/www.lesrencontreseconomiques.fr\/debats-idees\/resilience-de-lamerique-latine-et-des-caraibes-reponses-regionales-aux-defis-mondiaux\/","url":"https:\/\/www.lesrencontreseconomiques.fr\/debats-idees\/resilience-de-lamerique-latine-et-des-caraibes-reponses-regionales-aux-defis-mondiaux\/","name":"R\u00e9silience de l\u2019Am\u00e9rique Latine et des Cara\u00efbes : R\u00e9ponses R\u00e9gionales aux D\u00e9fis Mondiaux - Les Rencontres \u00c9conomiques","isPartOf":{"@id":"https:\/\/www.lesrencontreseconomiques.fr\/#website"},"primaryImageOfPage":{"@id":"https:\/\/www.lesrencontreseconomiques.fr\/debats-idees\/resilience-de-lamerique-latine-et-des-caraibes-reponses-regionales-aux-defis-mondiaux\/#primaryimage"},"image":{"@id":"https:\/\/www.lesrencontreseconomiques.fr\/debats-idees\/resilience-de-lamerique-latine-et-des-caraibes-reponses-regionales-aux-defis-mondiaux\/#primaryimage"},"thumbnailUrl":"https:\/\/www.lesrencontreseconomiques.fr\/wp-content\/uploads\/2025\/06\/AdobeStock_1229858875.jpeg","datePublished":"2025-06-18T12:45:01+00:00","dateModified":"2025-06-18T12:49:06+00:00","breadcrumb":{"@id":"https:\/\/www.lesrencontreseconomiques.fr\/debats-idees\/resilience-de-lamerique-latine-et-des-caraibes-reponses-regionales-aux-defis-mondiaux\/#breadcrumb"},"inLanguage":"fr-FR","potentialAction":[{"@type":"ReadAction","target":["https:\/\/www.lesrencontreseconomiques.fr\/debats-idees\/resilience-de-lamerique-latine-et-des-caraibes-reponses-regionales-aux-defis-mondiaux\/"]}]},{"@type":"ImageObject","inLanguage":"fr-FR","@id":"https:\/\/www.lesrencontreseconomiques.fr\/debats-idees\/resilience-de-lamerique-latine-et-des-caraibes-reponses-regionales-aux-defis-mondiaux\/#primaryimage","url":"https:\/\/www.lesrencontreseconomiques.fr\/wp-content\/uploads\/2025\/06\/AdobeStock_1229858875.jpeg","contentUrl":"https:\/\/www.lesrencontreseconomiques.fr\/wp-content\/uploads\/2025\/06\/AdobeStock_1229858875.jpeg","width":1600,"height":897},{"@type":"BreadcrumbList","@id":"https:\/\/www.lesrencontreseconomiques.fr\/debats-idees\/resilience-de-lamerique-latine-et-des-caraibes-reponses-regionales-aux-defis-mondiaux\/#breadcrumb","itemListElement":[{"@type":"ListItem","position":1,"name":"Accueil","item":"https:\/\/www.lesrencontreseconomiques.fr\/"},{"@type":"ListItem","position":2,"name":"D\u00e9bats & Id\u00e9es","item":"https:\/\/www.lesrencontreseconomiques.fr\/debats-idees\/"},{"@type":"ListItem","position":3,"name":"R\u00e9silience de l\u2019Am\u00e9rique Latine et des Cara\u00efbes : R\u00e9ponses R\u00e9gionales aux D\u00e9fis Mondiaux"}]},{"@type":"WebSite","@id":"https:\/\/www.lesrencontreseconomiques.fr\/#website","url":"https:\/\/www.lesrencontreseconomiques.fr\/","name":"Les Rencontres \u00c9conomiques","description":"","potentialAction":[{"@type":"SearchAction","target":{"@type":"EntryPoint","urlTemplate":"https:\/\/www.lesrencontreseconomiques.fr\/?s={search_term_string}"},"query-input":{"@type":"PropertyValueSpecification","valueRequired":true,"valueName":"search_term_string"}}],"inLanguage":"fr-FR"}]}},"_links":{"self":[{"href":"https:\/\/www.lesrencontreseconomiques.fr\/wp-json\/wp\/v2\/blog\/21782","targetHints":{"allow":["GET"]}}],"collection":[{"href":"https:\/\/www.lesrencontreseconomiques.fr\/wp-json\/wp\/v2\/blog"}],"about":[{"href":"https:\/\/www.lesrencontreseconomiques.fr\/wp-json\/wp\/v2\/types\/blog"}],"wp:featuredmedia":[{"embeddable":true,"href":"https:\/\/www.lesrencontreseconomiques.fr\/wp-json\/wp\/v2\/media\/21783"}],"wp:attachment":[{"href":"https:\/\/www.lesrencontreseconomiques.fr\/wp-json\/wp\/v2\/media?parent=21782"}],"wp:term":[{"taxonomy":"cat-theme","embeddable":true,"href":"https:\/\/www.lesrencontreseconomiques.fr\/wp-json\/wp\/v2\/cat-theme?post=21782"},{"taxonomy":"cat-axe","embeddable":true,"href":"https:\/\/www.lesrencontreseconomiques.fr\/wp-json\/wp\/v2\/cat-axe?post=21782"}],"curies":[{"name":"wp","href":"https:\/\/api.w.org\/{rel}","templated":true}]}}