{"id":21769,"date":"2025-06-18T14:35:51","date_gmt":"2025-06-18T12:35:51","guid":{"rendered":"https:\/\/www.lesrencontreseconomiques.fr\/?post_type=blog&#038;p=21769"},"modified":"2025-06-18T14:35:53","modified_gmt":"2025-06-18T12:35:53","slug":"la-rse-a-lepreuve-des-crises","status":"publish","type":"blog","link":"https:\/\/www.lesrencontreseconomiques.fr\/debats-idees\/la-rse-a-lepreuve-des-crises\/","title":{"rendered":"\u00ab\u00a0La RSE \u00e0 l\u2019\u00e9preuve des crises\u00a0\u00bb\u00a0"},"content":{"rendered":"\n<p>En p\u00e9riode de crise, la RSE reste-t-elle une priorit\u00e9 pour les entreprises ?&nbsp;La crise sanitaire de 2020 avait suscit\u00e9 une prise de conscience \u00e9cologique, mais les conflits et les troubles g\u00e9opolitiques survenus depuis 2022 ont conduit \u00e0 une p\u00e9riode d\u2019inflation et d\u2019instabilit\u00e9 \u00e9conomique qui a fait passer les pr\u00e9occupations sociales et environnementales des entreprises au second plan, se mat\u00e9rialisant par le report voire l\u2019arr\u00eat de leurs investissements.&nbsp;<\/p>\n\n\n\n<p>La RSE semble pourtant une exigence strat\u00e9gique indiscutable&nbsp;: les investisseurs int\u00e8grent de plus en plus les crit\u00e8res ESG (environnementaux, sociaux et de gouvernance) dans leurs d\u00e9cisions, les consommateurs manifestent des attentes croissantes et de nouvelles obligations l\u00e9gales apparaissent, comme la CSRD (Corporate Sustainability Reporting Directive) qui s\u2019impose depuis 2025 \u00e0 des milliers d\u2019entreprises.<\/p>\n\n\n\n<div style=\"height:10px\" aria-hidden=\"true\" class=\"wp-block-spacer\"><\/div>\n\n\n\n<p>On assiste en fait \u00e0&nbsp;des mouvements contradictoires&nbsp;: plus d\u2019attentes et de r\u00e9glementations d\u2019une part, diffusion d\u2019un climat anti-\u00e9cologique et anti-social au niveau mondial d\u2019autre part.&nbsp;<\/p>\n\n\n\n<p>D\u2019apr\u00e8s&nbsp;<a href=\"https:\/\/www.bain.com\/globalassets\/noindex\/2024\/bain_report_the_visionary_ceos_guide_to_sustainability-2024.pdf\" target=\"_blank\" rel=\"noreferrer noopener\">le dernier barom\u00e8tre du cabinet Bain &amp; Company<\/a>&nbsp;de 2024, la pr\u00e9occupation pour la transition \u00e9cologique et sociale a baiss\u00e9 de pr\u00e8s de 30% chez les dirigeants \u00e9conomiques, retrouvant ses niveaux d&rsquo;avant Covid. L&rsquo;inflation, l&rsquo;instabilit\u00e9 \u00e9conomique et g\u00e9opolitique, les mutations li\u00e9es \u00e0 l&rsquo;intelligence artificielle font passer les enjeux de soutenabilit\u00e9 au second plan.<\/p>\n\n\n\n<div style=\"height:10px\" aria-hidden=\"true\" class=\"wp-block-spacer\"><\/div>\n\n\n\n<p>Est-ce un bon calcul de la part des entreprises\u00a0? Divers travaux montrent qu\u2019un backlash \u00e9cologique constitue une double erreur strat\u00e9gique. Tout d\u2019abord, le d\u00e9r\u00e8glement climatique et les in\u00e9galit\u00e9s sociales ont des cons\u00e9quences \u00e9conomiques n\u00e9fastes, \u00e0 court et \u00e0 long terme. Les inondations (celles de Valence en Espagne ou du nord de la France) ou au contraire la s\u00e9cheresse dans le sud, les mouvements sociaux ont un co\u00fbt \u00e9conomique. Une vision \u00e9troite et court-termiste est donc un mauvais calcul.<\/p>\n\n\n\n<p>Ensuite, les engagements et pratiques RSE permettent aux entreprises d\u2019\u00eatre plus r\u00e9silientes. Dans un environnement turbulent marqu\u00e9 par des crises, les entreprises doivent faire preuve de r\u00e9silience organisationnelle, c\u2019est-\u00e0-dire qu\u2019elles doivent d\u00e9velopper une capacit\u00e9 de reconstruction continue qui repose sur des capacit\u00e9s collectives. Diff\u00e9rents travaux montrent que les entreprises effectivement responsables sont aussi plus r\u00e9silientes, notamment par la confiance qu\u2019elles suscitent aupr\u00e8s de leurs parties prenantes.&nbsp;<\/p>\n\n\n\n<div style=\"height:10px\" aria-hidden=\"true\" class=\"wp-block-spacer\"><\/div>\n\n\n\n<p>Se pose alors une deuxi\u00e8me question. Comment s\u2019assurer que la RSE ne se limite pas \u00e0 un discours, mais devienne un v\u00e9ritable levier de transformation, m\u00eame en temps de turbulence ?\u00a0Ce recul de la RSE en p\u00e9riode de crise traduit sa fragilit\u00e9 et interroge sa nature m\u00eame. De quelle RSE parle-t-on en r\u00e9alit\u00e9\u00a0? En fait il y a plusieurs approches en la mati\u00e8re. Pour reprendre les termes d\u2019Yvon Pesqueux, on peut sch\u00e9matiquement opposer une \u00ab\u00a0vieille\u00a0\u00bb RSE inscrite dans un paradigme de \u00ab\u00a0soutenabilit\u00e9 faible\u00a0\u00bb (celui du business AND society o\u00f9 la vie des affaires est envisag\u00e9e \u00e0 c\u00f4t\u00e9 de la soci\u00e9t\u00e9), et une RSE qui \u00e9merge apr\u00e8s la COP 21, inscrite dans un paradigme de \u00ab\u00a0soutenabilit\u00e9 forte\u00a0\u00bb qui invite \u00e0 remettre l\u2019\u00e9conomie au service de la soci\u00e9t\u00e9, dans une logique Business IN Society.\u00a0<\/p>\n\n\n\n<p>Tant que les strat\u00e9gies RSE des entreprises s\u2019inscriront dans un paradigme de \u00ab&nbsp;soutenabilit\u00e9 faible&nbsp;\u00bb tir\u00e9 par leur soutenabilit\u00e9 \u00e9conomique, elles seront fragilis\u00e9es par la moindre crise et ne pourront pas \u00eatre un levier de transformation.&nbsp;<\/p>\n\n\n\n<p>La RSE est donc \u00e0 la fois la solution mais aussi le probl\u00e8me. En restant un discours, elle masque l\u2019ampleur des transformations \u00e0 op\u00e9rer et les r\u00e9glementations comme la CSRD peuvent se limiter \u00e0 des instruments de reporting et de communication sans capacit\u00e9 de transformation.<\/p>\n\n\n\n<p>Changer de paradigme exige de remettre en question la finalit\u00e9 d\u2019un syst\u00e8me \u00e9conomique fond\u00e9 sur la recherche infinie de croissance incompatible avec les limites plan\u00e9taires.&nbsp;<\/p>\n\n\n\n<p>Cela suppose de repenser les mod\u00e8les d\u2019affaires des entreprises (quelle valeur veut-on cr\u00e9er&nbsp;?), et d\u2019adopter des modes de gouvernance et de management qui garantissent la concertation entre toutes les parties prenantes. Il faut donc clairement repenser le r\u00f4le des entreprises dans la soci\u00e9t\u00e9. Et l\u00e0 le r\u00f4le du politique est essentiel. Car il faut accompagner les entreprises dans leur transformation. Les normes doivent \u00eatre appliqu\u00e9es, des sanctions doivent \u00eatre prises. Il faut surtout \u00e9duquer, former, soutenir, prot\u00e9ger les initiatives, et promouvoir les mod\u00e8les vertueux.&nbsp;<\/p>\n","protected":false},"featured_media":21781,"template":"","cat-theme":[69],"cat-axe":[],"class_list":["post-21769","blog","type-blog","status-publish","has-post-thumbnail","hentry","cat-theme-environnement"],"acf":[],"yoast_head":"<!-- This site is optimized with the Yoast SEO plugin v26.5 - https:\/\/yoast.com\/wordpress\/plugins\/seo\/ -->\n<title>\u00ab\u00a0La RSE \u00e0 l\u2019\u00e9preuve des crises\u00a0\u00bb\u00a0 - Les Rencontres \u00c9conomiques<\/title>\n<meta name=\"robots\" content=\"index, follow, max-snippet:-1, max-image-preview:large, max-video-preview:-1\" \/>\n<link rel=\"canonical\" href=\"https:\/\/www.lesrencontreseconomiques.fr\/debats-idees\/la-rse-a-lepreuve-des-crises\/\" \/>\n<meta property=\"og:locale\" content=\"fr_FR\" \/>\n<meta property=\"og:type\" content=\"article\" \/>\n<meta property=\"og:description\" content=\"En p\u00e9riode de crise, la RSE reste-t-elle une priorit\u00e9 pour les entreprises ?&nbsp;La crise sanitaire de 2020 avait suscit\u00e9 une prise de conscience \u00e9cologique, mais les conflits et les troubles g\u00e9opolitiques survenus depuis 2022 ont conduit \u00e0 une p\u00e9riode d\u2019inflation et d\u2019instabilit\u00e9 \u00e9conomique qui a fait passer les pr\u00e9occupations sociales et environnementales des entreprises au [&hellip;]\" \/>\n<meta property=\"og:url\" content=\"https:\/\/www.lesrencontreseconomiques.fr\/debats-idees\/la-rse-a-lepreuve-des-crises\/\" \/>\n<meta property=\"og:site_name\" content=\"Les Rencontres \u00c9conomiques\" \/>\n<meta property=\"article:publisher\" content=\"https:\/\/www.facebook.com\/Le.Cercle.des.Economistes\/\" \/>\n<meta property=\"article:modified_time\" content=\"2025-06-18T12:35:53+00:00\" \/>\n<meta property=\"og:image\" content=\"https:\/\/www.lesrencontreseconomiques.fr\/wp-content\/uploads\/2025\/06\/AdobeStock_984643891.jpeg\" \/>\n\t<meta property=\"og:image:width\" content=\"1600\" \/>\n\t<meta property=\"og:image:height\" content=\"897\" \/>\n\t<meta property=\"og:image:type\" content=\"image\/jpeg\" \/>\n<meta name=\"twitter:card\" content=\"summary_large_image\" \/>\n<meta name=\"twitter:site\" content=\"@Cercle_eco\" \/>\n<meta name=\"twitter:label1\" content=\"Dur\u00e9e de lecture estim\u00e9e\" \/>\n\t<meta name=\"twitter:data1\" content=\"4 minutes\" \/>\n<script type=\"application\/ld+json\" class=\"yoast-schema-graph\">{\"@context\":\"https:\/\/schema.org\",\"@graph\":[{\"@type\":\"WebPage\",\"@id\":\"https:\/\/www.lesrencontreseconomiques.fr\/debats-idees\/la-rse-a-lepreuve-des-crises\/\",\"url\":\"https:\/\/www.lesrencontreseconomiques.fr\/debats-idees\/la-rse-a-lepreuve-des-crises\/\",\"name\":\"\u00ab\u00a0La RSE \u00e0 l\u2019\u00e9preuve des crises\u00a0\u00bb\u00a0 - Les Rencontres \u00c9conomiques\",\"isPartOf\":{\"@id\":\"https:\/\/www.lesrencontreseconomiques.fr\/#website\"},\"primaryImageOfPage\":{\"@id\":\"https:\/\/www.lesrencontreseconomiques.fr\/debats-idees\/la-rse-a-lepreuve-des-crises\/#primaryimage\"},\"image\":{\"@id\":\"https:\/\/www.lesrencontreseconomiques.fr\/debats-idees\/la-rse-a-lepreuve-des-crises\/#primaryimage\"},\"thumbnailUrl\":\"https:\/\/www.lesrencontreseconomiques.fr\/wp-content\/uploads\/2025\/06\/AdobeStock_984643891.jpeg\",\"datePublished\":\"2025-06-18T12:35:51+00:00\",\"dateModified\":\"2025-06-18T12:35:53+00:00\",\"breadcrumb\":{\"@id\":\"https:\/\/www.lesrencontreseconomiques.fr\/debats-idees\/la-rse-a-lepreuve-des-crises\/#breadcrumb\"},\"inLanguage\":\"fr-FR\",\"potentialAction\":[{\"@type\":\"ReadAction\",\"target\":[\"https:\/\/www.lesrencontreseconomiques.fr\/debats-idees\/la-rse-a-lepreuve-des-crises\/\"]}]},{\"@type\":\"ImageObject\",\"inLanguage\":\"fr-FR\",\"@id\":\"https:\/\/www.lesrencontreseconomiques.fr\/debats-idees\/la-rse-a-lepreuve-des-crises\/#primaryimage\",\"url\":\"https:\/\/www.lesrencontreseconomiques.fr\/wp-content\/uploads\/2025\/06\/AdobeStock_984643891.jpeg\",\"contentUrl\":\"https:\/\/www.lesrencontreseconomiques.fr\/wp-content\/uploads\/2025\/06\/AdobeStock_984643891.jpeg\",\"width\":1600,\"height\":897},{\"@type\":\"BreadcrumbList\",\"@id\":\"https:\/\/www.lesrencontreseconomiques.fr\/debats-idees\/la-rse-a-lepreuve-des-crises\/#breadcrumb\",\"itemListElement\":[{\"@type\":\"ListItem\",\"position\":1,\"name\":\"Accueil\",\"item\":\"https:\/\/www.lesrencontreseconomiques.fr\/\"},{\"@type\":\"ListItem\",\"position\":2,\"name\":\"D\u00e9bats & Id\u00e9es\",\"item\":\"https:\/\/www.lesrencontreseconomiques.fr\/debats-idees\/\"},{\"@type\":\"ListItem\",\"position\":3,\"name\":\"\u00ab\u00a0La RSE \u00e0 l\u2019\u00e9preuve des crises\u00a0\u00bb\u00a0\"}]},{\"@type\":\"WebSite\",\"@id\":\"https:\/\/www.lesrencontreseconomiques.fr\/#website\",\"url\":\"https:\/\/www.lesrencontreseconomiques.fr\/\",\"name\":\"Les Rencontres \u00c9conomiques\",\"description\":\"\",\"potentialAction\":[{\"@type\":\"SearchAction\",\"target\":{\"@type\":\"EntryPoint\",\"urlTemplate\":\"https:\/\/www.lesrencontreseconomiques.fr\/?s={search_term_string}\"},\"query-input\":{\"@type\":\"PropertyValueSpecification\",\"valueRequired\":true,\"valueName\":\"search_term_string\"}}],\"inLanguage\":\"fr-FR\"}]}<\/script>\n<!-- \/ Yoast SEO plugin. -->","yoast_head_json":{"title":"\u00ab\u00a0La RSE \u00e0 l\u2019\u00e9preuve des crises\u00a0\u00bb\u00a0 - Les Rencontres \u00c9conomiques","robots":{"index":"index","follow":"follow","max-snippet":"max-snippet:-1","max-image-preview":"max-image-preview:large","max-video-preview":"max-video-preview:-1"},"canonical":"https:\/\/www.lesrencontreseconomiques.fr\/debats-idees\/la-rse-a-lepreuve-des-crises\/","og_locale":"fr_FR","og_type":"article","og_description":"En p\u00e9riode de crise, la RSE reste-t-elle une priorit\u00e9 pour les entreprises ?&nbsp;La crise sanitaire de 2020 avait suscit\u00e9 une prise de conscience \u00e9cologique, mais les conflits et les troubles g\u00e9opolitiques survenus depuis 2022 ont conduit \u00e0 une p\u00e9riode d\u2019inflation et d\u2019instabilit\u00e9 \u00e9conomique qui a fait passer les pr\u00e9occupations sociales et environnementales des entreprises au [&hellip;]","og_url":"https:\/\/www.lesrencontreseconomiques.fr\/debats-idees\/la-rse-a-lepreuve-des-crises\/","og_site_name":"Les Rencontres \u00c9conomiques","article_publisher":"https:\/\/www.facebook.com\/Le.Cercle.des.Economistes\/","article_modified_time":"2025-06-18T12:35:53+00:00","og_image":[{"width":1600,"height":897,"url":"https:\/\/www.lesrencontreseconomiques.fr\/wp-content\/uploads\/2025\/06\/AdobeStock_984643891.jpeg","type":"image\/jpeg"}],"twitter_card":"summary_large_image","twitter_site":"@Cercle_eco","twitter_misc":{"Dur\u00e9e de lecture estim\u00e9e":"4 minutes"},"schema":{"@context":"https:\/\/schema.org","@graph":[{"@type":"WebPage","@id":"https:\/\/www.lesrencontreseconomiques.fr\/debats-idees\/la-rse-a-lepreuve-des-crises\/","url":"https:\/\/www.lesrencontreseconomiques.fr\/debats-idees\/la-rse-a-lepreuve-des-crises\/","name":"\u00ab\u00a0La RSE \u00e0 l\u2019\u00e9preuve des crises\u00a0\u00bb\u00a0 - Les Rencontres \u00c9conomiques","isPartOf":{"@id":"https:\/\/www.lesrencontreseconomiques.fr\/#website"},"primaryImageOfPage":{"@id":"https:\/\/www.lesrencontreseconomiques.fr\/debats-idees\/la-rse-a-lepreuve-des-crises\/#primaryimage"},"image":{"@id":"https:\/\/www.lesrencontreseconomiques.fr\/debats-idees\/la-rse-a-lepreuve-des-crises\/#primaryimage"},"thumbnailUrl":"https:\/\/www.lesrencontreseconomiques.fr\/wp-content\/uploads\/2025\/06\/AdobeStock_984643891.jpeg","datePublished":"2025-06-18T12:35:51+00:00","dateModified":"2025-06-18T12:35:53+00:00","breadcrumb":{"@id":"https:\/\/www.lesrencontreseconomiques.fr\/debats-idees\/la-rse-a-lepreuve-des-crises\/#breadcrumb"},"inLanguage":"fr-FR","potentialAction":[{"@type":"ReadAction","target":["https:\/\/www.lesrencontreseconomiques.fr\/debats-idees\/la-rse-a-lepreuve-des-crises\/"]}]},{"@type":"ImageObject","inLanguage":"fr-FR","@id":"https:\/\/www.lesrencontreseconomiques.fr\/debats-idees\/la-rse-a-lepreuve-des-crises\/#primaryimage","url":"https:\/\/www.lesrencontreseconomiques.fr\/wp-content\/uploads\/2025\/06\/AdobeStock_984643891.jpeg","contentUrl":"https:\/\/www.lesrencontreseconomiques.fr\/wp-content\/uploads\/2025\/06\/AdobeStock_984643891.jpeg","width":1600,"height":897},{"@type":"BreadcrumbList","@id":"https:\/\/www.lesrencontreseconomiques.fr\/debats-idees\/la-rse-a-lepreuve-des-crises\/#breadcrumb","itemListElement":[{"@type":"ListItem","position":1,"name":"Accueil","item":"https:\/\/www.lesrencontreseconomiques.fr\/"},{"@type":"ListItem","position":2,"name":"D\u00e9bats & Id\u00e9es","item":"https:\/\/www.lesrencontreseconomiques.fr\/debats-idees\/"},{"@type":"ListItem","position":3,"name":"\u00ab\u00a0La RSE \u00e0 l\u2019\u00e9preuve des crises\u00a0\u00bb\u00a0"}]},{"@type":"WebSite","@id":"https:\/\/www.lesrencontreseconomiques.fr\/#website","url":"https:\/\/www.lesrencontreseconomiques.fr\/","name":"Les Rencontres \u00c9conomiques","description":"","potentialAction":[{"@type":"SearchAction","target":{"@type":"EntryPoint","urlTemplate":"https:\/\/www.lesrencontreseconomiques.fr\/?s={search_term_string}"},"query-input":{"@type":"PropertyValueSpecification","valueRequired":true,"valueName":"search_term_string"}}],"inLanguage":"fr-FR"}]}},"_links":{"self":[{"href":"https:\/\/www.lesrencontreseconomiques.fr\/wp-json\/wp\/v2\/blog\/21769","targetHints":{"allow":["GET"]}}],"collection":[{"href":"https:\/\/www.lesrencontreseconomiques.fr\/wp-json\/wp\/v2\/blog"}],"about":[{"href":"https:\/\/www.lesrencontreseconomiques.fr\/wp-json\/wp\/v2\/types\/blog"}],"wp:featuredmedia":[{"embeddable":true,"href":"https:\/\/www.lesrencontreseconomiques.fr\/wp-json\/wp\/v2\/media\/21781"}],"wp:attachment":[{"href":"https:\/\/www.lesrencontreseconomiques.fr\/wp-json\/wp\/v2\/media?parent=21769"}],"wp:term":[{"taxonomy":"cat-theme","embeddable":true,"href":"https:\/\/www.lesrencontreseconomiques.fr\/wp-json\/wp\/v2\/cat-theme?post=21769"},{"taxonomy":"cat-axe","embeddable":true,"href":"https:\/\/www.lesrencontreseconomiques.fr\/wp-json\/wp\/v2\/cat-axe?post=21769"}],"curies":[{"name":"wp","href":"https:\/\/api.w.org\/{rel}","templated":true}]}}