{"id":21766,"date":"2025-06-18T14:32:30","date_gmt":"2025-06-18T12:32:30","guid":{"rendered":"https:\/\/www.lesrencontreseconomiques.fr\/?post_type=blog&#038;p=21766"},"modified":"2025-06-18T14:32:31","modified_gmt":"2025-06-18T12:32:31","slug":"chaines-de-valeurs-fragmentations-et-recompositions","status":"publish","type":"blog","link":"https:\/\/www.lesrencontreseconomiques.fr\/debats-idees\/chaines-de-valeurs-fragmentations-et-recompositions\/","title":{"rendered":"\u00ab\u00a0Cha\u00eenes de valeurs : fragmentations et recompositions \u00bb"},"content":{"rendered":"\n<p>Les cha\u00eenes de valeur mondiales (CVM) d\u00e9signent la fragmentation internationale du processus de production. On distingue les CVM verticales (s\u00e9quenc\u00e9es selon les avantages comparatifs) et les CVM horizontales (duplication d\u2019activit\u00e9s pour desservir les march\u00e9s locaux). Depuis les ann\u00e9es 1980, elles se sont d\u00e9velopp\u00e9es gr\u00e2ce \u00e0 l\u2019ouverture commerciale, aux investissements directs \u00e9trangers et \u00e0 la diffusion des savoirs, combinant production \u00e0 bas co\u00fbt et R&amp;D dans les pays avanc\u00e9s. Les crises de 2008 et du COVID-19 mais aussi les tensions g\u00e9opolitiques et le protectionnisme croissant (notamment aux \u00c9tats-Unis) ont r\u00e9v\u00e9l\u00e9 leurs vuln\u00e9rabilit\u00e9s, entra\u00eenant une recomposition s\u00e9lective des CVM. En 2025, pr\u00e8s de 40\u202f% des grandes entreprises ont modifi\u00e9 leur cha\u00eene d\u2019approvisionnement (FMI).<\/p>\n\n\n\n<div style=\"height:8px\" aria-hidden=\"true\" class=\"wp-block-spacer\"><\/div>\n\n\n\n<p>Plusieurs dynamiques sont \u00e0 l\u2019\u0153uvre. Les \u00e9mergents comme la Chine, l\u2019Inde ou le Br\u00e9sil ne se limitent plus \u00e0 l\u2019assemblage mais d\u00e9veloppent leurs propres r\u00e9seaux, portant leur part du commerce mondial de 29\u202f% en 2000 \u00e0 43\u202f% en 2022. En outre, la fragmentation g\u00e9opolitique encourage le&nbsp;<em>friend-shoring<\/em>&nbsp;marqu\u00e9 par une baisse des flux inter-blocs et des pertes de revenus. Les pays non-align\u00e9s jouent alors un r\u00f4le d\u2019interm\u00e9diaires redirigeant les flux sans r\u00e9duire les d\u00e9pendances. Le d\u00e9couplage technologique accentue cette dynamique, les tensions g\u00e9opolitiques entra\u00eenant des restrictions sur les \u00e9changes de technologies sensibles (semi-conducteurs, IA, infrastructures num\u00e9riques) et r\u00e9duisant les flux d\u2019IDE entre blocs.<\/p>\n\n\n\n<div style=\"height:8px\" aria-hidden=\"true\" class=\"wp-block-spacer\"><\/div>\n\n\n\n<p>La transition \u00e9cologique agit aussi comme un levier de recomposition. Les contraintes carbone, la tarification des \u00e9missions et les politiques industrielles vertes r\u00e9orientent les localisations vers des zones sobres et des circuits plus courts. D\u00e8s 2023, 73\u202f% des entreprises tiennent compte des \u00e9missions de CO\u2082 dans leurs implantations.<\/p>\n\n\n\n<div style=\"height:8px\" aria-hidden=\"true\" class=\"wp-block-spacer\"><\/div>\n\n\n\n<p>Enfin, les g\u00e9ants du num\u00e9rique sont dor\u00e9navant soumis \u00e0 une pression fiscale croissante, alors que 60\u202f% de leurs profits restent localis\u00e9s dans des juridictions \u00e0 faible fiscalit\u00e9.<\/p>\n\n\n\n<div style=\"height:8px\" aria-hidden=\"true\" class=\"wp-block-spacer\"><\/div>\n\n\n\n<p>La reconfiguration des CVM varie selon les secteurs. Dans l\u2019industrie, la robotisation favorise des relocalisations cibl\u00e9es. Le\u00a0<em>double sourcing<\/em>\u00a0progresse (+21\u202f% entre 2020 et 2024), en particulier dans les secteurs sensibles (\u00e9lectronique, sant\u00e9). \u00c0 l\u2019inverse, les services poursuivent leur internationalisation, soutenue par le num\u00e9rique. Leur part dans le commerce mondial a grimp\u00e9 de 30\u202f% entre 2005 et 2023.<\/p>\n\n\n\n<div style=\"height:8px\" aria-hidden=\"true\" class=\"wp-block-spacer\"><\/div>\n\n\n\n<p>Cette recomposition est multiscalaire. De nouveaux p\u00f4les se forment autour d\u2019acteurs technologiques \u00e9mergents, tandis que certaines villes comme Shenzhen ou Bangalore deviennent des hubs d\u2019innovation. Les \u00e9changes intrar\u00e9gionaux progressent. En 2022, les \u00e9changes au sein du RCEP<a href=\"applewebdata:\/\/FCC1345D-7EA0-462E-9A1D-E977C776CE7C#_ftn1\"><sup>[1]<\/sup><\/a>\u00a0repr\u00e9sentaient environ 50\u202f% du commerce total des pays membres, 60\u202f% pour les \u00e9changes intra-UE.<\/p>\n\n\n\n<div style=\"height:8px\" aria-hidden=\"true\" class=\"wp-block-spacer\"><\/div>\n\n\n\n<p>Au-del\u00e0 des aspects industriels, ces \u00e9volutions reposent sur des enjeux de gouvernance majeurs. Des dispositifs de vigilance et de durabilit\u00e9 sont n\u00e9cessaires pour fiabiliser les cha\u00eenes (en 2024, seuls 45\u202f% des grands groupes du G20 avaient une tra\u00e7abilit\u00e9 compl\u00e8te de leurs fournisseurs directs).<\/p>\n\n\n\n<div style=\"height:8px\" aria-hidden=\"true\" class=\"wp-block-spacer\"><\/div>\n\n\n\n<p>Les \u00c9tats jouent un r\u00f4le accru dans les secteurs strat\u00e9giques (sant\u00e9, \u00e9nergie, num\u00e9rique) via des interventions publiques allant du soutien \u00e0 l\u2019innovation aux garanties financi\u00e8res. La transition \u00e9nerg\u00e9tique impose aussi des cha\u00eenes plus sobres, circulaires et neutres en carbone, n\u00e9cessitant investissements et coop\u00e9ration Nord-Sud. Enfin, l\u2019accord OCDE\/G20 sur un imp\u00f4t minimum mondial de 15\u202f% marque une avanc\u00e9e vers une meilleure \u00e9quit\u00e9 fiscale.<\/p>\n\n\n\n<div style=\"height:8px\" aria-hidden=\"true\" class=\"wp-block-spacer\"><\/div>\n\n\n\n<p>Dans ce contexte, l\u2019Union europ\u00e9enne doit repenser sa strat\u00e9gie. Bien qu\u2019elle demeure int\u00e9gr\u00e9e aux flux mondiaux, elle cherche \u00e0 r\u00e9duire ses d\u00e9pendances critiques et \u00e0 renforcer sa base industrielle. Des leviers comme le Plan industriel pour le Green Deal, le m\u00e9canisme d\u2019ajustement carbone ou la l\u00e9gislation europ\u00e9enne sur les mati\u00e8res premi\u00e8res critiques visent \u00e0 consolider son autonomie via des relocalisations cibl\u00e9es. Le march\u00e9 unique reste structur\u00e9 par des sp\u00e9cialisations r\u00e9gionales (assemblage en Europe centrale, biens de haute technologie en Allemagne), potentiellement moteurs d\u2019une strat\u00e9gie industrielle coh\u00e9rente. La double transition \u00e9cologique et num\u00e9rique repr\u00e9sente une opportunit\u00e9 majeure, mais suppose des financements estim\u00e9s \u00e0 350\u202fmilliards d\u2019euros par an par la BCE. En parall\u00e8le, l\u2019UE reste profond\u00e9ment ins\u00e9r\u00e9e dans les CVM et d\u00e9veloppe de nouveaux partenariats ext\u00e9rieurs (Inde, Mercosur) pour diversifier ses cha\u00eenes tout en consolidant ses normes sociales et environnementales.<\/p>\n\n\n\n<hr class=\"wp-block-separator has-alpha-channel-opacity\"\/>\n\n\n\n<p><a href=\"applewebdata:\/\/FCC1345D-7EA0-462E-9A1D-E977C776CE7C#_ftnref1\"><sup>[1]<\/sup><\/a>&nbsp;&nbsp;Accord de libre-\u00e9change entr\u00e9 en vigueur en 2022 entre l\u2019Australie, la Birmanie, le Brunei, le Cambodge, la Chine, la Cor\u00e9e du Sud, l\u2019Indon\u00e9sie, le Japon, le Laos, la Malaisie, la Nouvelle-Z\u00e9lande, les Philippines, Singapour, la Tha\u00eflande et Vi\u00eat Nam.<\/p>\n","protected":false},"featured_media":21768,"template":"","cat-theme":[],"cat-axe":[],"class_list":["post-21766","blog","type-blog","status-publish","has-post-thumbnail","hentry"],"acf":[],"yoast_head":"<!-- This site is optimized with the Yoast SEO plugin v26.5 - https:\/\/yoast.com\/wordpress\/plugins\/seo\/ -->\n<title>\u00ab\u00a0Cha\u00eenes de valeurs : fragmentations et recompositions \u00bb - Les Rencontres \u00c9conomiques<\/title>\n<meta name=\"robots\" content=\"index, follow, max-snippet:-1, max-image-preview:large, max-video-preview:-1\" \/>\n<link rel=\"canonical\" href=\"https:\/\/www.lesrencontreseconomiques.fr\/debats-idees\/chaines-de-valeurs-fragmentations-et-recompositions\/\" \/>\n<meta property=\"og:locale\" content=\"fr_FR\" \/>\n<meta property=\"og:type\" content=\"article\" \/>\n<meta property=\"og:description\" content=\"Les cha\u00eenes de valeur mondiales (CVM) d\u00e9signent la fragmentation internationale du processus de production. On distingue les CVM verticales (s\u00e9quenc\u00e9es selon les avantages comparatifs) et les CVM horizontales (duplication d\u2019activit\u00e9s pour desservir les march\u00e9s locaux). Depuis les ann\u00e9es 1980, elles se sont d\u00e9velopp\u00e9es gr\u00e2ce \u00e0 l\u2019ouverture commerciale, aux investissements directs \u00e9trangers et \u00e0 la diffusion [&hellip;]\" \/>\n<meta property=\"og:url\" content=\"https:\/\/www.lesrencontreseconomiques.fr\/debats-idees\/chaines-de-valeurs-fragmentations-et-recompositions\/\" \/>\n<meta property=\"og:site_name\" content=\"Les Rencontres \u00c9conomiques\" \/>\n<meta property=\"article:publisher\" content=\"https:\/\/www.facebook.com\/Le.Cercle.des.Economistes\/\" \/>\n<meta property=\"article:modified_time\" content=\"2025-06-18T12:32:31+00:00\" \/>\n<meta property=\"og:image\" content=\"https:\/\/www.lesrencontreseconomiques.fr\/wp-content\/uploads\/2025\/06\/AdobeStock_1341601358.jpeg\" \/>\n\t<meta property=\"og:image:width\" content=\"1600\" \/>\n\t<meta property=\"og:image:height\" content=\"897\" \/>\n\t<meta property=\"og:image:type\" content=\"image\/jpeg\" \/>\n<meta name=\"twitter:card\" content=\"summary_large_image\" \/>\n<meta name=\"twitter:site\" content=\"@Cercle_eco\" \/>\n<meta name=\"twitter:label1\" content=\"Dur\u00e9e de lecture estim\u00e9e\" \/>\n\t<meta name=\"twitter:data1\" content=\"4 minutes\" \/>\n<script type=\"application\/ld+json\" class=\"yoast-schema-graph\">{\"@context\":\"https:\/\/schema.org\",\"@graph\":[{\"@type\":\"WebPage\",\"@id\":\"https:\/\/www.lesrencontreseconomiques.fr\/debats-idees\/chaines-de-valeurs-fragmentations-et-recompositions\/\",\"url\":\"https:\/\/www.lesrencontreseconomiques.fr\/debats-idees\/chaines-de-valeurs-fragmentations-et-recompositions\/\",\"name\":\"\u00ab\u00a0Cha\u00eenes de valeurs : fragmentations et recompositions \u00bb - Les Rencontres \u00c9conomiques\",\"isPartOf\":{\"@id\":\"https:\/\/www.lesrencontreseconomiques.fr\/#website\"},\"primaryImageOfPage\":{\"@id\":\"https:\/\/www.lesrencontreseconomiques.fr\/debats-idees\/chaines-de-valeurs-fragmentations-et-recompositions\/#primaryimage\"},\"image\":{\"@id\":\"https:\/\/www.lesrencontreseconomiques.fr\/debats-idees\/chaines-de-valeurs-fragmentations-et-recompositions\/#primaryimage\"},\"thumbnailUrl\":\"https:\/\/www.lesrencontreseconomiques.fr\/wp-content\/uploads\/2025\/06\/AdobeStock_1341601358.jpeg\",\"datePublished\":\"2025-06-18T12:32:30+00:00\",\"dateModified\":\"2025-06-18T12:32:31+00:00\",\"breadcrumb\":{\"@id\":\"https:\/\/www.lesrencontreseconomiques.fr\/debats-idees\/chaines-de-valeurs-fragmentations-et-recompositions\/#breadcrumb\"},\"inLanguage\":\"fr-FR\",\"potentialAction\":[{\"@type\":\"ReadAction\",\"target\":[\"https:\/\/www.lesrencontreseconomiques.fr\/debats-idees\/chaines-de-valeurs-fragmentations-et-recompositions\/\"]}]},{\"@type\":\"ImageObject\",\"inLanguage\":\"fr-FR\",\"@id\":\"https:\/\/www.lesrencontreseconomiques.fr\/debats-idees\/chaines-de-valeurs-fragmentations-et-recompositions\/#primaryimage\",\"url\":\"https:\/\/www.lesrencontreseconomiques.fr\/wp-content\/uploads\/2025\/06\/AdobeStock_1341601358.jpeg\",\"contentUrl\":\"https:\/\/www.lesrencontreseconomiques.fr\/wp-content\/uploads\/2025\/06\/AdobeStock_1341601358.jpeg\",\"width\":1600,\"height\":897},{\"@type\":\"BreadcrumbList\",\"@id\":\"https:\/\/www.lesrencontreseconomiques.fr\/debats-idees\/chaines-de-valeurs-fragmentations-et-recompositions\/#breadcrumb\",\"itemListElement\":[{\"@type\":\"ListItem\",\"position\":1,\"name\":\"Accueil\",\"item\":\"https:\/\/www.lesrencontreseconomiques.fr\/\"},{\"@type\":\"ListItem\",\"position\":2,\"name\":\"D\u00e9bats & Id\u00e9es\",\"item\":\"https:\/\/www.lesrencontreseconomiques.fr\/debats-idees\/\"},{\"@type\":\"ListItem\",\"position\":3,\"name\":\"\u00ab\u00a0Cha\u00eenes de valeurs : fragmentations et recompositions \u00bb\"}]},{\"@type\":\"WebSite\",\"@id\":\"https:\/\/www.lesrencontreseconomiques.fr\/#website\",\"url\":\"https:\/\/www.lesrencontreseconomiques.fr\/\",\"name\":\"Les Rencontres \u00c9conomiques\",\"description\":\"\",\"potentialAction\":[{\"@type\":\"SearchAction\",\"target\":{\"@type\":\"EntryPoint\",\"urlTemplate\":\"https:\/\/www.lesrencontreseconomiques.fr\/?s={search_term_string}\"},\"query-input\":{\"@type\":\"PropertyValueSpecification\",\"valueRequired\":true,\"valueName\":\"search_term_string\"}}],\"inLanguage\":\"fr-FR\"}]}<\/script>\n<!-- \/ Yoast SEO plugin. -->","yoast_head_json":{"title":"\u00ab\u00a0Cha\u00eenes de valeurs : fragmentations et recompositions \u00bb - Les Rencontres \u00c9conomiques","robots":{"index":"index","follow":"follow","max-snippet":"max-snippet:-1","max-image-preview":"max-image-preview:large","max-video-preview":"max-video-preview:-1"},"canonical":"https:\/\/www.lesrencontreseconomiques.fr\/debats-idees\/chaines-de-valeurs-fragmentations-et-recompositions\/","og_locale":"fr_FR","og_type":"article","og_description":"Les cha\u00eenes de valeur mondiales (CVM) d\u00e9signent la fragmentation internationale du processus de production. On distingue les CVM verticales (s\u00e9quenc\u00e9es selon les avantages comparatifs) et les CVM horizontales (duplication d\u2019activit\u00e9s pour desservir les march\u00e9s locaux). Depuis les ann\u00e9es 1980, elles se sont d\u00e9velopp\u00e9es gr\u00e2ce \u00e0 l\u2019ouverture commerciale, aux investissements directs \u00e9trangers et \u00e0 la diffusion [&hellip;]","og_url":"https:\/\/www.lesrencontreseconomiques.fr\/debats-idees\/chaines-de-valeurs-fragmentations-et-recompositions\/","og_site_name":"Les Rencontres \u00c9conomiques","article_publisher":"https:\/\/www.facebook.com\/Le.Cercle.des.Economistes\/","article_modified_time":"2025-06-18T12:32:31+00:00","og_image":[{"width":1600,"height":897,"url":"https:\/\/www.lesrencontreseconomiques.fr\/wp-content\/uploads\/2025\/06\/AdobeStock_1341601358.jpeg","type":"image\/jpeg"}],"twitter_card":"summary_large_image","twitter_site":"@Cercle_eco","twitter_misc":{"Dur\u00e9e de lecture estim\u00e9e":"4 minutes"},"schema":{"@context":"https:\/\/schema.org","@graph":[{"@type":"WebPage","@id":"https:\/\/www.lesrencontreseconomiques.fr\/debats-idees\/chaines-de-valeurs-fragmentations-et-recompositions\/","url":"https:\/\/www.lesrencontreseconomiques.fr\/debats-idees\/chaines-de-valeurs-fragmentations-et-recompositions\/","name":"\u00ab\u00a0Cha\u00eenes de valeurs : fragmentations et recompositions \u00bb - Les Rencontres \u00c9conomiques","isPartOf":{"@id":"https:\/\/www.lesrencontreseconomiques.fr\/#website"},"primaryImageOfPage":{"@id":"https:\/\/www.lesrencontreseconomiques.fr\/debats-idees\/chaines-de-valeurs-fragmentations-et-recompositions\/#primaryimage"},"image":{"@id":"https:\/\/www.lesrencontreseconomiques.fr\/debats-idees\/chaines-de-valeurs-fragmentations-et-recompositions\/#primaryimage"},"thumbnailUrl":"https:\/\/www.lesrencontreseconomiques.fr\/wp-content\/uploads\/2025\/06\/AdobeStock_1341601358.jpeg","datePublished":"2025-06-18T12:32:30+00:00","dateModified":"2025-06-18T12:32:31+00:00","breadcrumb":{"@id":"https:\/\/www.lesrencontreseconomiques.fr\/debats-idees\/chaines-de-valeurs-fragmentations-et-recompositions\/#breadcrumb"},"inLanguage":"fr-FR","potentialAction":[{"@type":"ReadAction","target":["https:\/\/www.lesrencontreseconomiques.fr\/debats-idees\/chaines-de-valeurs-fragmentations-et-recompositions\/"]}]},{"@type":"ImageObject","inLanguage":"fr-FR","@id":"https:\/\/www.lesrencontreseconomiques.fr\/debats-idees\/chaines-de-valeurs-fragmentations-et-recompositions\/#primaryimage","url":"https:\/\/www.lesrencontreseconomiques.fr\/wp-content\/uploads\/2025\/06\/AdobeStock_1341601358.jpeg","contentUrl":"https:\/\/www.lesrencontreseconomiques.fr\/wp-content\/uploads\/2025\/06\/AdobeStock_1341601358.jpeg","width":1600,"height":897},{"@type":"BreadcrumbList","@id":"https:\/\/www.lesrencontreseconomiques.fr\/debats-idees\/chaines-de-valeurs-fragmentations-et-recompositions\/#breadcrumb","itemListElement":[{"@type":"ListItem","position":1,"name":"Accueil","item":"https:\/\/www.lesrencontreseconomiques.fr\/"},{"@type":"ListItem","position":2,"name":"D\u00e9bats & Id\u00e9es","item":"https:\/\/www.lesrencontreseconomiques.fr\/debats-idees\/"},{"@type":"ListItem","position":3,"name":"\u00ab\u00a0Cha\u00eenes de valeurs : fragmentations et recompositions \u00bb"}]},{"@type":"WebSite","@id":"https:\/\/www.lesrencontreseconomiques.fr\/#website","url":"https:\/\/www.lesrencontreseconomiques.fr\/","name":"Les Rencontres \u00c9conomiques","description":"","potentialAction":[{"@type":"SearchAction","target":{"@type":"EntryPoint","urlTemplate":"https:\/\/www.lesrencontreseconomiques.fr\/?s={search_term_string}"},"query-input":{"@type":"PropertyValueSpecification","valueRequired":true,"valueName":"search_term_string"}}],"inLanguage":"fr-FR"}]}},"_links":{"self":[{"href":"https:\/\/www.lesrencontreseconomiques.fr\/wp-json\/wp\/v2\/blog\/21766","targetHints":{"allow":["GET"]}}],"collection":[{"href":"https:\/\/www.lesrencontreseconomiques.fr\/wp-json\/wp\/v2\/blog"}],"about":[{"href":"https:\/\/www.lesrencontreseconomiques.fr\/wp-json\/wp\/v2\/types\/blog"}],"wp:featuredmedia":[{"embeddable":true,"href":"https:\/\/www.lesrencontreseconomiques.fr\/wp-json\/wp\/v2\/media\/21768"}],"wp:attachment":[{"href":"https:\/\/www.lesrencontreseconomiques.fr\/wp-json\/wp\/v2\/media?parent=21766"}],"wp:term":[{"taxonomy":"cat-theme","embeddable":true,"href":"https:\/\/www.lesrencontreseconomiques.fr\/wp-json\/wp\/v2\/cat-theme?post=21766"},{"taxonomy":"cat-axe","embeddable":true,"href":"https:\/\/www.lesrencontreseconomiques.fr\/wp-json\/wp\/v2\/cat-axe?post=21766"}],"curies":[{"name":"wp","href":"https:\/\/api.w.org\/{rel}","templated":true}]}}