{"id":21764,"date":"2025-06-18T14:25:27","date_gmt":"2025-06-18T12:25:27","guid":{"rendered":"https:\/\/www.lesrencontreseconomiques.fr\/?post_type=blog&#038;p=21764"},"modified":"2025-06-18T14:25:29","modified_gmt":"2025-06-18T12:25:29","slug":"cet-ete-ou-la-france-etait-heureuse","status":"publish","type":"blog","link":"https:\/\/www.lesrencontreseconomiques.fr\/debats-idees\/cet-ete-ou-la-france-etait-heureuse\/","title":{"rendered":"Cet \u00e9t\u00e9 o\u00f9 la France \u00e9tait heureuse."},"content":{"rendered":"\n<div style=\"height:7px\" aria-hidden=\"true\" class=\"wp-block-spacer\"><\/div>\n\n\n\n<p>Quand le soir de la finale de BMX race, Joris Daudet s\u2019est retourn\u00e9 \u00e0 la seconde o\u00f9 il a franchi la ligne d\u2019arriv\u00e9e pour voir si ses copains allaient monter aussi sur le podium, on a explos\u00e9 de joie avec lui.<\/p>\n\n\n\n<div style=\"height:7px\" aria-hidden=\"true\" class=\"wp-block-spacer\"><\/div>\n\n\n\n<p>Quand Aur\u00e9lie Aubert a remport\u00e9 son titre en boccia, on a pleur\u00e9 avec elle.<\/p>\n\n\n\n<div style=\"height:7px\" aria-hidden=\"true\" class=\"wp-block-spacer\"><\/div>\n\n\n\n<p>Quand hier soir au c\u00e9cifoot, Fr\u00e9d\u00e9ric Villeroux a marqu\u00e9 le tir au but d\u00e9cisif, on \u00e9tait tous au paradis !<\/p>\n\n\n\n<div style=\"height:7px\" aria-hidden=\"true\" class=\"wp-block-spacer\"><\/div>\n\n\n\n<p>Et si ces \u00e9motions \u00e9taient \u00e9ph\u00e9m\u00e8res, le souvenir de cet \u00e9t\u00e9 historique, lui, restera grav\u00e9 en nous.<\/p>\n\n\n\n<div style=\"height:7px\" aria-hidden=\"true\" class=\"wp-block-spacer\"><\/div>\n\n\n\n<p>Cet \u00e9t\u00e9 o\u00f9 la foule dansait dans les rues de Montmartre en attendant les coureurs cyclistes, cet \u00e9t\u00e9 o\u00f9 les gens se parlaient,\u00a0cet \u00e9t\u00e9 o\u00f9 la France \u00e9tait heureuse.<\/p>\n\n\n\n<div style=\"height:7px\" aria-hidden=\"true\" class=\"wp-block-spacer\"><\/div>\n\n\n\n<p>La force des \u00e9motions qu\u2019on a v\u00e9cues ensemble, c\u2019est aussi de laisser une trace.<\/p>\n\n\n\n<div style=\"height:7px\" aria-hidden=\"true\" class=\"wp-block-spacer\"><\/div>\n\n\n\n<p>Quand L\u00e9on Marchand a fait crier tout un pays en rythme \u00e0 chaque fois qu\u2019il sortait la t\u00eate de l\u2019eau en brasse, \u00e7a a donn\u00e9 \u00e0 des milliers d\u2019enfants l\u2019envie de pousser la porte d\u2019un club de natation.<\/p>\n\n\n\n<div style=\"height:7px\" aria-hidden=\"true\" class=\"wp-block-spacer\"><\/div>\n\n\n\n<p>Quand le nageur br\u00e9silien Gabrielzinho a remport\u00e9 trois titres dans une ambiance de feu, il a d\u00e9finitivement chang\u00e9 notre regard sur la diff\u00e9rence et envoy\u00e9 un message tr\u00e8s fort \u00e0 toutes les personnes en situation de handicap\u00a0: le sport est aussi fait pour vous.<\/p>\n\n\n\n<div style=\"height:7px\" aria-hidden=\"true\" class=\"wp-block-spacer\"><\/div>\n\n\n\n<p>A chacune de ses apparitions, la r\u00e9volution paralympique gagnait du terrain.<\/p>\n\n\n\n<div style=\"height:7px\" aria-hidden=\"true\" class=\"wp-block-spacer\"><\/div>\n\n\n\n<p>Cette rencontre entre athl\u00e8tes et supporters va nous marquer pour toujours, parce que les \u00e9motions qu\u2019on a v\u00e9cues nous ont unis.<\/p>\n\n\n\n<div style=\"height:7px\" aria-hidden=\"true\" class=\"wp-block-spacer\"><\/div>\n\n\n\n<p>Qu\u2019est-ce qui cr\u00e9e le sentiment d\u2019appartenance \u00e0 une famille, \u00e0 un groupe d\u2019amis, \u00e0 une nation ?<\/p>\n\n\n\n<div style=\"height:7px\" aria-hidden=\"true\" class=\"wp-block-spacer\"><\/div>\n\n\n\n<p>C\u2019est d\u2019abord ce que l\u2019on vit ensemble.<\/p>\n\n\n\n<div style=\"height:7px\" aria-hidden=\"true\" class=\"wp-block-spacer\"><\/div>\n\n\n\n<p>Comme ces secondes interminables o\u00f9 la roulette a fini par choisir Teddy Riner pour le dernier combat de la finale de judo par \u00e9quipe\u2026<\/p>\n\n\n\n<div style=\"height:7px\" aria-hidden=\"true\" class=\"wp-block-spacer\"><\/div>\n\n\n\n<p>Cet \u00e9t\u00e9, des millions de familles, d\u2019amis, d\u2019amoureux, de coll\u00e8gues, de voisins, se sont cr\u00e9\u00e9s des souvenirs communs.<\/p>\n\n\n\n<div style=\"height:7px\" aria-hidden=\"true\" class=\"wp-block-spacer\"><\/div>\n\n\n\n<p>Cet \u00e9t\u00e9, tout un pays a vibr\u00e9 en m\u00eame temps, devant les m\u00eames exploits.<\/p>\n\n\n\n<div style=\"height:7px\" aria-hidden=\"true\" class=\"wp-block-spacer\"><\/div>\n\n\n\n<p>Au-del\u00e0 de la langue que l\u2019on partage, au-del\u00e0 des valeurs que l\u2019on porte en commun, des monuments et des livres d\u2019Histoire, ce qui nous lie et nous construit en tant que nation, ce sont les \u00e9motions collectives.<\/p>\n\n\n\n<div style=\"height:7px\" aria-hidden=\"true\" class=\"wp-block-spacer\"><\/div>\n\n\n\n<p>Ce qui nous lie, ce sont les souvenirs partag\u00e9s. Et les Jeux nous ont offert de formidables souvenirs communs.<\/p>\n\n\n\n<div style=\"height:7px\" aria-hidden=\"true\" class=\"wp-block-spacer\"><\/div>\n\n\n\n<p>Cet \u00e9t\u00e9, la France avait rendez-vous avec l\u2019Histoire, et elle a r\u00e9pondu pr\u00e9sent.<\/p>\n\n\n\n<div style=\"height:7px\" aria-hidden=\"true\" class=\"wp-block-spacer\"><\/div>\n\n\n\n<p>Elle a eu l\u2019audace d\u2019imaginer des choses qui n\u2019avaient jamais \u00e9t\u00e9 faites : les premi\u00e8res c\u00e9r\u00e9monies d\u2019ouverture des Jeux Olympiques et Paralympiques hors d\u2019un stade, le premier marathon ouvert \u00e0 tous, les premiers Jeux au c\u0153ur de la ville\u2026<\/p>\n\n\n\n<div style=\"height:7px\" aria-hidden=\"true\" class=\"wp-block-spacer\"><\/div>\n\n\n\n<p>La France a eu l\u2019audace de croire dans le pouvoir du sport.<\/p>\n\n\n\n<div style=\"height:7px\" aria-hidden=\"true\" class=\"wp-block-spacer\"><\/div>\n\n\n\n<p>Avec les Jeux, on a red\u00e9couvert notre patrimoine, notre cr\u00e9ativit\u00e9 et notre capacit\u00e9 \u00e0 accomplir de grandes choses.<\/p>\n\n\n\n<div style=\"height:7px\" aria-hidden=\"true\" class=\"wp-block-spacer\"><\/div>\n\n\n\n<p>On a red\u00e9couvert notre joie de vivre, notre impertinence parfois, et surtout toute cette \u00e9nergie positive qui a explos\u00e9 dans les tribunes !<\/p>\n\n\n\n<div style=\"height:7px\" aria-hidden=\"true\" class=\"wp-block-spacer\"><\/div>\n\n\n\n<p>Ces Jeux auront \u00e9t\u00e9 une rencontre de notre pays avec lui-m\u00eame.<\/p>\n\n\n\n<div style=\"height:7px\" aria-hidden=\"true\" class=\"wp-block-spacer\"><\/div>\n\n\n\n<p>La France qui sourit, la France qui s\u2019aime, la France dont on est fiers, la France de tous les records\u00a0!<\/p>\n\n\n\n<div style=\"height:7px\" aria-hidden=\"true\" class=\"wp-block-spacer\"><\/div>\n\n\n\n<p>Record de m\u00e9dailles, records de spectateurs, records d\u2019audience, records d\u2019ambiance, records \u00ab d\u2019Allez les Bleus ! \u00bb<\/p>\n\n\n\n<p>\u00a0<\/p>\n\n\n\n<div style=\"height:7px\" aria-hidden=\"true\" class=\"wp-block-spacer\"><\/div>\n\n\n\n<p>Merci \u00e0 toutes celles et tous ceux qui ont rendu cela possible !<\/p>\n\n\n\n<div style=\"height:7px\" aria-hidden=\"true\" class=\"wp-block-spacer\"><\/div>\n\n\n\n<p>Les Jeux de Paris 2024 se terminent, mais leur message, lui, ne s\u2019\u00e9teint pas ce soir :<\/p>\n\n\n\n<div style=\"height:7px\" aria-hidden=\"true\" class=\"wp-block-spacer\"><\/div>\n\n\n\n<div style=\"height:7px\" aria-hidden=\"true\" class=\"wp-block-spacer\"><\/div>\n\n\n\n<p>A l\u2019image des athl\u00e8tes qui nous ont tant inspir\u00e9s, \u00e0 l\u2019image de celles et ceux qui ont repouss\u00e9 toutes les limites pour faire de ces Jeux un succ\u00e8s, continuons d\u2019essayer, d\u2019\u00e9chouer et de se relever.<\/p>\n\n\n\n<p>Continuons de faire&nbsp;!<\/p>\n\n\n\n<p>Continuons d\u2019y croire&nbsp;!<\/p>\n\n\n\n<p>Et surtout\u2026 continuons d\u2019oser.<\/p>\n","protected":false},"featured_media":21765,"template":"","cat-theme":[70],"cat-axe":[],"class_list":["post-21764","blog","type-blog","status-publish","has-post-thumbnail","hentry","cat-theme-confiance"],"acf":[],"yoast_head":"<!-- This site is optimized with the Yoast SEO plugin v26.5 - https:\/\/yoast.com\/wordpress\/plugins\/seo\/ -->\n<title>Cet \u00e9t\u00e9 o\u00f9 la France \u00e9tait heureuse. - Les Rencontres \u00c9conomiques<\/title>\n<meta name=\"robots\" content=\"index, follow, max-snippet:-1, max-image-preview:large, max-video-preview:-1\" \/>\n<link rel=\"canonical\" href=\"https:\/\/www.lesrencontreseconomiques.fr\/debats-idees\/cet-ete-ou-la-france-etait-heureuse\/\" \/>\n<meta property=\"og:locale\" content=\"fr_FR\" \/>\n<meta property=\"og:type\" content=\"article\" \/>\n<meta property=\"og:description\" content=\"Quand le soir de la finale de BMX race, Joris Daudet s\u2019est retourn\u00e9 \u00e0 la seconde o\u00f9 il a franchi la ligne d\u2019arriv\u00e9e pour voir si ses copains allaient monter aussi sur le podium, on a explos\u00e9 de joie avec lui. Quand Aur\u00e9lie Aubert a remport\u00e9 son titre en boccia, on a pleur\u00e9 avec elle. [&hellip;]\" \/>\n<meta property=\"og:url\" content=\"https:\/\/www.lesrencontreseconomiques.fr\/debats-idees\/cet-ete-ou-la-france-etait-heureuse\/\" \/>\n<meta property=\"og:site_name\" content=\"Les Rencontres \u00c9conomiques\" \/>\n<meta property=\"article:publisher\" content=\"https:\/\/www.facebook.com\/Le.Cercle.des.Economistes\/\" \/>\n<meta property=\"article:modified_time\" content=\"2025-06-18T12:25:29+00:00\" \/>\n<meta property=\"og:image\" content=\"https:\/\/www.lesrencontreseconomiques.fr\/wp-content\/uploads\/2025\/06\/comment-regarder_jo-1024x683-1.png\" \/>\n\t<meta property=\"og:image:width\" content=\"1024\" \/>\n\t<meta property=\"og:image:height\" content=\"683\" \/>\n\t<meta property=\"og:image:type\" content=\"image\/png\" \/>\n<meta name=\"twitter:card\" content=\"summary_large_image\" \/>\n<meta name=\"twitter:site\" content=\"@Cercle_eco\" \/>\n<meta name=\"twitter:label1\" content=\"Dur\u00e9e de lecture estim\u00e9e\" \/>\n\t<meta name=\"twitter:data1\" content=\"4 minutes\" \/>\n<script type=\"application\/ld+json\" class=\"yoast-schema-graph\">{\"@context\":\"https:\/\/schema.org\",\"@graph\":[{\"@type\":\"WebPage\",\"@id\":\"https:\/\/www.lesrencontreseconomiques.fr\/debats-idees\/cet-ete-ou-la-france-etait-heureuse\/\",\"url\":\"https:\/\/www.lesrencontreseconomiques.fr\/debats-idees\/cet-ete-ou-la-france-etait-heureuse\/\",\"name\":\"Cet \u00e9t\u00e9 o\u00f9 la France \u00e9tait heureuse. - Les Rencontres \u00c9conomiques\",\"isPartOf\":{\"@id\":\"https:\/\/www.lesrencontreseconomiques.fr\/#website\"},\"primaryImageOfPage\":{\"@id\":\"https:\/\/www.lesrencontreseconomiques.fr\/debats-idees\/cet-ete-ou-la-france-etait-heureuse\/#primaryimage\"},\"image\":{\"@id\":\"https:\/\/www.lesrencontreseconomiques.fr\/debats-idees\/cet-ete-ou-la-france-etait-heureuse\/#primaryimage\"},\"thumbnailUrl\":\"https:\/\/www.lesrencontreseconomiques.fr\/wp-content\/uploads\/2025\/06\/comment-regarder_jo-1024x683-1.png\",\"datePublished\":\"2025-06-18T12:25:27+00:00\",\"dateModified\":\"2025-06-18T12:25:29+00:00\",\"breadcrumb\":{\"@id\":\"https:\/\/www.lesrencontreseconomiques.fr\/debats-idees\/cet-ete-ou-la-france-etait-heureuse\/#breadcrumb\"},\"inLanguage\":\"fr-FR\",\"potentialAction\":[{\"@type\":\"ReadAction\",\"target\":[\"https:\/\/www.lesrencontreseconomiques.fr\/debats-idees\/cet-ete-ou-la-france-etait-heureuse\/\"]}]},{\"@type\":\"ImageObject\",\"inLanguage\":\"fr-FR\",\"@id\":\"https:\/\/www.lesrencontreseconomiques.fr\/debats-idees\/cet-ete-ou-la-france-etait-heureuse\/#primaryimage\",\"url\":\"https:\/\/www.lesrencontreseconomiques.fr\/wp-content\/uploads\/2025\/06\/comment-regarder_jo-1024x683-1.png\",\"contentUrl\":\"https:\/\/www.lesrencontreseconomiques.fr\/wp-content\/uploads\/2025\/06\/comment-regarder_jo-1024x683-1.png\",\"width\":1024,\"height\":683},{\"@type\":\"BreadcrumbList\",\"@id\":\"https:\/\/www.lesrencontreseconomiques.fr\/debats-idees\/cet-ete-ou-la-france-etait-heureuse\/#breadcrumb\",\"itemListElement\":[{\"@type\":\"ListItem\",\"position\":1,\"name\":\"Accueil\",\"item\":\"https:\/\/www.lesrencontreseconomiques.fr\/\"},{\"@type\":\"ListItem\",\"position\":2,\"name\":\"D\u00e9bats & Id\u00e9es\",\"item\":\"https:\/\/www.lesrencontreseconomiques.fr\/debats-idees\/\"},{\"@type\":\"ListItem\",\"position\":3,\"name\":\"Cet \u00e9t\u00e9 o\u00f9 la France \u00e9tait heureuse.\"}]},{\"@type\":\"WebSite\",\"@id\":\"https:\/\/www.lesrencontreseconomiques.fr\/#website\",\"url\":\"https:\/\/www.lesrencontreseconomiques.fr\/\",\"name\":\"Les Rencontres \u00c9conomiques\",\"description\":\"\",\"potentialAction\":[{\"@type\":\"SearchAction\",\"target\":{\"@type\":\"EntryPoint\",\"urlTemplate\":\"https:\/\/www.lesrencontreseconomiques.fr\/?s={search_term_string}\"},\"query-input\":{\"@type\":\"PropertyValueSpecification\",\"valueRequired\":true,\"valueName\":\"search_term_string\"}}],\"inLanguage\":\"fr-FR\"}]}<\/script>\n<!-- \/ Yoast SEO plugin. -->","yoast_head_json":{"title":"Cet \u00e9t\u00e9 o\u00f9 la France \u00e9tait heureuse. - Les Rencontres \u00c9conomiques","robots":{"index":"index","follow":"follow","max-snippet":"max-snippet:-1","max-image-preview":"max-image-preview:large","max-video-preview":"max-video-preview:-1"},"canonical":"https:\/\/www.lesrencontreseconomiques.fr\/debats-idees\/cet-ete-ou-la-france-etait-heureuse\/","og_locale":"fr_FR","og_type":"article","og_description":"Quand le soir de la finale de BMX race, Joris Daudet s\u2019est retourn\u00e9 \u00e0 la seconde o\u00f9 il a franchi la ligne d\u2019arriv\u00e9e pour voir si ses copains allaient monter aussi sur le podium, on a explos\u00e9 de joie avec lui. Quand Aur\u00e9lie Aubert a remport\u00e9 son titre en boccia, on a pleur\u00e9 avec elle. [&hellip;]","og_url":"https:\/\/www.lesrencontreseconomiques.fr\/debats-idees\/cet-ete-ou-la-france-etait-heureuse\/","og_site_name":"Les Rencontres \u00c9conomiques","article_publisher":"https:\/\/www.facebook.com\/Le.Cercle.des.Economistes\/","article_modified_time":"2025-06-18T12:25:29+00:00","og_image":[{"width":1024,"height":683,"url":"https:\/\/www.lesrencontreseconomiques.fr\/wp-content\/uploads\/2025\/06\/comment-regarder_jo-1024x683-1.png","type":"image\/png"}],"twitter_card":"summary_large_image","twitter_site":"@Cercle_eco","twitter_misc":{"Dur\u00e9e de lecture estim\u00e9e":"4 minutes"},"schema":{"@context":"https:\/\/schema.org","@graph":[{"@type":"WebPage","@id":"https:\/\/www.lesrencontreseconomiques.fr\/debats-idees\/cet-ete-ou-la-france-etait-heureuse\/","url":"https:\/\/www.lesrencontreseconomiques.fr\/debats-idees\/cet-ete-ou-la-france-etait-heureuse\/","name":"Cet \u00e9t\u00e9 o\u00f9 la France \u00e9tait heureuse. - Les Rencontres \u00c9conomiques","isPartOf":{"@id":"https:\/\/www.lesrencontreseconomiques.fr\/#website"},"primaryImageOfPage":{"@id":"https:\/\/www.lesrencontreseconomiques.fr\/debats-idees\/cet-ete-ou-la-france-etait-heureuse\/#primaryimage"},"image":{"@id":"https:\/\/www.lesrencontreseconomiques.fr\/debats-idees\/cet-ete-ou-la-france-etait-heureuse\/#primaryimage"},"thumbnailUrl":"https:\/\/www.lesrencontreseconomiques.fr\/wp-content\/uploads\/2025\/06\/comment-regarder_jo-1024x683-1.png","datePublished":"2025-06-18T12:25:27+00:00","dateModified":"2025-06-18T12:25:29+00:00","breadcrumb":{"@id":"https:\/\/www.lesrencontreseconomiques.fr\/debats-idees\/cet-ete-ou-la-france-etait-heureuse\/#breadcrumb"},"inLanguage":"fr-FR","potentialAction":[{"@type":"ReadAction","target":["https:\/\/www.lesrencontreseconomiques.fr\/debats-idees\/cet-ete-ou-la-france-etait-heureuse\/"]}]},{"@type":"ImageObject","inLanguage":"fr-FR","@id":"https:\/\/www.lesrencontreseconomiques.fr\/debats-idees\/cet-ete-ou-la-france-etait-heureuse\/#primaryimage","url":"https:\/\/www.lesrencontreseconomiques.fr\/wp-content\/uploads\/2025\/06\/comment-regarder_jo-1024x683-1.png","contentUrl":"https:\/\/www.lesrencontreseconomiques.fr\/wp-content\/uploads\/2025\/06\/comment-regarder_jo-1024x683-1.png","width":1024,"height":683},{"@type":"BreadcrumbList","@id":"https:\/\/www.lesrencontreseconomiques.fr\/debats-idees\/cet-ete-ou-la-france-etait-heureuse\/#breadcrumb","itemListElement":[{"@type":"ListItem","position":1,"name":"Accueil","item":"https:\/\/www.lesrencontreseconomiques.fr\/"},{"@type":"ListItem","position":2,"name":"D\u00e9bats & Id\u00e9es","item":"https:\/\/www.lesrencontreseconomiques.fr\/debats-idees\/"},{"@type":"ListItem","position":3,"name":"Cet \u00e9t\u00e9 o\u00f9 la France \u00e9tait heureuse."}]},{"@type":"WebSite","@id":"https:\/\/www.lesrencontreseconomiques.fr\/#website","url":"https:\/\/www.lesrencontreseconomiques.fr\/","name":"Les Rencontres \u00c9conomiques","description":"","potentialAction":[{"@type":"SearchAction","target":{"@type":"EntryPoint","urlTemplate":"https:\/\/www.lesrencontreseconomiques.fr\/?s={search_term_string}"},"query-input":{"@type":"PropertyValueSpecification","valueRequired":true,"valueName":"search_term_string"}}],"inLanguage":"fr-FR"}]}},"_links":{"self":[{"href":"https:\/\/www.lesrencontreseconomiques.fr\/wp-json\/wp\/v2\/blog\/21764","targetHints":{"allow":["GET"]}}],"collection":[{"href":"https:\/\/www.lesrencontreseconomiques.fr\/wp-json\/wp\/v2\/blog"}],"about":[{"href":"https:\/\/www.lesrencontreseconomiques.fr\/wp-json\/wp\/v2\/types\/blog"}],"wp:featuredmedia":[{"embeddable":true,"href":"https:\/\/www.lesrencontreseconomiques.fr\/wp-json\/wp\/v2\/media\/21765"}],"wp:attachment":[{"href":"https:\/\/www.lesrencontreseconomiques.fr\/wp-json\/wp\/v2\/media?parent=21764"}],"wp:term":[{"taxonomy":"cat-theme","embeddable":true,"href":"https:\/\/www.lesrencontreseconomiques.fr\/wp-json\/wp\/v2\/cat-theme?post=21764"},{"taxonomy":"cat-axe","embeddable":true,"href":"https:\/\/www.lesrencontreseconomiques.fr\/wp-json\/wp\/v2\/cat-axe?post=21764"}],"curies":[{"name":"wp","href":"https:\/\/api.w.org\/{rel}","templated":true}]}}