{"id":21686,"date":"2025-06-17T10:13:57","date_gmt":"2025-06-17T08:13:57","guid":{"rendered":"https:\/\/www.lesrencontreseconomiques.fr\/?post_type=blog&#038;p=21686"},"modified":"2025-06-17T10:13:58","modified_gmt":"2025-06-17T08:13:58","slug":"neets-la-difficile-integration","status":"publish","type":"blog","link":"https:\/\/www.lesrencontreseconomiques.fr\/debats-idees\/neets-la-difficile-integration\/","title":{"rendered":"NEETS\u00a0: la difficile int\u00e9gration"},"content":{"rendered":"\n<div style=\"height:14px\" aria-hidden=\"true\" class=\"wp-block-spacer\"><\/div>\n\n\n\n<p><em>Les NEETs, une population h\u00e9t\u00e9rog\u00e8ne, pour laquelle le dipl\u00f4me est un facteur d\u00e9terminant<\/em><\/p>\n\n\n\n<div style=\"height:14px\" aria-hidden=\"true\" class=\"wp-block-spacer\"><\/div>\n\n\n\n<p>Fin 2024, la part des jeunes de 15 \u00e0 29 ans qui ne sont ni en emploi, ni en \u00e9tudes, ni en formation (NEET pour \u00ab\u00a0neither in employment nor in education or training\u00a0\u00bb) est de 12,8%. La part de NEETs en France se situe au-dessus de la moyenne europ\u00e9enne (11,2% en 2023). Concr\u00e8tement, fin 2024, la France compte 1,4 millions de jeunes NEETs, c\u2019est-\u00e0-dire plus d\u2019un jeune sur 8, et pr\u00e8s d\u20191 jeune sur 3 dans les quartiers prioritaires de la ville (29% selon l\u2019ANACT et l\u2019INSEE).\u00a0Parmi les 1,4 millions de NEETS, on distingue les ch\u00f4meurs classiques, les jeunes nouvellement dipl\u00f4m\u00e9s du sup\u00e9rieur qui recherchent un emploi (16% des NEETs selon l\u2019\u00e9tude de l\u2019INJEP en 2020), les jeunes en transition \u00e0 la recherche d\u2019un emploi id\u00e9al, ceux qui se consacrent temporairement \u00e0 d\u2019autres activit\u00e9s, des jeunes malades, handicap\u00e9s ou ayant des responsabilit\u00e9s familiales, et des jeunes marginalis\u00e9s.\u00a0L\u2019origine sociale p\u00e8se lourd puisque\u00a043% des NEETs ont un p\u00e8re ouvrier et 12% un p\u00e8re employ\u00e9 (INJEP 2020).\u00a0Par ailleurs, une enqu\u00eate men\u00e9e par l\u2019institut de sondage IFOP et r\u00e9alis\u00e9e en d\u00e9cembre 2021 aupr\u00e8s de 1100 jeunes \u00e2g\u00e9s de 15 \u00e0 24 ans en situation de d\u00e9crochage indique que\u00a034% des NEETS interrog\u00e9s ont abandonn\u00e9 les cours ou une formation durant leur parcours scolaire<em>\u00a0<\/em>(48% l\u2019ont fait au lyc\u00e9e contre 19% au coll\u00e8ge et 29% dans l\u2019enseignement sup\u00e9rieur). De fait, c\u2019est la situation des jeunes d\u00e9crocheurs qui semble la plus pr\u00e9occupante. Pour rappel, chaque ann\u00e9e, pr\u00e8s de 80000 jeunes sortent du syst\u00e8me de formation initiale sans avoir obtenu une qualification \u00e9quivalente au baccalaur\u00e9at ou un dipl\u00f4me \u00e0 finalit\u00e9 professionnelle. Parmi eux, on d\u00e9nombre 60000 mineurs.\u00a0Le dipl\u00f4me appara\u00eet comme un facteur d\u00e9terminant de la situation des NEETs. Ainsi, selon l\u2019INJEP (2020),\u00a0les sans dipl\u00f4me \u00e9loign\u00e9s de l\u2019emploi repr\u00e9sentent 20% des NEETs. On y retrouve les NEETs les plus vuln\u00e9rables\u00a0: 70% sont sans dipl\u00f4me et 77% n\u2019ont jamais travaill\u00e9.\u00a0Au total, 29% des NEETs sont sans dipl\u00f4me, et 26% poss\u00e8dent un CAP ou un BEP. Ainsi, \u00eatre sans dipl\u00f4me installe les jeunes dans le ch\u00f4mage et la pr\u00e9carit\u00e9.<\/p>\n\n\n\n<div style=\"height:14px\" aria-hidden=\"true\" class=\"wp-block-spacer\"><\/div>\n\n\n\n<p><em>Politique \u00e9ducative et d\u00e9terminisme social<\/em><\/p>\n\n\n\n<div style=\"height:14px\" aria-hidden=\"true\" class=\"wp-block-spacer\"><\/div>\n\n\n\n<p>La\u00a0France est un des pays de l\u2019OCDE o\u00f9 l\u2019origine sociale p\u00e8se le plus dans les r\u00e9sultats scolaires selon les enqu\u00eates PISA.\u00a0En outre, la cartographie fran\u00e7aise des \u00e9coles et des coll\u00e8ges selon leur indice de position sociale repr\u00e9sentant la situation sociale des \u00e9l\u00e8ves face aux apprentissages, montre une concentration d\u2019enfants de milieu modeste au sein des m\u00eames \u00e9tablissements, et de surcro\u00eet au sein de communes ou quartiers \u00e0 faible revenu. Par ailleurs, les \u00e9tablissements priv\u00e9s concentrent en surnombre les \u00e9l\u00e8ves les plus favoris\u00e9s. L\u2019absence de mixit\u00e9 sociale \u00e0 l\u2019\u00e9cole ne permet pas de corriger les in\u00e9galit\u00e9s li\u00e9es au milieu social d\u2019origine par le biais d\u2019effets de pairs.\u00a0Enfin, ce\u00a0fort d\u00e9terminisme social s\u2019accompagne d\u2019une faible d\u00e9pense\u00a0par \u00e9l\u00e8ve dans l\u2019\u00e9ducation primaire, qui ne permet pas d\u2019att\u00e9nuer les diff\u00e9rences culturelles initiales li\u00e9es \u00e0 l\u2019origine familiale.<\/p>\n\n\n\n<div style=\"height:14px\" aria-hidden=\"true\" class=\"wp-block-spacer\"><\/div>\n\n\n\n<div style=\"height:14px\" aria-hidden=\"true\" class=\"wp-block-spacer\"><\/div>\n\n\n\n<p><em>Un co\u00fbt et un manque \u00e0 gagner consid\u00e9rables<\/em><\/p>\n\n\n\n<div style=\"height:14px\" aria-hidden=\"true\" class=\"wp-block-spacer\"><\/div>\n\n\n\n<p>Le co\u00fbt direct des NEETs est consid\u00e9rable. En 2011, en comptabilisant l\u2019ensemble des NEETs, le co\u00fbt total de la non-inclusion \u00e9conomique et sociale de ces jeunes \u00e9tait estim\u00e9 \u00e0 22,2 milliards d\u2019euros pour l\u2019\u00c9tat fran\u00e7ais, ce qui repr\u00e9sentait 1,11% du PIB fran\u00e7ais (Eurofound, 2012). A l\u2019\u00e9chelle europ\u00e9enne, le co\u00fbt total s\u2019\u00e9levait \u00e0 153 milliards d\u2019euros, soit plus de 1,2% du PIB europ\u00e9en. A ce co\u00fbt direct, il faut ajouter le manque \u00e0 gagner de la non-int\u00e9gration \u00e9conomique et sociale de ces jeunes, car ces derniers sont d\u2019abord et avant tout des jeunes qui pourraient contribuer au d\u00e9veloppement de l\u2019activit\u00e9 \u00e9conomique et sociale. Selon une note du Cercle des \u00e9conomistes (2021), l&rsquo;int\u00e9gration \u00e9conomique des NEETs permettrait un gain de croissance de 0,4 points de PIB environ, ce qui est loin d\u2019\u00eatre n\u00e9gligeable.<\/p>\n\n\n\n<div style=\"height:14px\" aria-hidden=\"true\" class=\"wp-block-spacer\"><\/div>\n\n\n\n<p><em>Comment ins\u00e9rer \u00e9conomiquement et socialement les NEETs de fa\u00e7on durable\u00a0?<\/em><\/p>\n\n\n\n<div style=\"height:14px\" aria-hidden=\"true\" class=\"wp-block-spacer\"><\/div>\n\n\n\n<p>En conclusion, si l\u2019on veut ins\u00e9rer\u00a0\u00e9conomiquement et socialement les jeunes NEETs de fa\u00e7on durable, il faut\u00a0d\u2019abord r\u00e9duire les d\u00e9terminismes sociaux \u00e0 l\u2019\u00e9cole de mani\u00e8re \u00e0 favoriser l\u2019acc\u00e8s \u00e0 la qualification des jeunes issus des milieux modestes. Ensuite, il faut\u00a0poursuivre le d\u00e9veloppement des \u00e9coles de la deuxi\u00e8me chance, des EPIDE et des \u00e9coles de production, notamment sur les territoires o\u00f9 le nombre de NEETs est le plus important. On pourrait \u00e9galement Renforcer les partenariats de l\u2019AFPA, des missions locales, des EPIDE, des \u00e9coles de la seconde chance pour d\u00e9velopper les comp\u00e9tences de ces jeunes et r\u00e9pondre notamment aux besoins dans les secteurs en tension. Enfin, il serait utile d\u2019instaurer un suivi de cohorte des jeunes engag\u00e9s en Contrat d\u2019Engagement Jeune et au sein de la \u00ab\u00a0Promo 16-18\u00a0\u00bb pour am\u00e9liorer l\u2019efficacit\u00e9 des dispositifs en proposant des accompagnements compl\u00e9mentaires ou davantage cibl\u00e9s, et en renfor\u00e7ant l\u2019implication des b\u00e9n\u00e9ficiaires.\u00a0<\/p>\n","protected":false},"featured_media":21687,"template":"","cat-theme":[68],"cat-axe":[],"class_list":["post-21686","blog","type-blog","status-publish","has-post-thumbnail","hentry","cat-theme-social-demographie"],"acf":[],"yoast_head":"<!-- This site is optimized with the Yoast SEO plugin v26.5 - https:\/\/yoast.com\/wordpress\/plugins\/seo\/ -->\n<title>NEETS\u00a0: la difficile int\u00e9gration - Les Rencontres \u00c9conomiques<\/title>\n<meta name=\"robots\" content=\"index, follow, max-snippet:-1, max-image-preview:large, max-video-preview:-1\" \/>\n<link rel=\"canonical\" href=\"https:\/\/www.lesrencontreseconomiques.fr\/debats-idees\/neets-la-difficile-integration\/\" \/>\n<meta property=\"og:locale\" content=\"fr_FR\" \/>\n<meta property=\"og:type\" content=\"article\" \/>\n<meta property=\"og:description\" content=\"Les NEETs, une population h\u00e9t\u00e9rog\u00e8ne, pour laquelle le dipl\u00f4me est un facteur d\u00e9terminant Fin 2024, la part des jeunes de 15 \u00e0 29 ans qui ne sont ni en emploi, ni en \u00e9tudes, ni en formation (NEET pour \u00ab\u00a0neither in employment nor in education or training\u00a0\u00bb) est de 12,8%. La part de NEETs en France [&hellip;]\" \/>\n<meta property=\"og:url\" content=\"https:\/\/www.lesrencontreseconomiques.fr\/debats-idees\/neets-la-difficile-integration\/\" \/>\n<meta property=\"og:site_name\" content=\"Les Rencontres \u00c9conomiques\" \/>\n<meta property=\"article:publisher\" content=\"https:\/\/www.facebook.com\/Le.Cercle.des.Economistes\/\" \/>\n<meta property=\"article:modified_time\" content=\"2025-06-17T08:13:58+00:00\" \/>\n<meta property=\"og:image\" content=\"https:\/\/www.lesrencontreseconomiques.fr\/wp-content\/uploads\/2025\/06\/AdobeStock_232227921.jpeg\" \/>\n\t<meta property=\"og:image:width\" content=\"1600\" \/>\n\t<meta property=\"og:image:height\" content=\"1067\" \/>\n\t<meta property=\"og:image:type\" content=\"image\/jpeg\" \/>\n<meta name=\"twitter:card\" content=\"summary_large_image\" \/>\n<meta name=\"twitter:site\" content=\"@Cercle_eco\" \/>\n<meta name=\"twitter:label1\" content=\"Dur\u00e9e de lecture estim\u00e9e\" \/>\n\t<meta name=\"twitter:data1\" content=\"5 minutes\" \/>\n<script type=\"application\/ld+json\" class=\"yoast-schema-graph\">{\"@context\":\"https:\/\/schema.org\",\"@graph\":[{\"@type\":\"WebPage\",\"@id\":\"https:\/\/www.lesrencontreseconomiques.fr\/debats-idees\/neets-la-difficile-integration\/\",\"url\":\"https:\/\/www.lesrencontreseconomiques.fr\/debats-idees\/neets-la-difficile-integration\/\",\"name\":\"NEETS\u00a0: la difficile int\u00e9gration - Les Rencontres \u00c9conomiques\",\"isPartOf\":{\"@id\":\"https:\/\/www.lesrencontreseconomiques.fr\/#website\"},\"primaryImageOfPage\":{\"@id\":\"https:\/\/www.lesrencontreseconomiques.fr\/debats-idees\/neets-la-difficile-integration\/#primaryimage\"},\"image\":{\"@id\":\"https:\/\/www.lesrencontreseconomiques.fr\/debats-idees\/neets-la-difficile-integration\/#primaryimage\"},\"thumbnailUrl\":\"https:\/\/www.lesrencontreseconomiques.fr\/wp-content\/uploads\/2025\/06\/AdobeStock_232227921.jpeg\",\"datePublished\":\"2025-06-17T08:13:57+00:00\",\"dateModified\":\"2025-06-17T08:13:58+00:00\",\"breadcrumb\":{\"@id\":\"https:\/\/www.lesrencontreseconomiques.fr\/debats-idees\/neets-la-difficile-integration\/#breadcrumb\"},\"inLanguage\":\"fr-FR\",\"potentialAction\":[{\"@type\":\"ReadAction\",\"target\":[\"https:\/\/www.lesrencontreseconomiques.fr\/debats-idees\/neets-la-difficile-integration\/\"]}]},{\"@type\":\"ImageObject\",\"inLanguage\":\"fr-FR\",\"@id\":\"https:\/\/www.lesrencontreseconomiques.fr\/debats-idees\/neets-la-difficile-integration\/#primaryimage\",\"url\":\"https:\/\/www.lesrencontreseconomiques.fr\/wp-content\/uploads\/2025\/06\/AdobeStock_232227921.jpeg\",\"contentUrl\":\"https:\/\/www.lesrencontreseconomiques.fr\/wp-content\/uploads\/2025\/06\/AdobeStock_232227921.jpeg\",\"width\":1600,\"height\":1067},{\"@type\":\"BreadcrumbList\",\"@id\":\"https:\/\/www.lesrencontreseconomiques.fr\/debats-idees\/neets-la-difficile-integration\/#breadcrumb\",\"itemListElement\":[{\"@type\":\"ListItem\",\"position\":1,\"name\":\"Accueil\",\"item\":\"https:\/\/www.lesrencontreseconomiques.fr\/\"},{\"@type\":\"ListItem\",\"position\":2,\"name\":\"D\u00e9bats & Id\u00e9es\",\"item\":\"https:\/\/www.lesrencontreseconomiques.fr\/debats-idees\/\"},{\"@type\":\"ListItem\",\"position\":3,\"name\":\"NEETS\u00a0: la difficile int\u00e9gration\"}]},{\"@type\":\"WebSite\",\"@id\":\"https:\/\/www.lesrencontreseconomiques.fr\/#website\",\"url\":\"https:\/\/www.lesrencontreseconomiques.fr\/\",\"name\":\"Les Rencontres \u00c9conomiques\",\"description\":\"\",\"potentialAction\":[{\"@type\":\"SearchAction\",\"target\":{\"@type\":\"EntryPoint\",\"urlTemplate\":\"https:\/\/www.lesrencontreseconomiques.fr\/?s={search_term_string}\"},\"query-input\":{\"@type\":\"PropertyValueSpecification\",\"valueRequired\":true,\"valueName\":\"search_term_string\"}}],\"inLanguage\":\"fr-FR\"}]}<\/script>\n<!-- \/ Yoast SEO plugin. -->","yoast_head_json":{"title":"NEETS\u00a0: la difficile int\u00e9gration - Les Rencontres \u00c9conomiques","robots":{"index":"index","follow":"follow","max-snippet":"max-snippet:-1","max-image-preview":"max-image-preview:large","max-video-preview":"max-video-preview:-1"},"canonical":"https:\/\/www.lesrencontreseconomiques.fr\/debats-idees\/neets-la-difficile-integration\/","og_locale":"fr_FR","og_type":"article","og_description":"Les NEETs, une population h\u00e9t\u00e9rog\u00e8ne, pour laquelle le dipl\u00f4me est un facteur d\u00e9terminant Fin 2024, la part des jeunes de 15 \u00e0 29 ans qui ne sont ni en emploi, ni en \u00e9tudes, ni en formation (NEET pour \u00ab\u00a0neither in employment nor in education or training\u00a0\u00bb) est de 12,8%. La part de NEETs en France [&hellip;]","og_url":"https:\/\/www.lesrencontreseconomiques.fr\/debats-idees\/neets-la-difficile-integration\/","og_site_name":"Les Rencontres \u00c9conomiques","article_publisher":"https:\/\/www.facebook.com\/Le.Cercle.des.Economistes\/","article_modified_time":"2025-06-17T08:13:58+00:00","og_image":[{"width":1600,"height":1067,"url":"https:\/\/www.lesrencontreseconomiques.fr\/wp-content\/uploads\/2025\/06\/AdobeStock_232227921.jpeg","type":"image\/jpeg"}],"twitter_card":"summary_large_image","twitter_site":"@Cercle_eco","twitter_misc":{"Dur\u00e9e de lecture estim\u00e9e":"5 minutes"},"schema":{"@context":"https:\/\/schema.org","@graph":[{"@type":"WebPage","@id":"https:\/\/www.lesrencontreseconomiques.fr\/debats-idees\/neets-la-difficile-integration\/","url":"https:\/\/www.lesrencontreseconomiques.fr\/debats-idees\/neets-la-difficile-integration\/","name":"NEETS\u00a0: la difficile int\u00e9gration - Les Rencontres \u00c9conomiques","isPartOf":{"@id":"https:\/\/www.lesrencontreseconomiques.fr\/#website"},"primaryImageOfPage":{"@id":"https:\/\/www.lesrencontreseconomiques.fr\/debats-idees\/neets-la-difficile-integration\/#primaryimage"},"image":{"@id":"https:\/\/www.lesrencontreseconomiques.fr\/debats-idees\/neets-la-difficile-integration\/#primaryimage"},"thumbnailUrl":"https:\/\/www.lesrencontreseconomiques.fr\/wp-content\/uploads\/2025\/06\/AdobeStock_232227921.jpeg","datePublished":"2025-06-17T08:13:57+00:00","dateModified":"2025-06-17T08:13:58+00:00","breadcrumb":{"@id":"https:\/\/www.lesrencontreseconomiques.fr\/debats-idees\/neets-la-difficile-integration\/#breadcrumb"},"inLanguage":"fr-FR","potentialAction":[{"@type":"ReadAction","target":["https:\/\/www.lesrencontreseconomiques.fr\/debats-idees\/neets-la-difficile-integration\/"]}]},{"@type":"ImageObject","inLanguage":"fr-FR","@id":"https:\/\/www.lesrencontreseconomiques.fr\/debats-idees\/neets-la-difficile-integration\/#primaryimage","url":"https:\/\/www.lesrencontreseconomiques.fr\/wp-content\/uploads\/2025\/06\/AdobeStock_232227921.jpeg","contentUrl":"https:\/\/www.lesrencontreseconomiques.fr\/wp-content\/uploads\/2025\/06\/AdobeStock_232227921.jpeg","width":1600,"height":1067},{"@type":"BreadcrumbList","@id":"https:\/\/www.lesrencontreseconomiques.fr\/debats-idees\/neets-la-difficile-integration\/#breadcrumb","itemListElement":[{"@type":"ListItem","position":1,"name":"Accueil","item":"https:\/\/www.lesrencontreseconomiques.fr\/"},{"@type":"ListItem","position":2,"name":"D\u00e9bats & Id\u00e9es","item":"https:\/\/www.lesrencontreseconomiques.fr\/debats-idees\/"},{"@type":"ListItem","position":3,"name":"NEETS\u00a0: la difficile int\u00e9gration"}]},{"@type":"WebSite","@id":"https:\/\/www.lesrencontreseconomiques.fr\/#website","url":"https:\/\/www.lesrencontreseconomiques.fr\/","name":"Les Rencontres \u00c9conomiques","description":"","potentialAction":[{"@type":"SearchAction","target":{"@type":"EntryPoint","urlTemplate":"https:\/\/www.lesrencontreseconomiques.fr\/?s={search_term_string}"},"query-input":{"@type":"PropertyValueSpecification","valueRequired":true,"valueName":"search_term_string"}}],"inLanguage":"fr-FR"}]}},"_links":{"self":[{"href":"https:\/\/www.lesrencontreseconomiques.fr\/wp-json\/wp\/v2\/blog\/21686","targetHints":{"allow":["GET"]}}],"collection":[{"href":"https:\/\/www.lesrencontreseconomiques.fr\/wp-json\/wp\/v2\/blog"}],"about":[{"href":"https:\/\/www.lesrencontreseconomiques.fr\/wp-json\/wp\/v2\/types\/blog"}],"wp:featuredmedia":[{"embeddable":true,"href":"https:\/\/www.lesrencontreseconomiques.fr\/wp-json\/wp\/v2\/media\/21687"}],"wp:attachment":[{"href":"https:\/\/www.lesrencontreseconomiques.fr\/wp-json\/wp\/v2\/media?parent=21686"}],"wp:term":[{"taxonomy":"cat-theme","embeddable":true,"href":"https:\/\/www.lesrencontreseconomiques.fr\/wp-json\/wp\/v2\/cat-theme?post=21686"},{"taxonomy":"cat-axe","embeddable":true,"href":"https:\/\/www.lesrencontreseconomiques.fr\/wp-json\/wp\/v2\/cat-axe?post=21686"}],"curies":[{"name":"wp","href":"https:\/\/api.w.org\/{rel}","templated":true}]}}