{"id":21603,"date":"2025-06-16T14:39:41","date_gmt":"2025-06-16T12:39:41","guid":{"rendered":"https:\/\/www.lesrencontreseconomiques.fr\/?post_type=blog&#038;p=21603"},"modified":"2025-06-16T14:40:20","modified_gmt":"2025-06-16T12:40:20","slug":"elargir-le-mandat-des-banques-centrales-sans-compromettre-la-stabilite-des-prix","status":"publish","type":"blog","link":"https:\/\/www.lesrencontreseconomiques.fr\/debats-idees\/elargir-le-mandat-des-banques-centrales-sans-compromettre-la-stabilite-des-prix\/","title":{"rendered":"\u00c9largir le mandat des banques centrales sans compromettre la stabilit\u00e9 des prix"},"content":{"rendered":"\n<p>Le philosophe grec H\u00e9raclite a dit un jour\u00a0: \u00ab\u00a0Tout change, rien ne reste.\u00bb Pour les banques centrales, la situation a beaucoup chang\u00e9. Avant l&rsquo;\u00e9clatement de la \u00ab\u00a0Grande Inflation\u00a0\u00bb des ann\u00e9es\u00a01970, rares \u00e9taient ceux qui pr\u00eataient attention aux propos des banquiers centraux. Aujourd&rsquo;hui, les d\u00e9cisions de politique mon\u00e9taire peuvent fa\u00e7onner et \u00e9branler les march\u00e9s financiers.<\/p>\n\n\n\n<div style=\"height:11px\" aria-hidden=\"true\" class=\"wp-block-spacer\"><\/div>\n\n\n\n<p><br>La situation a \u00e9galement \u00e9volu\u00e9 dans le secteur des banques centrales sur d&rsquo;autres plans importants.<\/p>\n\n\n\n<div style=\"height:11px\" aria-hidden=\"true\" class=\"wp-block-spacer\"><\/div>\n\n\n\n<p><br>Au lendemain de la Grande Inflation, la plupart des banques centrales ont fait de la stabilit\u00e9 des prix l&rsquo;objectif principal de leur politique <\/p>\n\n\n\n<p>mon\u00e9taire, et le nombre de banques centrales politiquement ind\u00e9pendantes a fortement augment\u00e9. La Banque centrale europ\u00e9enne (BCE) est une banque centrale \u00e0 la fois ind\u00e9pendante et soumise \u00e0 des mesures l\u00e9gislatives visant \u00e0 assurer la stabilit\u00e9 des prix.<\/p>\n\n\n\n<div style=\"height:11px\" aria-hidden=\"true\" class=\"wp-block-spacer\"><\/div>\n\n\n\n<p><br>Au lendemain de la crise financi\u00e8re mondiale, le mandat de nombreuses banques centrales a \u00e9t\u00e9 \u00e9largi \u00e0 des objectifs de stabilit\u00e9 financi\u00e8re, et certaines se sont vu confier la responsabilit\u00e9 exclusive ou conjointe des missions macroprudentielles. Dans la zone euro, la supervision directe des banques importantes a \u00e9t\u00e9 confi\u00e9e \u00e0 la BCE, en \u00e9troite collaboration avec les autorit\u00e9s nationales (M\u00e9canisme de surveillance unique).<br>Je me concentrerai aujourd&rsquo;hui sur l&rsquo;Eurosyst\u00e8me. Notre objectif principal, la stabilit\u00e9 des prix, est prescrit par le Trait\u00e9 sur le fonctionnement de l&rsquo;UE. Cette priorit\u00e9 accord\u00e9e \u00e0 la stabilit\u00e9 des prix r\u00e9sulte de la prise de conscience des dommages que peuvent causer les \u00e9carts par rapport \u00e0 cette stabilit\u00e9.<\/p>\n\n\n\n<div style=\"height:11px\" aria-hidden=\"true\" class=\"wp-block-spacer\"><\/div>\n\n\n\n<p><br>La mani\u00e8re dont nous atteignons cet objectif est d\u00e9finie par notre strat\u00e9gie de politique mon\u00e9taire. Notre objectif sp\u00e9cifique est sym\u00e9trique\u00a0: nous visons une inflation de 2\u00a0% \u00e0 moyen terme. Cette formulation a \u00e9t\u00e9 introduite en 2021. En explicitant l&rsquo;objectif chiffr\u00e9, nous avons fourni un point de r\u00e9f\u00e9rence stable et facilement compr\u00e9hensible pour le public. Cela a am\u00e9lior\u00e9 la fixation des salaires et des prix, renfor\u00e7ant ainsi l&rsquo;ancrage des anticipations d&rsquo;inflation.<\/p>\n\n\n\n<div style=\"height:11px\" aria-hidden=\"true\" class=\"wp-block-spacer\"><\/div>\n\n\n\n<p><br>Depuis sa cr\u00e9ation en 1999 jusqu&rsquo;au d\u00e9but des ann\u00e9es 2020, la BCE a atteint un taux d&rsquo;inflation annuel moyen l\u00e9g\u00e8rement inf\u00e9rieur \u00e0 2\u00a0%, ce qui lui a valu une cr\u00e9dibilit\u00e9 consid\u00e9rable. En cons\u00e9quence, les anticipations d&rsquo;inflation \u00e0 long terme sont rest\u00e9es fermement ancr\u00e9es tout au long de la r\u00e9cente pouss\u00e9e d&rsquo;inflation, ce qui nous a permis de resserrer progressivement la politique mon\u00e9taire et de ramener l&rsquo;inflation \u00e0 2 %, tout en r\u00e9alisant un atterrissage en douceur.<\/p>\n\n\n\n<div style=\"height:11px\" aria-hidden=\"true\" class=\"wp-block-spacer\"><\/div>\n\n\n\n<p><br>Pourquoi 2 % et pourquoi pas 0 % d&rsquo;inflation ? Parce qu&rsquo;un tampon sup\u00e9rieur \u00e0 z\u00e9ro offre \u00e0 la politique mon\u00e9taire une marge de man\u0153uvre pour baisser les taux d&rsquo;int\u00e9r\u00eat en cas d&rsquo;\u00e9volution d\u00e9favorable et une marge de s\u00e9curit\u00e9 contre le risque de d\u00e9flation. Les rigidit\u00e9s nominales \u00e0 la baisse et les biais de mesure justifient \u00e9galement un tampon contre l&rsquo;inflation.<\/p>\n\n\n\n<div style=\"height:11px\" aria-hidden=\"true\" class=\"wp-block-spacer\"><\/div>\n\n\n\n<p><br>Plusieurs universitaires et d\u00e9cideurs politiques ont appel\u00e9 \u00e0 relever l&rsquo;objectif au-dessus de 2 %. Ces propositions doivent \u00eatre soigneusement \u00e9valu\u00e9es au regard des risques potentiels pour la cr\u00e9dibilit\u00e9 des banques centrales. Des ajustements fr\u00e9quents de l&rsquo;objectif pourraient inciter les acteurs du march\u00e9 \u00e0 anticiper de nouveaux changements \u00e0 l&rsquo;avenir, ce qui \u00e9roderait la confiance et cr\u00e9erait des risques de d\u00e9sancrage des anticipations d&rsquo;inflation.<\/p>\n\n\n\n<div style=\"height:11px\" aria-hidden=\"true\" class=\"wp-block-spacer\"><\/div>\n\n\n\n<p><br>L&rsquo;orientation \u00e0 moyen terme reconna\u00eet que la politique mon\u00e9taire se transmet par des d\u00e9calages longs et variables, et offre la flexibilit\u00e9 n\u00e9cessaire pour r\u00e9agir progressivement aux pressions sur les prix sans recourir \u00e0 des mesures drastiques susceptibles de compromettre l&rsquo;activit\u00e9 \u00e9conomique et l&#8217;emploi. Parall\u00e8lement, notre strat\u00e9gie garantit la bonne transmission de la politique mon\u00e9taire \u00e0 tous les secteurs et \u00e0 tous les pays.<br>Les banques centrales n&rsquo;op\u00e8rent pas en vase clos. Dans la zone euro, nous devons \u00e9voluer dans un environnement complexe marqu\u00e9 par la fragmentation des march\u00e9s de capitaux, les tensions g\u00e9opolitiques, l&rsquo;urgence des risques climatiques et la n\u00e9cessit\u00e9 imp\u00e9rieuse de combler l&rsquo;\u00e9cart de productivit\u00e9 par rapport aux autres grandes zones \u00e9conomiques.<\/p>\n\n\n\n<div style=\"height:11px\" aria-hidden=\"true\" class=\"wp-block-spacer\"><\/div>\n\n\n\n<p><br>La responsabilit\u00e9 premi\u00e8re de relever ces d\u00e9fis incombe bien entendu aux gouvernements et aux l\u00e9gislateurs europ\u00e9ens. Le r\u00f4le de la politique mon\u00e9taire est de fournir un ancrage de stabilit\u00e9, garantissant une condition fondamentale \u00e0 une croissance durable, favorisant ainsi la confiance et stimulant l&rsquo;investissement et la cr\u00e9ation d&#8217;emplois.<\/p>\n\n\n\n<div style=\"height:11px\" aria-hidden=\"true\" class=\"wp-block-spacer\"><\/div>\n\n\n\n<p><br>Au cours de l&rsquo;ann\u00e9e \u00e9coul\u00e9e, les derniers niveaux de restriction de la politique mon\u00e9taire ont \u00e9t\u00e9 progressivement lev\u00e9s. Cet assouplissement des conditions de financement sera essentiel pour soutenir l&rsquo;investissement en rendant les capitaux plus accessibles et abordables, dans un contexte de tr\u00e8s forte incertitude.<\/p>\n\n\n\n<div style=\"height:11px\" aria-hidden=\"true\" class=\"wp-block-spacer\"><\/div>\n\n\n\n<p><br>Notre strat\u00e9gie renouvel\u00e9e r\u00e9affirme l&rsquo;importance continue du climat dans notre programme politique. Mais nous insistons \u00e9galement sur la n\u00e9cessit\u00e9 de progresser dans d&rsquo;autres domaines. Concernant l&rsquo;int\u00e9gration europ\u00e9enne, en finalisant l&rsquo;Union bancaire et en faisant progresser l&rsquo;Union des march\u00e9s de capitaux, une Union de l&rsquo;\u00e9pargne et de l&rsquo;investissement \u00e0 part enti\u00e8re est essentielle pour am\u00e9liorer la mani\u00e8re dont notre syst\u00e8me financier canalise l&rsquo;\u00e9pargne vers des investissements productifs.<\/p>\n\n\n\n<div style=\"height:11px\" aria-hidden=\"true\" class=\"wp-block-spacer\"><\/div>\n\n\n\n<p><br>Une union plus compl\u00e8te permettra \u00e9galement \u00e0 l&rsquo;euro d&rsquo;assumer un r\u00f4le \u00e9largi en tant que monnaie internationale, partageant les avantages associ\u00e9s \u00e0 ce r\u00f4le et conf\u00e9rant \u00e0 l&rsquo;Europe davantage de responsabilit\u00e9s sur la sc\u00e8ne mondiale, fractur\u00e9e par l&rsquo;incertitude.<\/p>\n\n\n\n<div style=\"height:11px\" aria-hidden=\"true\" class=\"wp-block-spacer\"><\/div>\n\n\n\n<p><br>Une stabilisation macro\u00e9conomique efficace exige la compl\u00e9mentarit\u00e9 des politiques budg\u00e9taire et mon\u00e9taire. Un enseignement essentiel de la crise de la dette de la zone euro est que lorsque les politiques budg\u00e9taire et mon\u00e9taire sont align\u00e9es, mais avec une distinction claire des r\u00f4les, responsabilit\u00e9s et mandats respectifs, elles peuvent se renforcer mutuellement. Une capacit\u00e9 budg\u00e9taire centrale permanente \u2013 un cadre commun de gestion des finances publiques \u2013 constituerait un tournant, permettant des investissements coordonn\u00e9s et une responsabilit\u00e9 partag\u00e9e pour les initiatives favorisant la croissance. La Facilit\u00e9 pour la reprise et la r\u00e9silience pourrait servir de mod\u00e8le pour l&rsquo;avenir \u2013 y compris la cr\u00e9ation d&rsquo;un actif s\u00fbr europ\u00e9en commun, afin de renforcer l&rsquo;int\u00e9gration et la r\u00e9silience financi\u00e8res.<\/p>\n\n\n\n<div style=\"height:11px\" aria-hidden=\"true\" class=\"wp-block-spacer\"><\/div>\n\n\n\n<p><br>En p\u00e9riode de turbulences et d&rsquo;instabilit\u00e9, les banques centrales doivent constamment r\u00e9\u00e9valuer leurs strat\u00e9gies de politique mon\u00e9taire afin de remplir leur mandat, tout en veillant \u00e0 ce qu&rsquo;elles restent cr\u00e9dibles. J&rsquo;ai \u00e9voqu\u00e9 ici certaines des questions soulev\u00e9es dans le cadre de cette discussion, qui offrent des enseignements importants et, en m\u00eame temps, tracent la voie \u00e0 suivre \u2013 vers une architecture plus efficace de la zone euro.<\/p>\n","protected":false},"featured_media":21602,"template":"","cat-theme":[73],"cat-axe":[],"class_list":["post-21603","blog","type-blog","status-publish","has-post-thumbnail","hentry","cat-theme-financements"],"acf":[],"yoast_head":"<!-- This site is optimized with the Yoast SEO plugin v26.5 - https:\/\/yoast.com\/wordpress\/plugins\/seo\/ -->\n<title>\u00c9largir le mandat des banques centrales sans compromettre la stabilit\u00e9 des prix - Les Rencontres \u00c9conomiques<\/title>\n<meta name=\"robots\" content=\"index, follow, max-snippet:-1, max-image-preview:large, max-video-preview:-1\" \/>\n<link rel=\"canonical\" href=\"https:\/\/www.lesrencontreseconomiques.fr\/debats-idees\/elargir-le-mandat-des-banques-centrales-sans-compromettre-la-stabilite-des-prix\/\" \/>\n<meta property=\"og:locale\" content=\"fr_FR\" \/>\n<meta property=\"og:type\" content=\"article\" \/>\n<meta property=\"og:description\" content=\"Le philosophe grec H\u00e9raclite a dit un jour\u00a0: \u00ab\u00a0Tout change, rien ne reste.\u00bb Pour les banques centrales, la situation a beaucoup chang\u00e9. Avant l&rsquo;\u00e9clatement de la \u00ab\u00a0Grande Inflation\u00a0\u00bb des ann\u00e9es\u00a01970, rares \u00e9taient ceux qui pr\u00eataient attention aux propos des banquiers centraux. Aujourd&rsquo;hui, les d\u00e9cisions de politique mon\u00e9taire peuvent fa\u00e7onner et \u00e9branler les march\u00e9s financiers. La [&hellip;]\" \/>\n<meta property=\"og:url\" content=\"https:\/\/www.lesrencontreseconomiques.fr\/debats-idees\/elargir-le-mandat-des-banques-centrales-sans-compromettre-la-stabilite-des-prix\/\" \/>\n<meta property=\"og:site_name\" content=\"Les Rencontres \u00c9conomiques\" \/>\n<meta property=\"article:publisher\" content=\"https:\/\/www.facebook.com\/Le.Cercle.des.Economistes\/\" \/>\n<meta property=\"article:modified_time\" content=\"2025-06-16T12:40:20+00:00\" \/>\n<meta property=\"og:image\" content=\"https:\/\/www.lesrencontreseconomiques.fr\/wp-content\/uploads\/2025\/06\/Capture-decran-2025-06-16-a-14.35.41.png\" \/>\n\t<meta property=\"og:image:width\" content=\"1600\" \/>\n\t<meta property=\"og:image:height\" content=\"674\" \/>\n\t<meta property=\"og:image:type\" content=\"image\/png\" \/>\n<meta name=\"twitter:card\" content=\"summary_large_image\" \/>\n<meta name=\"twitter:site\" content=\"@Cercle_eco\" \/>\n<meta name=\"twitter:label1\" content=\"Dur\u00e9e de lecture estim\u00e9e\" \/>\n\t<meta name=\"twitter:data1\" content=\"6 minutes\" \/>\n<script type=\"application\/ld+json\" class=\"yoast-schema-graph\">{\"@context\":\"https:\/\/schema.org\",\"@graph\":[{\"@type\":\"WebPage\",\"@id\":\"https:\/\/www.lesrencontreseconomiques.fr\/debats-idees\/elargir-le-mandat-des-banques-centrales-sans-compromettre-la-stabilite-des-prix\/\",\"url\":\"https:\/\/www.lesrencontreseconomiques.fr\/debats-idees\/elargir-le-mandat-des-banques-centrales-sans-compromettre-la-stabilite-des-prix\/\",\"name\":\"\u00c9largir le mandat des banques centrales sans compromettre la stabilit\u00e9 des prix - Les Rencontres \u00c9conomiques\",\"isPartOf\":{\"@id\":\"https:\/\/www.lesrencontreseconomiques.fr\/#website\"},\"primaryImageOfPage\":{\"@id\":\"https:\/\/www.lesrencontreseconomiques.fr\/debats-idees\/elargir-le-mandat-des-banques-centrales-sans-compromettre-la-stabilite-des-prix\/#primaryimage\"},\"image\":{\"@id\":\"https:\/\/www.lesrencontreseconomiques.fr\/debats-idees\/elargir-le-mandat-des-banques-centrales-sans-compromettre-la-stabilite-des-prix\/#primaryimage\"},\"thumbnailUrl\":\"https:\/\/www.lesrencontreseconomiques.fr\/wp-content\/uploads\/2025\/06\/Capture-decran-2025-06-16-a-14.35.41.png\",\"datePublished\":\"2025-06-16T12:39:41+00:00\",\"dateModified\":\"2025-06-16T12:40:20+00:00\",\"breadcrumb\":{\"@id\":\"https:\/\/www.lesrencontreseconomiques.fr\/debats-idees\/elargir-le-mandat-des-banques-centrales-sans-compromettre-la-stabilite-des-prix\/#breadcrumb\"},\"inLanguage\":\"fr-FR\",\"potentialAction\":[{\"@type\":\"ReadAction\",\"target\":[\"https:\/\/www.lesrencontreseconomiques.fr\/debats-idees\/elargir-le-mandat-des-banques-centrales-sans-compromettre-la-stabilite-des-prix\/\"]}]},{\"@type\":\"ImageObject\",\"inLanguage\":\"fr-FR\",\"@id\":\"https:\/\/www.lesrencontreseconomiques.fr\/debats-idees\/elargir-le-mandat-des-banques-centrales-sans-compromettre-la-stabilite-des-prix\/#primaryimage\",\"url\":\"https:\/\/www.lesrencontreseconomiques.fr\/wp-content\/uploads\/2025\/06\/Capture-decran-2025-06-16-a-14.35.41.png\",\"contentUrl\":\"https:\/\/www.lesrencontreseconomiques.fr\/wp-content\/uploads\/2025\/06\/Capture-decran-2025-06-16-a-14.35.41.png\",\"width\":1600,\"height\":674},{\"@type\":\"BreadcrumbList\",\"@id\":\"https:\/\/www.lesrencontreseconomiques.fr\/debats-idees\/elargir-le-mandat-des-banques-centrales-sans-compromettre-la-stabilite-des-prix\/#breadcrumb\",\"itemListElement\":[{\"@type\":\"ListItem\",\"position\":1,\"name\":\"Accueil\",\"item\":\"https:\/\/www.lesrencontreseconomiques.fr\/\"},{\"@type\":\"ListItem\",\"position\":2,\"name\":\"D\u00e9bats & Id\u00e9es\",\"item\":\"https:\/\/www.lesrencontreseconomiques.fr\/debats-idees\/\"},{\"@type\":\"ListItem\",\"position\":3,\"name\":\"\u00c9largir le mandat des banques centrales sans compromettre la stabilit\u00e9 des prix\"}]},{\"@type\":\"WebSite\",\"@id\":\"https:\/\/www.lesrencontreseconomiques.fr\/#website\",\"url\":\"https:\/\/www.lesrencontreseconomiques.fr\/\",\"name\":\"Les Rencontres \u00c9conomiques\",\"description\":\"\",\"potentialAction\":[{\"@type\":\"SearchAction\",\"target\":{\"@type\":\"EntryPoint\",\"urlTemplate\":\"https:\/\/www.lesrencontreseconomiques.fr\/?s={search_term_string}\"},\"query-input\":{\"@type\":\"PropertyValueSpecification\",\"valueRequired\":true,\"valueName\":\"search_term_string\"}}],\"inLanguage\":\"fr-FR\"}]}<\/script>\n<!-- \/ Yoast SEO plugin. -->","yoast_head_json":{"title":"\u00c9largir le mandat des banques centrales sans compromettre la stabilit\u00e9 des prix - Les Rencontres \u00c9conomiques","robots":{"index":"index","follow":"follow","max-snippet":"max-snippet:-1","max-image-preview":"max-image-preview:large","max-video-preview":"max-video-preview:-1"},"canonical":"https:\/\/www.lesrencontreseconomiques.fr\/debats-idees\/elargir-le-mandat-des-banques-centrales-sans-compromettre-la-stabilite-des-prix\/","og_locale":"fr_FR","og_type":"article","og_description":"Le philosophe grec H\u00e9raclite a dit un jour\u00a0: \u00ab\u00a0Tout change, rien ne reste.\u00bb Pour les banques centrales, la situation a beaucoup chang\u00e9. Avant l&rsquo;\u00e9clatement de la \u00ab\u00a0Grande Inflation\u00a0\u00bb des ann\u00e9es\u00a01970, rares \u00e9taient ceux qui pr\u00eataient attention aux propos des banquiers centraux. Aujourd&rsquo;hui, les d\u00e9cisions de politique mon\u00e9taire peuvent fa\u00e7onner et \u00e9branler les march\u00e9s financiers. La [&hellip;]","og_url":"https:\/\/www.lesrencontreseconomiques.fr\/debats-idees\/elargir-le-mandat-des-banques-centrales-sans-compromettre-la-stabilite-des-prix\/","og_site_name":"Les Rencontres \u00c9conomiques","article_publisher":"https:\/\/www.facebook.com\/Le.Cercle.des.Economistes\/","article_modified_time":"2025-06-16T12:40:20+00:00","og_image":[{"width":1600,"height":674,"url":"https:\/\/www.lesrencontreseconomiques.fr\/wp-content\/uploads\/2025\/06\/Capture-decran-2025-06-16-a-14.35.41.png","type":"image\/png"}],"twitter_card":"summary_large_image","twitter_site":"@Cercle_eco","twitter_misc":{"Dur\u00e9e de lecture estim\u00e9e":"6 minutes"},"schema":{"@context":"https:\/\/schema.org","@graph":[{"@type":"WebPage","@id":"https:\/\/www.lesrencontreseconomiques.fr\/debats-idees\/elargir-le-mandat-des-banques-centrales-sans-compromettre-la-stabilite-des-prix\/","url":"https:\/\/www.lesrencontreseconomiques.fr\/debats-idees\/elargir-le-mandat-des-banques-centrales-sans-compromettre-la-stabilite-des-prix\/","name":"\u00c9largir le mandat des banques centrales sans compromettre la stabilit\u00e9 des prix - Les Rencontres \u00c9conomiques","isPartOf":{"@id":"https:\/\/www.lesrencontreseconomiques.fr\/#website"},"primaryImageOfPage":{"@id":"https:\/\/www.lesrencontreseconomiques.fr\/debats-idees\/elargir-le-mandat-des-banques-centrales-sans-compromettre-la-stabilite-des-prix\/#primaryimage"},"image":{"@id":"https:\/\/www.lesrencontreseconomiques.fr\/debats-idees\/elargir-le-mandat-des-banques-centrales-sans-compromettre-la-stabilite-des-prix\/#primaryimage"},"thumbnailUrl":"https:\/\/www.lesrencontreseconomiques.fr\/wp-content\/uploads\/2025\/06\/Capture-decran-2025-06-16-a-14.35.41.png","datePublished":"2025-06-16T12:39:41+00:00","dateModified":"2025-06-16T12:40:20+00:00","breadcrumb":{"@id":"https:\/\/www.lesrencontreseconomiques.fr\/debats-idees\/elargir-le-mandat-des-banques-centrales-sans-compromettre-la-stabilite-des-prix\/#breadcrumb"},"inLanguage":"fr-FR","potentialAction":[{"@type":"ReadAction","target":["https:\/\/www.lesrencontreseconomiques.fr\/debats-idees\/elargir-le-mandat-des-banques-centrales-sans-compromettre-la-stabilite-des-prix\/"]}]},{"@type":"ImageObject","inLanguage":"fr-FR","@id":"https:\/\/www.lesrencontreseconomiques.fr\/debats-idees\/elargir-le-mandat-des-banques-centrales-sans-compromettre-la-stabilite-des-prix\/#primaryimage","url":"https:\/\/www.lesrencontreseconomiques.fr\/wp-content\/uploads\/2025\/06\/Capture-decran-2025-06-16-a-14.35.41.png","contentUrl":"https:\/\/www.lesrencontreseconomiques.fr\/wp-content\/uploads\/2025\/06\/Capture-decran-2025-06-16-a-14.35.41.png","width":1600,"height":674},{"@type":"BreadcrumbList","@id":"https:\/\/www.lesrencontreseconomiques.fr\/debats-idees\/elargir-le-mandat-des-banques-centrales-sans-compromettre-la-stabilite-des-prix\/#breadcrumb","itemListElement":[{"@type":"ListItem","position":1,"name":"Accueil","item":"https:\/\/www.lesrencontreseconomiques.fr\/"},{"@type":"ListItem","position":2,"name":"D\u00e9bats & Id\u00e9es","item":"https:\/\/www.lesrencontreseconomiques.fr\/debats-idees\/"},{"@type":"ListItem","position":3,"name":"\u00c9largir le mandat des banques centrales sans compromettre la stabilit\u00e9 des prix"}]},{"@type":"WebSite","@id":"https:\/\/www.lesrencontreseconomiques.fr\/#website","url":"https:\/\/www.lesrencontreseconomiques.fr\/","name":"Les Rencontres \u00c9conomiques","description":"","potentialAction":[{"@type":"SearchAction","target":{"@type":"EntryPoint","urlTemplate":"https:\/\/www.lesrencontreseconomiques.fr\/?s={search_term_string}"},"query-input":{"@type":"PropertyValueSpecification","valueRequired":true,"valueName":"search_term_string"}}],"inLanguage":"fr-FR"}]}},"_links":{"self":[{"href":"https:\/\/www.lesrencontreseconomiques.fr\/wp-json\/wp\/v2\/blog\/21603","targetHints":{"allow":["GET"]}}],"collection":[{"href":"https:\/\/www.lesrencontreseconomiques.fr\/wp-json\/wp\/v2\/blog"}],"about":[{"href":"https:\/\/www.lesrencontreseconomiques.fr\/wp-json\/wp\/v2\/types\/blog"}],"wp:featuredmedia":[{"embeddable":true,"href":"https:\/\/www.lesrencontreseconomiques.fr\/wp-json\/wp\/v2\/media\/21602"}],"wp:attachment":[{"href":"https:\/\/www.lesrencontreseconomiques.fr\/wp-json\/wp\/v2\/media?parent=21603"}],"wp:term":[{"taxonomy":"cat-theme","embeddable":true,"href":"https:\/\/www.lesrencontreseconomiques.fr\/wp-json\/wp\/v2\/cat-theme?post=21603"},{"taxonomy":"cat-axe","embeddable":true,"href":"https:\/\/www.lesrencontreseconomiques.fr\/wp-json\/wp\/v2\/cat-axe?post=21603"}],"curies":[{"name":"wp","href":"https:\/\/api.w.org\/{rel}","templated":true}]}}