{"id":21590,"date":"2025-06-16T14:29:45","date_gmt":"2025-06-16T12:29:45","guid":{"rendered":"https:\/\/www.lesrencontreseconomiques.fr\/?post_type=blog&#038;p=21590"},"modified":"2025-06-16T14:29:47","modified_gmt":"2025-06-16T12:29:47","slug":"au-dela-des-frontieres-sous-les-gros-titres-la-veritable-psychologie-de-la-migration","status":"publish","type":"blog","link":"https:\/\/www.lesrencontreseconomiques.fr\/debats-idees\/au-dela-des-frontieres-sous-les-gros-titres-la-veritable-psychologie-de-la-migration\/","title":{"rendered":"Au-del\u00e0 des fronti\u00e8res, sous les gros titres\u00a0: la v\u00e9ritable psychologie de la migration"},"content":{"rendered":"\n<div style=\"height:5px\" aria-hidden=\"true\" class=\"wp-block-spacer\"><\/div>\n\n\n\n<p>Au-del\u00e0 des fronti\u00e8res, sous les gros titres\u00a0: la v\u00e9ritable psychologie de la migration<br>Peu de gens r\u00e9alisent que si tous les migrants internationaux formaient une seule nation, celle-ci se classerait au cinqui\u00e8me rang des pays les plus peupl\u00e9s du monde, d\u00e9passant le Br\u00e9sil, le Pakistan et le Nig\u00e9ria, avec environ 281 millions de personnes consid\u00e9r\u00e9es comme des migrants internationaux en 2020 (Organisation internationale pour les migrations [OIM], 2022\u00a0; D\u00e9partement des affaires \u00e9conomiques et sociales des Nations Unies [DAES], 2020)<\/p>\n\n\n\n<div style=\"height:5px\" aria-hidden=\"true\" class=\"wp-block-spacer\"><\/div>\n\n\n\n<p><br>Ce syst\u00e8me politique imaginaire, forg\u00e9 par le mouvement plut\u00f4t que par les fronti\u00e8res, incarne \u00e0 la fois l\u2019espoir et la peur qui nourrissent l\u2019un des enjeux les plus polarisants de notre \u00e9poque\u00a0: l\u2019immigration.<\/p>\n\n\n\n<div style=\"height:5px\" aria-hidden=\"true\" class=\"wp-block-spacer\"><\/div>\n\n\n\n<p><br>En tant que psychologue originaire de la r\u00e9gion Asie-Pacifique, une r\u00e9gion qui compte \u00e0 la fois de vastes diasporas et des vuln\u00e9rabilit\u00e9s poreuses, j\u2019aborde cette probl\u00e9matique mondiale non pas \u00e0 l\u2019aune de prescriptions politiques, mais au rythme de l\u2019exp\u00e9rience humaine. La migration n\u2019est pas seulement une question de chiffres ou d\u2019\u00e9conomie\u00a0: elle concerne le monde int\u00e9rieur des personnes qui partent, les communaut\u00e9s qui les accueillent et le silence assourdissant qui r\u00e8gne dans des lieux d\u2019o\u00f9 personne ne peut partir, comme Gaza. <\/p>\n\n\n\n<div style=\"height:5px\" aria-hidden=\"true\" class=\"wp-block-spacer\"><\/div>\n\n\n\n<h2 class=\"wp-block-heading\">Perception et r\u00e9alit\u00e9\u00a0: l\u2019histoire de deux mondes<\/h2>\n\n\n\n<div style=\"height:5px\" aria-hidden=\"true\" class=\"wp-block-spacer\"><\/div>\n\n\n\n<p><br>Les d\u00e9mocraties prosp\u00e8res ne sont pas confront\u00e9es \u00e0 une crise migratoire, mais \u00e0 une crise de perception. Le d\u00e9calage entre les flux r\u00e9els et les invasions imagin\u00e9es alimente un discours de division. Alors que l\u2019opinion publique de pays comme la France, l\u2019Allemagne et le Royaume-Uni estime que 25 \u00e0 30\u00a0% de leur population est immigr\u00e9e, la population r\u00e9ellement n\u00e9e \u00e0 l\u2019\u00e9tranger est nettement inf\u00e9rieure\u00a0: environ 10\u00a0% en France (INSEE, 2023), 19,5\u00a0% en Allemagne (Destatis, 2023) et environ 14\u00a0% au Royaume-Uni (Pew Research Center, 2019\u00a0; Ipsos MORI, 2015). Au Japon, la population n\u00e9e \u00e0 l\u2019\u00e9tranger reste l\u00e9g\u00e8rement sup\u00e9rieure \u00e0 3\u00a0%, malgr\u00e9 un malaise public persistant face \u00e0 l\u2019immigration (Minist\u00e8re de la Justice du Japon, 2024).<\/p>\n\n\n\n<div style=\"height:5px\" aria-hidden=\"true\" class=\"wp-block-spacer\"><\/div>\n\n\n\n<p><br>Cette dissonance n\u2019est pas fortuite, elle est \u00e9motionnelle. Il ne s\u2019agit pas d\u2019\u00ab\u00a0eux\u00a0\u00bb, mais de \u00ab\u00a0nous\u00a0\u00bb. L&rsquo;ins\u00e9curit\u00e9 identitaire, l&rsquo;anxi\u00e9t\u00e9 li\u00e9e \u00e0 la pr\u00e9carit\u00e9 \u00e9conomique et la perte de clart\u00e9 communautaire se manifestent par la recherche de boucs \u00e9missaires. L&rsquo;inconscient, comme dirait Jung, projette son ombre sur le migrant.<\/p>\n\n\n\n<div style=\"height:5px\" aria-hidden=\"true\" class=\"wp-block-spacer\"><\/div>\n\n\n\n<h2 class=\"wp-block-heading\">La psychologie du d\u00e9part et de l&rsquo;accueil<\/h2>\n\n\n\n<div style=\"height:5px\" aria-hidden=\"true\" class=\"wp-block-spacer\"><\/div>\n\n\n\n<p><br>Partir, c&rsquo;est rompre la psych\u00e9. Le migrant fait le deuil avant d&rsquo;arriver\u00a0: la langue perdue, les coutumes abandonn\u00e9es, et un avenir imagin\u00e9 mais diff\u00e9r\u00e9. Qu&rsquo;il s&rsquo;agisse de fuir la guerre ou de chercher un salaire, l&rsquo;acte est psychologiquement monumental.<\/p>\n\n\n\n<div style=\"height:5px\" aria-hidden=\"true\" class=\"wp-block-spacer\"><\/div>\n\n\n\n<p><br>Mais recevoir est tout aussi lourd de cons\u00e9quences. Accueillir de nouveaux arrivants oblige les communaut\u00e9s \u00e0 confronter leurs instincts les plus profonds d&rsquo;\u00e9quit\u00e9 et d&rsquo;appartenance \u2013 des sentiments qui se confondent facilement avec la peur de l&rsquo;\u00e9rosion culturelle ou de la perte de s\u00e9curit\u00e9. Notre cerveau n&rsquo;est pas programm\u00e9 pour la suspicion ou l&rsquo;exclusion\u00a0; il est construit pour l&#8217;empathie, fa\u00e7onn\u00e9 par les histoires que nous entendons et les conditions dans lesquelles nous vivons.<\/p>\n\n\n\n<div style=\"height:5px\" aria-hidden=\"true\" class=\"wp-block-spacer\"><\/div>\n\n\n\n<p><br>On le voit clairement dans la g\u00e9n\u00e9rosit\u00e9 discr\u00e8te des Malais des zones rurales partageant des repas avec des r\u00e9fugi\u00e9s rohingyas, ou dans la solidarit\u00e9 gracieuse des insulaires du Pacifique qui ont ouvert leurs portes aux personnes d\u00e9plac\u00e9es par la mont\u00e9e des eaux. Ces moments nous rappellent que la peur n&rsquo;est pas une fatalit\u00e9, mais un choix, tout comme la compassion. La paix exige une culture active. Les politiques publiques doivent refl\u00e9ter la psychologie publique, et non l&rsquo;exacerber.<\/p>\n\n\n\n<div style=\"height:5px\" aria-hidden=\"true\" class=\"wp-block-spacer\"><\/div>\n\n\n\n<h2 class=\"wp-block-heading\">Ce que les pays du Sud savent historiquement<\/h2>\n\n\n\n<div style=\"height:5px\" aria-hidden=\"true\" class=\"wp-block-spacer\"><\/div>\n\n\n\n<p><br>Dans les pays du Sud, et particuli\u00e8rement en Asie-Pacifique, la migration n&rsquo;a jamais \u00e9t\u00e9 une crise\u00a0; c&rsquo;\u00e9tait un rythme de vie. Qu&rsquo;il s&rsquo;agisse des ouvriers du textile bangladais en Malaisie ou des infirmi\u00e8res philippines au Japon, les flux migratoires ont longtemps soutenu non seulement la survie des m\u00e9nages, mais aussi les \u00e9conomies nationales et l&rsquo;influence r\u00e9gionale. Ici, les d\u00e9placements sont moins une question de spectacle que de subsistance.<\/p>\n\n\n\n<div style=\"height:5px\" aria-hidden=\"true\" class=\"wp-block-spacer\"><\/div>\n\n\n\n<p><br>Pourtant, cette sagesse est absente des d\u00e9bats des pays du Nord. La migration est trop souvent consid\u00e9r\u00e9e comme une perturbation \u00e0 contr\u00f4ler plut\u00f4t que comme une constante \u00e0 comprendre. Pire encore, certaines nations exploitent ces flux tout en refusant leur r\u00e9ciprocit\u00e9\u00a0: elles acceptent les transferts de fonds, privent les populations de leurs droits.<\/p>\n\n\n\n<div style=\"height:5px\" aria-hidden=\"true\" class=\"wp-block-spacer\"><\/div>\n\n\n\n<p><br>C&rsquo;est l\u00e0 que r\u00e9side le paradoxe\u00a0: ces m\u00eames nations vieillissent et leur taux de natalit\u00e9 diminue. La migration n&rsquo;est pas leur probl\u00e8me, c&rsquo;est leur solution. <\/p>\n\n\n\n<div style=\"height:5px\" aria-hidden=\"true\" class=\"wp-block-spacer\"><\/div>\n\n\n\n<h2 class=\"wp-block-heading\">Le cas de Gaza\u00a0: la crise migratoire invers\u00e9e<\/h2>\n\n\n\n<div style=\"height:5px\" aria-hidden=\"true\" class=\"wp-block-spacer\"><\/div>\n\n\n\n<p><br>Gaza offre un contre-exemple effrayant\u00a0: un lieu d\u2019o\u00f9 nul ne peut partir. La migration est la soupape de s\u00e9curit\u00e9 ultime, un instinct humain qui permet la lib\u00e9ration, la survie et la continuit\u00e9. La nier, enfermer les gens, est une forme d\u2019\u00e9touffement psychologique, qui engendre d\u00e9sespoir et militantisme. Si le probl\u00e8me de l\u2019Europe est de savoir comment accueillir, celui de Gaza est l\u2019insupportable r\u00e9alit\u00e9 que nul ne puisse sortir. Cela doit faire partie de notre d\u00e9bat sur la migration.<\/p>\n\n\n\n<div style=\"height:5px\" aria-hidden=\"true\" class=\"wp-block-spacer\"><\/div>\n\n\n\n<p>Au-del\u00e0 de nous et d\u2019eux\u00a0: une voie \u00e0 suivre<\/p>\n\n\n\n<div style=\"height:5px\" aria-hidden=\"true\" class=\"wp-block-spacer\"><\/div>\n\n\n\n<p>Une grande partie du d\u00e9bat actuel recycle une opposition d\u00e9su\u00e8te, le \u00ab\u00a0nous contre eux\u00a0\u00bb, tout droit sortie du manuel trumpien. Mais ce n\u2019est pas un jeu. C\u2019est une question de vie ou de mort. Nous devons partir de la simplicit\u00e9\u00a0: nous sommes tous issus de la migration. Les fronti\u00e8res sont des inventions r\u00e9centes. L\u2019art de lutter pour la justice migratoire ne consiste pas \u00e0 crier plus fort, mais \u00e0 \u00e9couter plus attentivement. Non pas \u00e0 gagner le d\u00e9bat, mais \u00e0 r\u00e9humaniser le cadre.<\/p>\n\n\n\n<div style=\"height:5px\" aria-hidden=\"true\" class=\"wp-block-spacer\"><\/div>\n\n\n\n<p><br>Construire une soci\u00e9t\u00e9 juste, c\u2019est faire la paix avec le mouvement. Il s&rsquo;agit de reconna\u00eetre que la d\u00e9mographie est une fatalit\u00e9, mais que la psychologie est le chemin. Et il s&rsquo;agit d&rsquo;admettre que la migration n&rsquo;est pas une menace pour la d\u00e9mocratie, mais une \u00e9preuve pour elle.<\/p>\n\n\n\n<div style=\"height:5px\" aria-hidden=\"true\" class=\"wp-block-spacer\"><\/div>\n\n\n\n<p>R\u00e9f\u00e9rences (APA):<\/p>\n\n\n\n<ul class=\"wp-block-list\">\n<li>International Organization for Migration (IOM).\u00a0(2022).\u00a0<em>World Migration Report 2022<\/em>.\u00a0<a href=\"https:\/\/www.iom.int\/world-migration-report-2022\">https:\/\/www.iom.int\/world-migration-report-2022<\/a><\/li>\n\n\n\n<li>Ipsos MORI.\u00a0(2015).\u00a0<em>Perceptions are not reality: What the world gets wrong<\/em>.\u00a0<a href=\"https:\/\/www.ipsos.com\/en\/perceptions-are-not-reality\">https:\/\/www.ipsos.com\/en\/perceptions-are-not-reality<\/a><\/li>\n\n\n\n<li>Japan Ministry of Justice.\u00a0(2024).\u00a0<em>Statistics on the Foreign Resident Population<\/em>.\u00a0<a href=\"https:\/\/www.moj.go.jp\/EN\">https:\/\/www.moj.go.jp\/EN<\/a><\/li>\n\n\n\n<li>INSEE.\u00a0(2023).\u00a0<em>Immigr\u00e9s et descendants d\u2019immigr\u00e9s en France<\/em>. Institut national de la statistique et des \u00e9tudes \u00e9conomiques.\u00a0<a href=\"https:\/\/www.insee.fr\/fr\/statistiques\/6433543\">https:\/\/www.insee.fr\/fr\/statistiques\/6433543<\/a><\/li>\n\n\n\n<li>Pew Research Center.\u00a0(2019).\u00a0<em>Europeans tend to overestimate the number of immigrants<\/em>.\u00a0<a href=\"https:\/\/www.pewresearch.org\/global\/2019\/03\/14\/immigration-conflict-divide-western-europe\">https:\/\/www.pewresearch.org\/global\/2019\/03\/14\/immigration-conflict-divide-western-europe<\/a><\/li>\n\n\n\n<li>Statistisches Bundesamt (Destatis).\u00a0(2023).\u00a0<em>Foreign population by selected citizenships<\/em>.\u00a0<a href=\"https:\/\/www.destatis.de\/\">https:\/\/www.destatis.de<\/a><\/li>\n\n\n\n<li>United Nations Department of Economic and Social Affairs (UNDESA), Population Division.\u00a0(2020).\u00a0<em>International Migrant Stock 2020<\/em>.\u00a0<a href=\"https:\/\/www.un.org\/development\/desa\/pd\/content\/international-migrant-stock\">https:\/\/www.un.org\/development\/desa\/pd\/content\/international-migrant-stock<\/a><br><br>Image : <span style=\"font-family: Garamond, serif; white-space: normal;\">The inner journey of migration: A silhouette of memory, movement, and separation.<\/span><p class=\"MsoNormal\" style=\"margin: 0cm; font-size: medium; font-family: Aptos, sans-serif; white-space: normal; line-height: 18.4px;\"><span lang=\"EN-MY\" style=\"font-family: Garamond, serif;\">Image generated by Dr. Anjhula Bais via OpenAI DALL\u00b7E (2025). AI-generated original.<\/span><\/p><\/li>\n<\/ul>\n","protected":false},"featured_media":21594,"template":"","cat-theme":[68],"cat-axe":[],"class_list":["post-21590","blog","type-blog","status-publish","has-post-thumbnail","hentry","cat-theme-social-demographie"],"acf":[],"yoast_head":"<!-- This site is optimized with the Yoast SEO plugin v26.5 - https:\/\/yoast.com\/wordpress\/plugins\/seo\/ -->\n<title>Au-del\u00e0 des fronti\u00e8res, sous les gros titres\u00a0: la v\u00e9ritable psychologie de la migration - Les Rencontres \u00c9conomiques<\/title>\n<meta name=\"robots\" content=\"index, follow, max-snippet:-1, max-image-preview:large, max-video-preview:-1\" \/>\n<link rel=\"canonical\" href=\"https:\/\/www.lesrencontreseconomiques.fr\/debats-idees\/au-dela-des-frontieres-sous-les-gros-titres-la-veritable-psychologie-de-la-migration\/\" \/>\n<meta property=\"og:locale\" content=\"fr_FR\" \/>\n<meta property=\"og:type\" content=\"article\" \/>\n<meta property=\"og:description\" content=\"Au-del\u00e0 des fronti\u00e8res, sous les gros titres\u00a0: la v\u00e9ritable psychologie de la migrationPeu de gens r\u00e9alisent que si tous les migrants internationaux formaient une seule nation, celle-ci se classerait au cinqui\u00e8me rang des pays les plus peupl\u00e9s du monde, d\u00e9passant le Br\u00e9sil, le Pakistan et le Nig\u00e9ria, avec environ 281 millions de personnes consid\u00e9r\u00e9es comme [&hellip;]\" \/>\n<meta property=\"og:url\" content=\"https:\/\/www.lesrencontreseconomiques.fr\/debats-idees\/au-dela-des-frontieres-sous-les-gros-titres-la-veritable-psychologie-de-la-migration\/\" \/>\n<meta property=\"og:site_name\" content=\"Les Rencontres \u00c9conomiques\" \/>\n<meta property=\"article:publisher\" content=\"https:\/\/www.facebook.com\/Le.Cercle.des.Economistes\/\" \/>\n<meta property=\"article:modified_time\" content=\"2025-06-16T12:29:47+00:00\" \/>\n<meta property=\"og:image\" content=\"https:\/\/www.lesrencontreseconomiques.fr\/wp-content\/uploads\/2025\/06\/Capture-decran-2025-06-16-a-14.28.30.png\" \/>\n\t<meta property=\"og:image:width\" content=\"1066\" \/>\n\t<meta property=\"og:image:height\" content=\"712\" \/>\n\t<meta property=\"og:image:type\" content=\"image\/png\" \/>\n<meta name=\"twitter:card\" content=\"summary_large_image\" \/>\n<meta name=\"twitter:site\" content=\"@Cercle_eco\" \/>\n<meta name=\"twitter:label1\" content=\"Dur\u00e9e de lecture estim\u00e9e\" \/>\n\t<meta name=\"twitter:data1\" content=\"6 minutes\" \/>\n<script type=\"application\/ld+json\" class=\"yoast-schema-graph\">{\"@context\":\"https:\/\/schema.org\",\"@graph\":[{\"@type\":\"WebPage\",\"@id\":\"https:\/\/www.lesrencontreseconomiques.fr\/debats-idees\/au-dela-des-frontieres-sous-les-gros-titres-la-veritable-psychologie-de-la-migration\/\",\"url\":\"https:\/\/www.lesrencontreseconomiques.fr\/debats-idees\/au-dela-des-frontieres-sous-les-gros-titres-la-veritable-psychologie-de-la-migration\/\",\"name\":\"Au-del\u00e0 des fronti\u00e8res, sous les gros titres\u00a0: la v\u00e9ritable psychologie de la migration - Les Rencontres \u00c9conomiques\",\"isPartOf\":{\"@id\":\"https:\/\/www.lesrencontreseconomiques.fr\/#website\"},\"primaryImageOfPage\":{\"@id\":\"https:\/\/www.lesrencontreseconomiques.fr\/debats-idees\/au-dela-des-frontieres-sous-les-gros-titres-la-veritable-psychologie-de-la-migration\/#primaryimage\"},\"image\":{\"@id\":\"https:\/\/www.lesrencontreseconomiques.fr\/debats-idees\/au-dela-des-frontieres-sous-les-gros-titres-la-veritable-psychologie-de-la-migration\/#primaryimage\"},\"thumbnailUrl\":\"https:\/\/www.lesrencontreseconomiques.fr\/wp-content\/uploads\/2025\/06\/Capture-decran-2025-06-16-a-14.28.30.png\",\"datePublished\":\"2025-06-16T12:29:45+00:00\",\"dateModified\":\"2025-06-16T12:29:47+00:00\",\"breadcrumb\":{\"@id\":\"https:\/\/www.lesrencontreseconomiques.fr\/debats-idees\/au-dela-des-frontieres-sous-les-gros-titres-la-veritable-psychologie-de-la-migration\/#breadcrumb\"},\"inLanguage\":\"fr-FR\",\"potentialAction\":[{\"@type\":\"ReadAction\",\"target\":[\"https:\/\/www.lesrencontreseconomiques.fr\/debats-idees\/au-dela-des-frontieres-sous-les-gros-titres-la-veritable-psychologie-de-la-migration\/\"]}]},{\"@type\":\"ImageObject\",\"inLanguage\":\"fr-FR\",\"@id\":\"https:\/\/www.lesrencontreseconomiques.fr\/debats-idees\/au-dela-des-frontieres-sous-les-gros-titres-la-veritable-psychologie-de-la-migration\/#primaryimage\",\"url\":\"https:\/\/www.lesrencontreseconomiques.fr\/wp-content\/uploads\/2025\/06\/Capture-decran-2025-06-16-a-14.28.30.png\",\"contentUrl\":\"https:\/\/www.lesrencontreseconomiques.fr\/wp-content\/uploads\/2025\/06\/Capture-decran-2025-06-16-a-14.28.30.png\",\"width\":1066,\"height\":712},{\"@type\":\"BreadcrumbList\",\"@id\":\"https:\/\/www.lesrencontreseconomiques.fr\/debats-idees\/au-dela-des-frontieres-sous-les-gros-titres-la-veritable-psychologie-de-la-migration\/#breadcrumb\",\"itemListElement\":[{\"@type\":\"ListItem\",\"position\":1,\"name\":\"Accueil\",\"item\":\"https:\/\/www.lesrencontreseconomiques.fr\/\"},{\"@type\":\"ListItem\",\"position\":2,\"name\":\"D\u00e9bats & Id\u00e9es\",\"item\":\"https:\/\/www.lesrencontreseconomiques.fr\/debats-idees\/\"},{\"@type\":\"ListItem\",\"position\":3,\"name\":\"Au-del\u00e0 des fronti\u00e8res, sous les gros titres\u00a0: la v\u00e9ritable psychologie de la migration\"}]},{\"@type\":\"WebSite\",\"@id\":\"https:\/\/www.lesrencontreseconomiques.fr\/#website\",\"url\":\"https:\/\/www.lesrencontreseconomiques.fr\/\",\"name\":\"Les Rencontres \u00c9conomiques\",\"description\":\"\",\"potentialAction\":[{\"@type\":\"SearchAction\",\"target\":{\"@type\":\"EntryPoint\",\"urlTemplate\":\"https:\/\/www.lesrencontreseconomiques.fr\/?s={search_term_string}\"},\"query-input\":{\"@type\":\"PropertyValueSpecification\",\"valueRequired\":true,\"valueName\":\"search_term_string\"}}],\"inLanguage\":\"fr-FR\"}]}<\/script>\n<!-- \/ Yoast SEO plugin. -->","yoast_head_json":{"title":"Au-del\u00e0 des fronti\u00e8res, sous les gros titres\u00a0: la v\u00e9ritable psychologie de la migration - Les Rencontres \u00c9conomiques","robots":{"index":"index","follow":"follow","max-snippet":"max-snippet:-1","max-image-preview":"max-image-preview:large","max-video-preview":"max-video-preview:-1"},"canonical":"https:\/\/www.lesrencontreseconomiques.fr\/debats-idees\/au-dela-des-frontieres-sous-les-gros-titres-la-veritable-psychologie-de-la-migration\/","og_locale":"fr_FR","og_type":"article","og_description":"Au-del\u00e0 des fronti\u00e8res, sous les gros titres\u00a0: la v\u00e9ritable psychologie de la migrationPeu de gens r\u00e9alisent que si tous les migrants internationaux formaient une seule nation, celle-ci se classerait au cinqui\u00e8me rang des pays les plus peupl\u00e9s du monde, d\u00e9passant le Br\u00e9sil, le Pakistan et le Nig\u00e9ria, avec environ 281 millions de personnes consid\u00e9r\u00e9es comme [&hellip;]","og_url":"https:\/\/www.lesrencontreseconomiques.fr\/debats-idees\/au-dela-des-frontieres-sous-les-gros-titres-la-veritable-psychologie-de-la-migration\/","og_site_name":"Les Rencontres \u00c9conomiques","article_publisher":"https:\/\/www.facebook.com\/Le.Cercle.des.Economistes\/","article_modified_time":"2025-06-16T12:29:47+00:00","og_image":[{"width":1066,"height":712,"url":"https:\/\/www.lesrencontreseconomiques.fr\/wp-content\/uploads\/2025\/06\/Capture-decran-2025-06-16-a-14.28.30.png","type":"image\/png"}],"twitter_card":"summary_large_image","twitter_site":"@Cercle_eco","twitter_misc":{"Dur\u00e9e de lecture estim\u00e9e":"6 minutes"},"schema":{"@context":"https:\/\/schema.org","@graph":[{"@type":"WebPage","@id":"https:\/\/www.lesrencontreseconomiques.fr\/debats-idees\/au-dela-des-frontieres-sous-les-gros-titres-la-veritable-psychologie-de-la-migration\/","url":"https:\/\/www.lesrencontreseconomiques.fr\/debats-idees\/au-dela-des-frontieres-sous-les-gros-titres-la-veritable-psychologie-de-la-migration\/","name":"Au-del\u00e0 des fronti\u00e8res, sous les gros titres\u00a0: la v\u00e9ritable psychologie de la migration - Les Rencontres \u00c9conomiques","isPartOf":{"@id":"https:\/\/www.lesrencontreseconomiques.fr\/#website"},"primaryImageOfPage":{"@id":"https:\/\/www.lesrencontreseconomiques.fr\/debats-idees\/au-dela-des-frontieres-sous-les-gros-titres-la-veritable-psychologie-de-la-migration\/#primaryimage"},"image":{"@id":"https:\/\/www.lesrencontreseconomiques.fr\/debats-idees\/au-dela-des-frontieres-sous-les-gros-titres-la-veritable-psychologie-de-la-migration\/#primaryimage"},"thumbnailUrl":"https:\/\/www.lesrencontreseconomiques.fr\/wp-content\/uploads\/2025\/06\/Capture-decran-2025-06-16-a-14.28.30.png","datePublished":"2025-06-16T12:29:45+00:00","dateModified":"2025-06-16T12:29:47+00:00","breadcrumb":{"@id":"https:\/\/www.lesrencontreseconomiques.fr\/debats-idees\/au-dela-des-frontieres-sous-les-gros-titres-la-veritable-psychologie-de-la-migration\/#breadcrumb"},"inLanguage":"fr-FR","potentialAction":[{"@type":"ReadAction","target":["https:\/\/www.lesrencontreseconomiques.fr\/debats-idees\/au-dela-des-frontieres-sous-les-gros-titres-la-veritable-psychologie-de-la-migration\/"]}]},{"@type":"ImageObject","inLanguage":"fr-FR","@id":"https:\/\/www.lesrencontreseconomiques.fr\/debats-idees\/au-dela-des-frontieres-sous-les-gros-titres-la-veritable-psychologie-de-la-migration\/#primaryimage","url":"https:\/\/www.lesrencontreseconomiques.fr\/wp-content\/uploads\/2025\/06\/Capture-decran-2025-06-16-a-14.28.30.png","contentUrl":"https:\/\/www.lesrencontreseconomiques.fr\/wp-content\/uploads\/2025\/06\/Capture-decran-2025-06-16-a-14.28.30.png","width":1066,"height":712},{"@type":"BreadcrumbList","@id":"https:\/\/www.lesrencontreseconomiques.fr\/debats-idees\/au-dela-des-frontieres-sous-les-gros-titres-la-veritable-psychologie-de-la-migration\/#breadcrumb","itemListElement":[{"@type":"ListItem","position":1,"name":"Accueil","item":"https:\/\/www.lesrencontreseconomiques.fr\/"},{"@type":"ListItem","position":2,"name":"D\u00e9bats & Id\u00e9es","item":"https:\/\/www.lesrencontreseconomiques.fr\/debats-idees\/"},{"@type":"ListItem","position":3,"name":"Au-del\u00e0 des fronti\u00e8res, sous les gros titres\u00a0: la v\u00e9ritable psychologie de la migration"}]},{"@type":"WebSite","@id":"https:\/\/www.lesrencontreseconomiques.fr\/#website","url":"https:\/\/www.lesrencontreseconomiques.fr\/","name":"Les Rencontres \u00c9conomiques","description":"","potentialAction":[{"@type":"SearchAction","target":{"@type":"EntryPoint","urlTemplate":"https:\/\/www.lesrencontreseconomiques.fr\/?s={search_term_string}"},"query-input":{"@type":"PropertyValueSpecification","valueRequired":true,"valueName":"search_term_string"}}],"inLanguage":"fr-FR"}]}},"_links":{"self":[{"href":"https:\/\/www.lesrencontreseconomiques.fr\/wp-json\/wp\/v2\/blog\/21590","targetHints":{"allow":["GET"]}}],"collection":[{"href":"https:\/\/www.lesrencontreseconomiques.fr\/wp-json\/wp\/v2\/blog"}],"about":[{"href":"https:\/\/www.lesrencontreseconomiques.fr\/wp-json\/wp\/v2\/types\/blog"}],"wp:featuredmedia":[{"embeddable":true,"href":"https:\/\/www.lesrencontreseconomiques.fr\/wp-json\/wp\/v2\/media\/21594"}],"wp:attachment":[{"href":"https:\/\/www.lesrencontreseconomiques.fr\/wp-json\/wp\/v2\/media?parent=21590"}],"wp:term":[{"taxonomy":"cat-theme","embeddable":true,"href":"https:\/\/www.lesrencontreseconomiques.fr\/wp-json\/wp\/v2\/cat-theme?post=21590"},{"taxonomy":"cat-axe","embeddable":true,"href":"https:\/\/www.lesrencontreseconomiques.fr\/wp-json\/wp\/v2\/cat-axe?post=21590"}],"curies":[{"name":"wp","href":"https:\/\/api.w.org\/{rel}","templated":true}]}}