{"id":20804,"date":"2025-06-11T10:41:26","date_gmt":"2025-06-11T08:41:26","guid":{"rendered":"https:\/\/www.lesrencontreseconomiques.fr\/?post_type=blog&#038;p=20804"},"modified":"2025-06-11T11:42:20","modified_gmt":"2025-06-11T09:42:20","slug":"le-choc-des-realites-en-intelligence-artificielle-ou-lintelligence-artificielle-est-geopolitique","status":"publish","type":"blog","link":"https:\/\/www.lesrencontreseconomiques.fr\/debats-idees\/le-choc-des-realites-en-intelligence-artificielle-ou-lintelligence-artificielle-est-geopolitique\/","title":{"rendered":"L\u2019Intelligence artificielle est g\u00e9opolitique"},"content":{"rendered":"\n<h2 class=\"wp-block-heading\">Le choc des r\u00e9alit\u00e9s en Intelligence artificielle\u00a0<\/h2>\n\n\n\n<div style=\"height:8px\" aria-hidden=\"true\" class=\"wp-block-spacer\"><\/div>\n\n\n\n<p>Le sommet mondial sur l\u2019intelligence artificielle qui s\u2019est tenu \u00e0 Paris en f\u00e9vrier a \u00e9t\u00e9 un moment de bascule et de prise de conscience. Rappelons quelques dates.&nbsp;&nbsp;Le 21 janvier, au lendemain de l\u2019investiture du nouveau pr\u00e9sident am\u00e9ricain, le programme \u00ab&nbsp;Stargate&nbsp;\u00bb est lanc\u00e9 \u00e0 la Maison Blanche \u2013 une promesse d\u2019investissement de 500 milliards de dollars dans les infrastructures d\u2019IA aux \u00c9tats-Unis. Ensuite, autour du 28 janvier, le monde d\u00e9couvrait avec une certaine stupeur les performances du mod\u00e8le chinois \u00ab&nbsp;DeepSeek&nbsp;\u00bb, capable de rivaliser avec les meilleurs mod\u00e8les mondiaux pour un co\u00fbt d\u2019entra\u00eenement annonc\u00e9 \u00e0\u2026 6 millions de dollars. Et le sommet IA du 11 f\u00e9vrier a \u00e9t\u00e9 l\u2019occasion du premier discours \u00e0 l\u2019\u00e9tranger du vice-pr\u00e9sident JD Vance, d\u2019une clart\u00e9 brusque sur la volont\u00e9 de domination am\u00e9ricaine et la rivalit\u00e9 avec la Chine, quelques jours avant son discours \u00e0 la Conf\u00e9rence de S\u00e9curit\u00e9 de Munich.<\/p>\n\n\n\n<div style=\"height:8px\" aria-hidden=\"true\" class=\"wp-block-spacer\"><\/div>\n\n\n\n<p>Ces \u00e9v\u00e9nements, \u00e0 quelques jours d\u2019intervalle, ont agi comme un \u00e9lectrochoc. Ils ont rendu tangible ce que certains observaient depuis longtemps : l\u2019intelligence artificielle n\u2019est plus un simple enjeu de recherche ou d\u2019innovation. Elle est devenue un levier de puissance, un objet de comp\u00e9tition strat\u00e9gique, et un r\u00e9v\u00e9lateur brutal des d\u00e9s\u00e9quilibres technologiques mondiaux.<\/p>\n\n\n\n<div style=\"height:8px\" aria-hidden=\"true\" class=\"wp-block-spacer\"><\/div>\n\n\n\n<p>Pour l\u2019Europe, et pour la France, ce moment marque une prise de conscience. Car le choc des r\u00e9alit\u00e9s, ici, c\u2019est d\u2019abord celui de la d\u00e9pendance. Nos infrastructures, nos outils, nos mod\u00e8les, sont tr\u00e8s largement import\u00e9s. Nous utilisons des plateformes am\u00e9ricaines pour stocker nos donn\u00e9es, entra\u00eener nos mod\u00e8les, interagir dans nos vies professionnelles et personnelles. Cette d\u00e9pendance n\u2019est pas simplement \u00e9conomique. Elle est aussi culturelle, juridique, g\u00e9opolitique.<\/p>\n\n\n\n<div style=\"height:8px\" aria-hidden=\"true\" class=\"wp-block-spacer\"><\/div>\n\n\n\n<p>Mais cette prise de conscience en cache une autre : celle d\u2019un monde chinois en voie d\u2019autonomisation rapide, qui ne se contente plus d\u2019imiter mais construit, impose, et propose ses propres mod\u00e8les technologiques, ses propres normes, sa propre vision du num\u00e9rique. L\u2019exemple de DeepSeek montre qu\u2019un pays qui ma\u00eetrise l\u2019ensemble de sa cha\u00eene de valeur num\u00e9rique peut produire \u00e0 grande vitesse, \u00e0 moindre co\u00fbt, des alternatives cr\u00e9dibles aux g\u00e9ants occidentaux.<\/p>\n\n\n\n<div style=\"height:8px\" aria-hidden=\"true\" class=\"wp-block-spacer\"><\/div>\n\n\n\n<p>Face \u00e0 ces deux blocs, une troisi\u00e8me voie peut \u00eatre b\u00e2tie, par n\u00e9cessit\u00e9 strat\u00e9gique, \u00e9conomique et d\u00e9mocratique. Cette voie europ\u00e9enne \u2013 avec quelques grands alli\u00e9s, comme le Canada, la Suisse &#8211; doit \u00eatre celle d\u2019un engagement r\u00e9solu, concret, pas \u00e0 pas.&nbsp;<\/p>\n\n\n\n<div style=\"height:8px\" aria-hidden=\"true\" class=\"wp-block-spacer\"><\/div>\n\n\n\n<p>Nous avons des atouts en intelligence artificielle, en num\u00e9rique, en sciences, nous avons des talents en recherche et en ing\u00e9nierie \u2013 m\u00eame s\u2019il faudrait en former davantage, et leur donner de meilleures conditions de travail pour ne pas les perdre. Nous avons des start-ups et des \u00ab&nbsp;licornes&nbsp;\u00bb, comme par exemple Mistral AI, ou Helsing pour l\u2019IA de d\u00e9fense.&nbsp;&nbsp;Mais il ne faut pas croire que nous pourrons, du jour au lendemain et \u00e0 moindre effort financier, remplacer les services technologiques que toutes nos entreprises petites et grandes utilisent, et que nous utilisons \u00e0 titre personnel, souvent endormis par leur gratuit\u00e9.<\/p>\n\n\n\n<div style=\"height:8px\" aria-hidden=\"true\" class=\"wp-block-spacer\"><\/div>\n\n\n\n<p>Cela implique des choix structurants : investir massivement dans la recherche et les infrastructures ; favoriser l\u2019\u00e9mergence d\u2019acteurs capables de rivaliser avec les g\u00e9ants du secteur, d\u2019abord pour r\u00e9pondre \u00e0 une premi\u00e8re partie des besoins de nos entreprises et administrations, puis une deuxi\u00e8me ; simplifier nos r\u00e9glementations pour en garder les \u00e9l\u00e9ments essentiels sans freiner l\u2019innovation ; et coop\u00e9rer avec les pays qui, comme nous, souhaitent un num\u00e9rique ouvert, ind\u00e9pendant et inclusif.<\/p>\n\n\n\n<div style=\"height:8px\" aria-hidden=\"true\" class=\"wp-block-spacer\"><\/div>\n\n\n\n<p>Comme envoy\u00e9e sp\u00e9ciale pour le sommet de l\u2019IA de f\u00e9vrier dernier, j\u2019ai vu ce choc des r\u00e9alit\u00e9s num\u00e9riques de tout pr\u00e8s. L\u2019IA pose des questions fondamentales de pouvoir, de confiance, de justice. Elle est un miroir de nos choix collectifs. Nous pouvons faire le choix passif d\u2019\u00eatre des clients d\u2019une IA et de services num\u00e9riques d\u00e9velopp\u00e9s par d\u2019autres. Sommes-nous pr\u00eats \u00e0 reconna\u00eetre que le temps des constats est r\u00e9volu ? Que l\u2019enjeu n\u2019est plus d\u2019observer, mais d\u2019agir ? C\u2019est maintenant que se joue la capacit\u00e9 de l\u2019Europe \u00e0 peser dans ce nouveau monde.<\/p>\n\n\n\n<div style=\"height:8px\" aria-hidden=\"true\" class=\"wp-block-spacer\"><\/div>\n\n\n\n<p><em>Anne Bouverot, pr\u00e9sidente du conseil d\u2019administration de l\u2019Ecole normale sup\u00e9rieure (ENS), et envoy\u00e9e sp\u00e9ciale du pr\u00e9sident de la R\u00e9publique pour l\u2019intelligence artificielle&nbsp;<\/em><\/p>\n","protected":false},"featured_media":20805,"template":"","cat-theme":[71],"cat-axe":[],"class_list":["post-20804","blog","type-blog","status-publish","has-post-thumbnail","hentry","cat-theme-tech-industrie"],"acf":[],"yoast_head":"<!-- This site is optimized with the Yoast SEO plugin v26.5 - https:\/\/yoast.com\/wordpress\/plugins\/seo\/ -->\n<title>L\u2019Intelligence artificielle est g\u00e9opolitique - Les Rencontres \u00c9conomiques<\/title>\n<meta name=\"robots\" content=\"index, follow, max-snippet:-1, max-image-preview:large, max-video-preview:-1\" \/>\n<link rel=\"canonical\" href=\"https:\/\/www.lesrencontreseconomiques.fr\/debats-idees\/le-choc-des-realites-en-intelligence-artificielle-ou-lintelligence-artificielle-est-geopolitique\/\" \/>\n<meta property=\"og:locale\" content=\"fr_FR\" \/>\n<meta property=\"og:type\" content=\"article\" \/>\n<meta property=\"og:description\" content=\"Le choc des r\u00e9alit\u00e9s en Intelligence artificielle\u00a0 Le sommet mondial sur l\u2019intelligence artificielle qui s\u2019est tenu \u00e0 Paris en f\u00e9vrier a \u00e9t\u00e9 un moment de bascule et de prise de conscience. Rappelons quelques dates.&nbsp;&nbsp;Le 21 janvier, au lendemain de l\u2019investiture du nouveau pr\u00e9sident am\u00e9ricain, le programme \u00ab&nbsp;Stargate&nbsp;\u00bb est lanc\u00e9 \u00e0 la Maison Blanche \u2013 une [&hellip;]\" \/>\n<meta property=\"og:url\" content=\"https:\/\/www.lesrencontreseconomiques.fr\/debats-idees\/le-choc-des-realites-en-intelligence-artificielle-ou-lintelligence-artificielle-est-geopolitique\/\" \/>\n<meta property=\"og:site_name\" content=\"Les Rencontres \u00c9conomiques\" \/>\n<meta property=\"article:publisher\" content=\"https:\/\/www.facebook.com\/Le.Cercle.des.Economistes\/\" \/>\n<meta property=\"article:modified_time\" content=\"2025-06-11T09:42:20+00:00\" \/>\n<meta property=\"og:image\" content=\"https:\/\/www.lesrencontreseconomiques.fr\/wp-content\/uploads\/2025\/06\/AdobeStock_574183420.jpeg\" \/>\n\t<meta property=\"og:image:width\" content=\"1600\" \/>\n\t<meta property=\"og:image:height\" content=\"700\" \/>\n\t<meta property=\"og:image:type\" content=\"image\/jpeg\" \/>\n<meta name=\"twitter:card\" content=\"summary_large_image\" \/>\n<meta name=\"twitter:site\" content=\"@Cercle_eco\" \/>\n<meta name=\"twitter:label1\" content=\"Dur\u00e9e de lecture estim\u00e9e\" \/>\n\t<meta name=\"twitter:data1\" content=\"4 minutes\" \/>\n<script type=\"application\/ld+json\" class=\"yoast-schema-graph\">{\"@context\":\"https:\/\/schema.org\",\"@graph\":[{\"@type\":\"WebPage\",\"@id\":\"https:\/\/www.lesrencontreseconomiques.fr\/debats-idees\/le-choc-des-realites-en-intelligence-artificielle-ou-lintelligence-artificielle-est-geopolitique\/\",\"url\":\"https:\/\/www.lesrencontreseconomiques.fr\/debats-idees\/le-choc-des-realites-en-intelligence-artificielle-ou-lintelligence-artificielle-est-geopolitique\/\",\"name\":\"L\u2019Intelligence artificielle est g\u00e9opolitique - Les Rencontres \u00c9conomiques\",\"isPartOf\":{\"@id\":\"https:\/\/www.lesrencontreseconomiques.fr\/#website\"},\"primaryImageOfPage\":{\"@id\":\"https:\/\/www.lesrencontreseconomiques.fr\/debats-idees\/le-choc-des-realites-en-intelligence-artificielle-ou-lintelligence-artificielle-est-geopolitique\/#primaryimage\"},\"image\":{\"@id\":\"https:\/\/www.lesrencontreseconomiques.fr\/debats-idees\/le-choc-des-realites-en-intelligence-artificielle-ou-lintelligence-artificielle-est-geopolitique\/#primaryimage\"},\"thumbnailUrl\":\"https:\/\/www.lesrencontreseconomiques.fr\/wp-content\/uploads\/2025\/06\/AdobeStock_574183420.jpeg\",\"datePublished\":\"2025-06-11T08:41:26+00:00\",\"dateModified\":\"2025-06-11T09:42:20+00:00\",\"breadcrumb\":{\"@id\":\"https:\/\/www.lesrencontreseconomiques.fr\/debats-idees\/le-choc-des-realites-en-intelligence-artificielle-ou-lintelligence-artificielle-est-geopolitique\/#breadcrumb\"},\"inLanguage\":\"fr-FR\",\"potentialAction\":[{\"@type\":\"ReadAction\",\"target\":[\"https:\/\/www.lesrencontreseconomiques.fr\/debats-idees\/le-choc-des-realites-en-intelligence-artificielle-ou-lintelligence-artificielle-est-geopolitique\/\"]}]},{\"@type\":\"ImageObject\",\"inLanguage\":\"fr-FR\",\"@id\":\"https:\/\/www.lesrencontreseconomiques.fr\/debats-idees\/le-choc-des-realites-en-intelligence-artificielle-ou-lintelligence-artificielle-est-geopolitique\/#primaryimage\",\"url\":\"https:\/\/www.lesrencontreseconomiques.fr\/wp-content\/uploads\/2025\/06\/AdobeStock_574183420.jpeg\",\"contentUrl\":\"https:\/\/www.lesrencontreseconomiques.fr\/wp-content\/uploads\/2025\/06\/AdobeStock_574183420.jpeg\",\"width\":1600,\"height\":700},{\"@type\":\"BreadcrumbList\",\"@id\":\"https:\/\/www.lesrencontreseconomiques.fr\/debats-idees\/le-choc-des-realites-en-intelligence-artificielle-ou-lintelligence-artificielle-est-geopolitique\/#breadcrumb\",\"itemListElement\":[{\"@type\":\"ListItem\",\"position\":1,\"name\":\"Accueil\",\"item\":\"https:\/\/www.lesrencontreseconomiques.fr\/\"},{\"@type\":\"ListItem\",\"position\":2,\"name\":\"D\u00e9bats & Id\u00e9es\",\"item\":\"https:\/\/www.lesrencontreseconomiques.fr\/debats-idees\/\"},{\"@type\":\"ListItem\",\"position\":3,\"name\":\"L\u2019Intelligence artificielle est g\u00e9opolitique\"}]},{\"@type\":\"WebSite\",\"@id\":\"https:\/\/www.lesrencontreseconomiques.fr\/#website\",\"url\":\"https:\/\/www.lesrencontreseconomiques.fr\/\",\"name\":\"Les Rencontres \u00c9conomiques\",\"description\":\"\",\"potentialAction\":[{\"@type\":\"SearchAction\",\"target\":{\"@type\":\"EntryPoint\",\"urlTemplate\":\"https:\/\/www.lesrencontreseconomiques.fr\/?s={search_term_string}\"},\"query-input\":{\"@type\":\"PropertyValueSpecification\",\"valueRequired\":true,\"valueName\":\"search_term_string\"}}],\"inLanguage\":\"fr-FR\"}]}<\/script>\n<!-- \/ Yoast SEO plugin. -->","yoast_head_json":{"title":"L\u2019Intelligence artificielle est g\u00e9opolitique - Les Rencontres \u00c9conomiques","robots":{"index":"index","follow":"follow","max-snippet":"max-snippet:-1","max-image-preview":"max-image-preview:large","max-video-preview":"max-video-preview:-1"},"canonical":"https:\/\/www.lesrencontreseconomiques.fr\/debats-idees\/le-choc-des-realites-en-intelligence-artificielle-ou-lintelligence-artificielle-est-geopolitique\/","og_locale":"fr_FR","og_type":"article","og_description":"Le choc des r\u00e9alit\u00e9s en Intelligence artificielle\u00a0 Le sommet mondial sur l\u2019intelligence artificielle qui s\u2019est tenu \u00e0 Paris en f\u00e9vrier a \u00e9t\u00e9 un moment de bascule et de prise de conscience. Rappelons quelques dates.&nbsp;&nbsp;Le 21 janvier, au lendemain de l\u2019investiture du nouveau pr\u00e9sident am\u00e9ricain, le programme \u00ab&nbsp;Stargate&nbsp;\u00bb est lanc\u00e9 \u00e0 la Maison Blanche \u2013 une [&hellip;]","og_url":"https:\/\/www.lesrencontreseconomiques.fr\/debats-idees\/le-choc-des-realites-en-intelligence-artificielle-ou-lintelligence-artificielle-est-geopolitique\/","og_site_name":"Les Rencontres \u00c9conomiques","article_publisher":"https:\/\/www.facebook.com\/Le.Cercle.des.Economistes\/","article_modified_time":"2025-06-11T09:42:20+00:00","og_image":[{"width":1600,"height":700,"url":"https:\/\/www.lesrencontreseconomiques.fr\/wp-content\/uploads\/2025\/06\/AdobeStock_574183420.jpeg","type":"image\/jpeg"}],"twitter_card":"summary_large_image","twitter_site":"@Cercle_eco","twitter_misc":{"Dur\u00e9e de lecture estim\u00e9e":"4 minutes"},"schema":{"@context":"https:\/\/schema.org","@graph":[{"@type":"WebPage","@id":"https:\/\/www.lesrencontreseconomiques.fr\/debats-idees\/le-choc-des-realites-en-intelligence-artificielle-ou-lintelligence-artificielle-est-geopolitique\/","url":"https:\/\/www.lesrencontreseconomiques.fr\/debats-idees\/le-choc-des-realites-en-intelligence-artificielle-ou-lintelligence-artificielle-est-geopolitique\/","name":"L\u2019Intelligence artificielle est g\u00e9opolitique - Les Rencontres \u00c9conomiques","isPartOf":{"@id":"https:\/\/www.lesrencontreseconomiques.fr\/#website"},"primaryImageOfPage":{"@id":"https:\/\/www.lesrencontreseconomiques.fr\/debats-idees\/le-choc-des-realites-en-intelligence-artificielle-ou-lintelligence-artificielle-est-geopolitique\/#primaryimage"},"image":{"@id":"https:\/\/www.lesrencontreseconomiques.fr\/debats-idees\/le-choc-des-realites-en-intelligence-artificielle-ou-lintelligence-artificielle-est-geopolitique\/#primaryimage"},"thumbnailUrl":"https:\/\/www.lesrencontreseconomiques.fr\/wp-content\/uploads\/2025\/06\/AdobeStock_574183420.jpeg","datePublished":"2025-06-11T08:41:26+00:00","dateModified":"2025-06-11T09:42:20+00:00","breadcrumb":{"@id":"https:\/\/www.lesrencontreseconomiques.fr\/debats-idees\/le-choc-des-realites-en-intelligence-artificielle-ou-lintelligence-artificielle-est-geopolitique\/#breadcrumb"},"inLanguage":"fr-FR","potentialAction":[{"@type":"ReadAction","target":["https:\/\/www.lesrencontreseconomiques.fr\/debats-idees\/le-choc-des-realites-en-intelligence-artificielle-ou-lintelligence-artificielle-est-geopolitique\/"]}]},{"@type":"ImageObject","inLanguage":"fr-FR","@id":"https:\/\/www.lesrencontreseconomiques.fr\/debats-idees\/le-choc-des-realites-en-intelligence-artificielle-ou-lintelligence-artificielle-est-geopolitique\/#primaryimage","url":"https:\/\/www.lesrencontreseconomiques.fr\/wp-content\/uploads\/2025\/06\/AdobeStock_574183420.jpeg","contentUrl":"https:\/\/www.lesrencontreseconomiques.fr\/wp-content\/uploads\/2025\/06\/AdobeStock_574183420.jpeg","width":1600,"height":700},{"@type":"BreadcrumbList","@id":"https:\/\/www.lesrencontreseconomiques.fr\/debats-idees\/le-choc-des-realites-en-intelligence-artificielle-ou-lintelligence-artificielle-est-geopolitique\/#breadcrumb","itemListElement":[{"@type":"ListItem","position":1,"name":"Accueil","item":"https:\/\/www.lesrencontreseconomiques.fr\/"},{"@type":"ListItem","position":2,"name":"D\u00e9bats & Id\u00e9es","item":"https:\/\/www.lesrencontreseconomiques.fr\/debats-idees\/"},{"@type":"ListItem","position":3,"name":"L\u2019Intelligence artificielle est g\u00e9opolitique"}]},{"@type":"WebSite","@id":"https:\/\/www.lesrencontreseconomiques.fr\/#website","url":"https:\/\/www.lesrencontreseconomiques.fr\/","name":"Les Rencontres \u00c9conomiques","description":"","potentialAction":[{"@type":"SearchAction","target":{"@type":"EntryPoint","urlTemplate":"https:\/\/www.lesrencontreseconomiques.fr\/?s={search_term_string}"},"query-input":{"@type":"PropertyValueSpecification","valueRequired":true,"valueName":"search_term_string"}}],"inLanguage":"fr-FR"}]}},"_links":{"self":[{"href":"https:\/\/www.lesrencontreseconomiques.fr\/wp-json\/wp\/v2\/blog\/20804","targetHints":{"allow":["GET"]}}],"collection":[{"href":"https:\/\/www.lesrencontreseconomiques.fr\/wp-json\/wp\/v2\/blog"}],"about":[{"href":"https:\/\/www.lesrencontreseconomiques.fr\/wp-json\/wp\/v2\/types\/blog"}],"wp:featuredmedia":[{"embeddable":true,"href":"https:\/\/www.lesrencontreseconomiques.fr\/wp-json\/wp\/v2\/media\/20805"}],"wp:attachment":[{"href":"https:\/\/www.lesrencontreseconomiques.fr\/wp-json\/wp\/v2\/media?parent=20804"}],"wp:term":[{"taxonomy":"cat-theme","embeddable":true,"href":"https:\/\/www.lesrencontreseconomiques.fr\/wp-json\/wp\/v2\/cat-theme?post=20804"},{"taxonomy":"cat-axe","embeddable":true,"href":"https:\/\/www.lesrencontreseconomiques.fr\/wp-json\/wp\/v2\/cat-axe?post=20804"}],"curies":[{"name":"wp","href":"https:\/\/api.w.org\/{rel}","templated":true}]}}