{"id":20745,"date":"2025-06-10T10:32:09","date_gmt":"2025-06-10T08:32:09","guid":{"rendered":"https:\/\/www.lesrencontreseconomiques.fr\/?post_type=blog&#038;p=20745"},"modified":"2025-06-10T10:32:10","modified_gmt":"2025-06-10T08:32:10","slug":"la-fin-du-libre-echange-un-changement-de-paradigme","status":"publish","type":"blog","link":"https:\/\/www.lesrencontreseconomiques.fr\/debats-idees\/la-fin-du-libre-echange-un-changement-de-paradigme\/","title":{"rendered":"La fin du libre-\u00e9change : un changement de paradigme ?"},"content":{"rendered":"\n<div style=\"height:14px\" aria-hidden=\"true\" class=\"wp-block-spacer\"><\/div>\n\n\n\n<p>Depuis plusieurs ann\u00e9es, et singulierement depuis la crise financi\u00e8re et la grande r\u00e9cession, le monde semble s\u2019\u00e9loigner du libre-\u00e9change tel qu\u2019il avait \u00e9t\u00e9 promu depuis la fin de la Seconde Guerre mondiale, apr\u00e8s les rgressions du d\u00e9but du XX\u00e8me si\u00e8cle. Le multilat\u00e9ralisme commercial, incarn\u00e9 par les accords du GATT puis a partir de 1993 par l\u2019Organisation mondiale du commerce (OMC), s\u2019essouffle face \u00e0 une mont\u00e9e des tensions g\u00e9opolitiques, \u00e0 un repli protectionniste et \u00e0 l\u2019usage strat\u00e9gique du commerce comme levier de puissance.<\/p>\n\n\n\n<div style=\"height:14px\" aria-hidden=\"true\" class=\"wp-block-spacer\"><\/div>\n\n\n\n<p>Les tarifs douaniers ont fait leur grand retour, notamment, mais pa seulement, sous l\u2019impulsion des \u00c9tats-Unis avec l\u2019administration Trump, qui a impos\u00e9 des 2017-2018 des droits de douane importants sur certains produits chinois, amor\u00e7ant une guerre commerciale dont les r\u00e9pliques se font encore sentir. L\u2019administration Biden, loin de revenir \u00e0 l\u2019orthodoxie libre-\u00e9changiste, a maintenu une grande partie de ces mesures dans une logique de \u00ab reshoring \u00bb et de s\u00e9curisation des cha\u00eenes de valeur. D\u2019autres pays ont embo\u00eet\u00e9 le pas, augmentant les droits de douane pour prot\u00e9ger des secteurs strat\u00e9giques (technologie, agriculture, mati\u00e8res premi\u00e8res critiques etc\u2026).<\/p>\n\n\n\n<div style=\"height:14px\" aria-hidden=\"true\" class=\"wp-block-spacer\"><\/div>\n\n\n\n<p>Mais au-del\u00e0 des tarifs, ce sont aussi les barri\u00e8res non tarifaires qui se multiplient : normes sanitaires, exigences environnementales, contr\u00f4les technologiques, dispositifs de subventions internes \u2014 autant de moyens d\u00e9tourn\u00e9s pour limiter les importations tout en se conformant, au moins en apparence, aux r\u00e8gles de l\u2019OMC. Tous les suivis soulignent une envolee des exceptions et derogations. L\u2019OMC, paralys\u00e9e par le blocage de son organe de r\u00e8glement des diff\u00e9rends depuis 2019, n\u2019est, d\u2019ailleurs, plus en mesure de garantir l\u2019arbitrage impartial des conflits commerciaux.<\/p>\n\n\n\n<div style=\"height:14px\" aria-hidden=\"true\" class=\"wp-block-spacer\"><\/div>\n\n\n\n<p>Les accords commerciaux bilat\u00e9raux ou plurilat\u00e9raux, cens\u00e9s en theorie pallier l\u2019\u00e9chec du multilat\u00e9ralisme, peinent \u00e9galement \u00e0 aboutir. L\u2019accord UE-Mercosur stagne depuis des ann\u00e9es et la r\u00e9cente visite a Paris du President Lula n\u2019a pas encore permis de d\u00e9bloquer la situation. Le Partenariat transpacifique (CPTPP) avance laborieusement, et de nombreuses n\u00e9gociations sont frein\u00e9es par des consid\u00e9rations de toutes natures&nbsp;:&nbsp;&nbsp;environnementales, sociales ou g\u00e9opolitiques.<\/p>\n\n\n\n<div style=\"height:14px\" aria-hidden=\"true\" class=\"wp-block-spacer\"><\/div>\n\n\n\n<p>Plus fondamentalement, le commerce est de plus en plus utilis\u00e9 comme une arme dans la comp\u00e9tition pour les ressources critiques et la protection de sa souverainet\u00e9. Acc\u00e8s aux m\u00e9taux rares, contr\u00f4le des technologies strat\u00e9giques, s\u00e9curisation alimentaire : chaque \u00c9tat cherche d\u00e9sormais \u00e0 pr\u00e9server ou dominer des cha\u00eenes d\u2019approvisionnement vitales, quitte \u00e0 rompre avec la logique ricardienne des avantages comparatifs. Le commerce n\u2019est plus un vecteur de coop\u00e9ration mais un outil de puissance. L&#8217;embargo sur les semi-conducteurs impos\u00e9 \u00e0 la Chine, ou les restrictions sur l\u2019exportation de terres rares par P\u00e9kin, en sont des illustrations r\u00e9centes frappantes.<\/p>\n\n\n\n<div style=\"height:14px\" aria-hidden=\"true\" class=\"wp-block-spacer\"><\/div>\n\n\n\n<p>Peut-on parler de changement de paradigme ? Probablement oui. Le monde fa\u00e7onn\u00e9 par Ricardo, fond\u00e9 sur les avantages compratifs garants d&rsquo;efficacit\u00e9, d&rsquo;ouverture et in fine d\u2019interd\u00e9pendance constructive, c\u00e8de la place \u00e0 un monde plus malthusien, fond\u00e9 sur la raret\u00e9, la rivalit\u00e9 et la volont\u00e9 de captation dans un monde jug\u00e9 fini (en ce compris la terre mais aussi les oc\u00e9ans et l\u2019espace). Dans ce contexte, la croissance n\u2019est plus garantie par l\u2019\u00e9change, mais par la ma\u00eetrise de ressources limit\u00e9es, la r\u00e9silience \u00e9conomique, et la souverainet\u00e9 industrielle, technologique et alimentaire.<\/p>\n\n\n\n<div style=\"height:14px\" aria-hidden=\"true\" class=\"wp-block-spacer\"><\/div>\n\n\n\n<p>Ce basculement n\u2019est \u00e9videmment pas sans risque. Nous commen\u00e7ons juste a en prendre la mesure. Il nourrit la fragmentation du syst\u00e8me international, exacerbe les tensions et affaiblit la coop\u00e9ration globale, y compris dans des domaines cruciaux comme la lutte contre le changement climatique, sujet auquel je suis professionnellement particuli\u00e8rement attach\u00e9. Surtout il semble d\u00e9sormais s\u2019imposer comme la nouvelle donne d\u2019un monde o\u00f9 la s\u00e9curit\u00e9 prime sur la libre circulation des biens. Mais aussi des capitaux et des personnes voire des \u00ab&nbsp;datas&nbsp;\u00bb.&nbsp;<\/p>\n","protected":false},"featured_media":20747,"template":"","cat-theme":[73],"cat-axe":[],"class_list":["post-20745","blog","type-blog","status-publish","has-post-thumbnail","hentry","cat-theme-financements"],"acf":[],"yoast_head":"<!-- This site is optimized with the Yoast SEO plugin v26.5 - https:\/\/yoast.com\/wordpress\/plugins\/seo\/ -->\n<title>La fin du libre-\u00e9change : un changement de paradigme ? - Les Rencontres \u00c9conomiques<\/title>\n<meta name=\"robots\" content=\"index, follow, max-snippet:-1, max-image-preview:large, max-video-preview:-1\" \/>\n<link rel=\"canonical\" href=\"https:\/\/www.lesrencontreseconomiques.fr\/debats-idees\/la-fin-du-libre-echange-un-changement-de-paradigme\/\" \/>\n<meta property=\"og:locale\" content=\"fr_FR\" \/>\n<meta property=\"og:type\" content=\"article\" \/>\n<meta property=\"og:description\" content=\"Depuis plusieurs ann\u00e9es, et singulierement depuis la crise financi\u00e8re et la grande r\u00e9cession, le monde semble s\u2019\u00e9loigner du libre-\u00e9change tel qu\u2019il avait \u00e9t\u00e9 promu depuis la fin de la Seconde Guerre mondiale, apr\u00e8s les rgressions du d\u00e9but du XX\u00e8me si\u00e8cle. Le multilat\u00e9ralisme commercial, incarn\u00e9 par les accords du GATT puis a partir de 1993 par [&hellip;]\" \/>\n<meta property=\"og:url\" content=\"https:\/\/www.lesrencontreseconomiques.fr\/debats-idees\/la-fin-du-libre-echange-un-changement-de-paradigme\/\" \/>\n<meta property=\"og:site_name\" content=\"Les Rencontres \u00c9conomiques\" \/>\n<meta property=\"article:publisher\" content=\"https:\/\/www.facebook.com\/Le.Cercle.des.Economistes\/\" \/>\n<meta property=\"article:modified_time\" content=\"2025-06-10T08:32:10+00:00\" \/>\n<meta property=\"og:image\" content=\"https:\/\/www.lesrencontreseconomiques.fr\/wp-content\/uploads\/2025\/06\/AdobeStock_368392613.jpeg\" \/>\n\t<meta property=\"og:image:width\" content=\"1600\" \/>\n\t<meta property=\"og:image:height\" content=\"1086\" \/>\n\t<meta property=\"og:image:type\" content=\"image\/jpeg\" \/>\n<meta name=\"twitter:card\" content=\"summary_large_image\" \/>\n<meta name=\"twitter:site\" content=\"@Cercle_eco\" \/>\n<meta name=\"twitter:label1\" content=\"Dur\u00e9e de lecture estim\u00e9e\" \/>\n\t<meta name=\"twitter:data1\" content=\"4 minutes\" \/>\n<script type=\"application\/ld+json\" class=\"yoast-schema-graph\">{\"@context\":\"https:\/\/schema.org\",\"@graph\":[{\"@type\":\"WebPage\",\"@id\":\"https:\/\/www.lesrencontreseconomiques.fr\/debats-idees\/la-fin-du-libre-echange-un-changement-de-paradigme\/\",\"url\":\"https:\/\/www.lesrencontreseconomiques.fr\/debats-idees\/la-fin-du-libre-echange-un-changement-de-paradigme\/\",\"name\":\"La fin du libre-\u00e9change : un changement de paradigme ? - Les Rencontres \u00c9conomiques\",\"isPartOf\":{\"@id\":\"https:\/\/www.lesrencontreseconomiques.fr\/#website\"},\"primaryImageOfPage\":{\"@id\":\"https:\/\/www.lesrencontreseconomiques.fr\/debats-idees\/la-fin-du-libre-echange-un-changement-de-paradigme\/#primaryimage\"},\"image\":{\"@id\":\"https:\/\/www.lesrencontreseconomiques.fr\/debats-idees\/la-fin-du-libre-echange-un-changement-de-paradigme\/#primaryimage\"},\"thumbnailUrl\":\"https:\/\/www.lesrencontreseconomiques.fr\/wp-content\/uploads\/2025\/06\/AdobeStock_368392613.jpeg\",\"datePublished\":\"2025-06-10T08:32:09+00:00\",\"dateModified\":\"2025-06-10T08:32:10+00:00\",\"breadcrumb\":{\"@id\":\"https:\/\/www.lesrencontreseconomiques.fr\/debats-idees\/la-fin-du-libre-echange-un-changement-de-paradigme\/#breadcrumb\"},\"inLanguage\":\"fr-FR\",\"potentialAction\":[{\"@type\":\"ReadAction\",\"target\":[\"https:\/\/www.lesrencontreseconomiques.fr\/debats-idees\/la-fin-du-libre-echange-un-changement-de-paradigme\/\"]}]},{\"@type\":\"ImageObject\",\"inLanguage\":\"fr-FR\",\"@id\":\"https:\/\/www.lesrencontreseconomiques.fr\/debats-idees\/la-fin-du-libre-echange-un-changement-de-paradigme\/#primaryimage\",\"url\":\"https:\/\/www.lesrencontreseconomiques.fr\/wp-content\/uploads\/2025\/06\/AdobeStock_368392613.jpeg\",\"contentUrl\":\"https:\/\/www.lesrencontreseconomiques.fr\/wp-content\/uploads\/2025\/06\/AdobeStock_368392613.jpeg\",\"width\":1600,\"height\":1086},{\"@type\":\"BreadcrumbList\",\"@id\":\"https:\/\/www.lesrencontreseconomiques.fr\/debats-idees\/la-fin-du-libre-echange-un-changement-de-paradigme\/#breadcrumb\",\"itemListElement\":[{\"@type\":\"ListItem\",\"position\":1,\"name\":\"Accueil\",\"item\":\"https:\/\/www.lesrencontreseconomiques.fr\/\"},{\"@type\":\"ListItem\",\"position\":2,\"name\":\"D\u00e9bats & Id\u00e9es\",\"item\":\"https:\/\/www.lesrencontreseconomiques.fr\/debats-idees\/\"},{\"@type\":\"ListItem\",\"position\":3,\"name\":\"La fin du libre-\u00e9change : un changement de paradigme ?\"}]},{\"@type\":\"WebSite\",\"@id\":\"https:\/\/www.lesrencontreseconomiques.fr\/#website\",\"url\":\"https:\/\/www.lesrencontreseconomiques.fr\/\",\"name\":\"Les Rencontres \u00c9conomiques\",\"description\":\"\",\"potentialAction\":[{\"@type\":\"SearchAction\",\"target\":{\"@type\":\"EntryPoint\",\"urlTemplate\":\"https:\/\/www.lesrencontreseconomiques.fr\/?s={search_term_string}\"},\"query-input\":{\"@type\":\"PropertyValueSpecification\",\"valueRequired\":true,\"valueName\":\"search_term_string\"}}],\"inLanguage\":\"fr-FR\"}]}<\/script>\n<!-- \/ Yoast SEO plugin. -->","yoast_head_json":{"title":"La fin du libre-\u00e9change : un changement de paradigme ? - Les Rencontres \u00c9conomiques","robots":{"index":"index","follow":"follow","max-snippet":"max-snippet:-1","max-image-preview":"max-image-preview:large","max-video-preview":"max-video-preview:-1"},"canonical":"https:\/\/www.lesrencontreseconomiques.fr\/debats-idees\/la-fin-du-libre-echange-un-changement-de-paradigme\/","og_locale":"fr_FR","og_type":"article","og_description":"Depuis plusieurs ann\u00e9es, et singulierement depuis la crise financi\u00e8re et la grande r\u00e9cession, le monde semble s\u2019\u00e9loigner du libre-\u00e9change tel qu\u2019il avait \u00e9t\u00e9 promu depuis la fin de la Seconde Guerre mondiale, apr\u00e8s les rgressions du d\u00e9but du XX\u00e8me si\u00e8cle. Le multilat\u00e9ralisme commercial, incarn\u00e9 par les accords du GATT puis a partir de 1993 par [&hellip;]","og_url":"https:\/\/www.lesrencontreseconomiques.fr\/debats-idees\/la-fin-du-libre-echange-un-changement-de-paradigme\/","og_site_name":"Les Rencontres \u00c9conomiques","article_publisher":"https:\/\/www.facebook.com\/Le.Cercle.des.Economistes\/","article_modified_time":"2025-06-10T08:32:10+00:00","og_image":[{"width":1600,"height":1086,"url":"https:\/\/www.lesrencontreseconomiques.fr\/wp-content\/uploads\/2025\/06\/AdobeStock_368392613.jpeg","type":"image\/jpeg"}],"twitter_card":"summary_large_image","twitter_site":"@Cercle_eco","twitter_misc":{"Dur\u00e9e de lecture estim\u00e9e":"4 minutes"},"schema":{"@context":"https:\/\/schema.org","@graph":[{"@type":"WebPage","@id":"https:\/\/www.lesrencontreseconomiques.fr\/debats-idees\/la-fin-du-libre-echange-un-changement-de-paradigme\/","url":"https:\/\/www.lesrencontreseconomiques.fr\/debats-idees\/la-fin-du-libre-echange-un-changement-de-paradigme\/","name":"La fin du libre-\u00e9change : un changement de paradigme ? - Les Rencontres \u00c9conomiques","isPartOf":{"@id":"https:\/\/www.lesrencontreseconomiques.fr\/#website"},"primaryImageOfPage":{"@id":"https:\/\/www.lesrencontreseconomiques.fr\/debats-idees\/la-fin-du-libre-echange-un-changement-de-paradigme\/#primaryimage"},"image":{"@id":"https:\/\/www.lesrencontreseconomiques.fr\/debats-idees\/la-fin-du-libre-echange-un-changement-de-paradigme\/#primaryimage"},"thumbnailUrl":"https:\/\/www.lesrencontreseconomiques.fr\/wp-content\/uploads\/2025\/06\/AdobeStock_368392613.jpeg","datePublished":"2025-06-10T08:32:09+00:00","dateModified":"2025-06-10T08:32:10+00:00","breadcrumb":{"@id":"https:\/\/www.lesrencontreseconomiques.fr\/debats-idees\/la-fin-du-libre-echange-un-changement-de-paradigme\/#breadcrumb"},"inLanguage":"fr-FR","potentialAction":[{"@type":"ReadAction","target":["https:\/\/www.lesrencontreseconomiques.fr\/debats-idees\/la-fin-du-libre-echange-un-changement-de-paradigme\/"]}]},{"@type":"ImageObject","inLanguage":"fr-FR","@id":"https:\/\/www.lesrencontreseconomiques.fr\/debats-idees\/la-fin-du-libre-echange-un-changement-de-paradigme\/#primaryimage","url":"https:\/\/www.lesrencontreseconomiques.fr\/wp-content\/uploads\/2025\/06\/AdobeStock_368392613.jpeg","contentUrl":"https:\/\/www.lesrencontreseconomiques.fr\/wp-content\/uploads\/2025\/06\/AdobeStock_368392613.jpeg","width":1600,"height":1086},{"@type":"BreadcrumbList","@id":"https:\/\/www.lesrencontreseconomiques.fr\/debats-idees\/la-fin-du-libre-echange-un-changement-de-paradigme\/#breadcrumb","itemListElement":[{"@type":"ListItem","position":1,"name":"Accueil","item":"https:\/\/www.lesrencontreseconomiques.fr\/"},{"@type":"ListItem","position":2,"name":"D\u00e9bats & Id\u00e9es","item":"https:\/\/www.lesrencontreseconomiques.fr\/debats-idees\/"},{"@type":"ListItem","position":3,"name":"La fin du libre-\u00e9change : un changement de paradigme ?"}]},{"@type":"WebSite","@id":"https:\/\/www.lesrencontreseconomiques.fr\/#website","url":"https:\/\/www.lesrencontreseconomiques.fr\/","name":"Les Rencontres \u00c9conomiques","description":"","potentialAction":[{"@type":"SearchAction","target":{"@type":"EntryPoint","urlTemplate":"https:\/\/www.lesrencontreseconomiques.fr\/?s={search_term_string}"},"query-input":{"@type":"PropertyValueSpecification","valueRequired":true,"valueName":"search_term_string"}}],"inLanguage":"fr-FR"}]}},"_links":{"self":[{"href":"https:\/\/www.lesrencontreseconomiques.fr\/wp-json\/wp\/v2\/blog\/20745","targetHints":{"allow":["GET"]}}],"collection":[{"href":"https:\/\/www.lesrencontreseconomiques.fr\/wp-json\/wp\/v2\/blog"}],"about":[{"href":"https:\/\/www.lesrencontreseconomiques.fr\/wp-json\/wp\/v2\/types\/blog"}],"wp:featuredmedia":[{"embeddable":true,"href":"https:\/\/www.lesrencontreseconomiques.fr\/wp-json\/wp\/v2\/media\/20747"}],"wp:attachment":[{"href":"https:\/\/www.lesrencontreseconomiques.fr\/wp-json\/wp\/v2\/media?parent=20745"}],"wp:term":[{"taxonomy":"cat-theme","embeddable":true,"href":"https:\/\/www.lesrencontreseconomiques.fr\/wp-json\/wp\/v2\/cat-theme?post=20745"},{"taxonomy":"cat-axe","embeddable":true,"href":"https:\/\/www.lesrencontreseconomiques.fr\/wp-json\/wp\/v2\/cat-axe?post=20745"}],"curies":[{"name":"wp","href":"https:\/\/api.w.org\/{rel}","templated":true}]}}