{"id":20563,"date":"2025-06-05T14:56:36","date_gmt":"2025-06-05T12:56:36","guid":{"rendered":"https:\/\/www.lesrencontreseconomiques.fr\/?post_type=blog&#038;p=20563"},"modified":"2025-06-05T14:56:38","modified_gmt":"2025-06-05T12:56:38","slug":"le-devenir-parent","status":"publish","type":"blog","link":"https:\/\/www.lesrencontreseconomiques.fr\/debats-idees\/le-devenir-parent\/","title":{"rendered":"Le Devenir parent\u00a0\u00a0"},"content":{"rendered":"\n<p>Cet article est extrait du cinqui\u00e8me num\u00e9ro de la revue\u00a0<em>Mermoz<\/em>,\u00a0<a href=\"https:\/\/lecercledeseconomistes.fr\/formats\/publications\/demographie-la-transition-silencieuse\/\">\u00ab\u00a0D\u00e9mographie, la transition silencieuse\u00a0\u00bb<\/a>.<\/p>\n\n\n\n<div style=\"height:7px\" aria-hidden=\"true\" class=\"wp-block-spacer\"><\/div>\n\n\n\n<p><strong>Depuis les ann\u00e9es 1960, la famille fran\u00e7aise a profond\u00e9ment \u00e9volu\u00e9. Mariages en d\u00e9clin, familles recompos\u00e9es, baisse de la f\u00e9condit\u00e9, diversification des mod\u00e8les familiaux : ces transformations refl\u00e8tent une qu\u00eate de libert\u00e9 et d\u2019\u00e9panouissement, mais interrogent aussi sur l\u2019avenir de la parentalit\u00e9 dans un contexte d\u2019incertitudes \u00e9conomiques, climatiques et soci\u00e9tales. Catherine Scornet d\u00e9crypte ces mutations, entre aspirations personnelles et normes sociales, pour \u00e9clairer les enjeux d\u2019un choix aussi intime que structurant.<\/strong>\u00a0<\/p>\n\n\n\n<div style=\"height:7px\" aria-hidden=\"true\" class=\"wp-block-spacer\"><\/div>\n\n\n\n<p>Les transformations de la famille en France depuis les ann\u00e9es 1960 (baisse du nombre des mariages et augmentation des unions libres, augmentation des divorces et des s\u00e9parations, augmentation des familles monoparentales et des familles recompos\u00e9es, diminution du nombre des naissances, augmentation du nombre des naissances hors mariage) vont toutes dans le sens d\u2019une ma\u00eetrise croissante du destin individuel et familial li\u00e9e \u00e0 la d\u00e9valorisation de l\u2019h\u00e9ritage mat\u00e9riel et symbolique et au contr\u00f4le des naissances. Les l\u00e9galisations de la contraception par la Loi Lucien Neuwirth de1967 et de l\u2019Interruption Volontaire de Grossesse par la Loi Simone Veil de 1975 ont profond\u00e9ment modifi\u00e9 les aspirations en mati\u00e8re de reproduction. Pour la grande majorit\u00e9 des femmes s\u2019ouvre alors un acc\u00e8s \u00e0 la libert\u00e9 o\u00f9 il\u202fn\u2019est plus question de se soumettre \u00e0 \u00ab\u202fl\u2019\u00e9tat de nature\u202f\u00bb. Ainsi les mouvements f\u00e9ministes des ann\u00e9es 1970 clament haut et fort\u202f: \u00ab\u202f<em>Un enfant si je veux, quand je veux, comme je veux<\/em>\u202f\u00bb. L\u2019id\u00e9e de projet parental y trouve toute sa pertinence. Progressivement, la normalit\u00e9 pour la femme et le couple devient la non-conception et la venue d\u2019un enfant peut se d\u00e9cider, se pr\u00e9voir et se planifier, elle rel\u00e8ve d\u2019un v\u00e9ritable choix. Plus de huit naissances sur dix sont aujourd\u2019hui \u00ab\u202fplanifi\u00e9es\u202f\u00bb en France.\u00a0\u00a0<\/p>\n\n\n\n<div style=\"height:7px\" aria-hidden=\"true\" class=\"wp-block-spacer\"><\/div>\n\n\n\n<p>La baisse de la f\u00e9condit\u00e9 observ\u00e9e en France depuis plus de dix ans est une tendance de fond, m\u00eame s\u2019il est difficile de savoir si le niveau de la f\u00e9condit\u00e9 du moment \u2013 l\u2019indice synth\u00e9tique de f\u00e9condit\u00e9\u00a0de 1,7 enfant en moyenne par femme en 2023\u00a0\u2013 est le fruit d\u2019un report temporaire des projets f\u00e9conds, d\u2019un renoncement d\u00e9finitif \u00e0 avoir un ou d\u2019autres enfants, ou d\u2019un d\u00e9sir plus fr\u00e9quent de ne pas vouloir d\u2019enfant ou d\u2019autre enfant.\u00a0<\/p>\n\n\n\n<div style=\"height:7px\" aria-hidden=\"true\" class=\"wp-block-spacer\"><\/div>\n\n\n\n<p>Les motivations conduisant \u00e0 avoir moins ou pas d\u2019enfant sont complexes et vari\u00e9es. Qu\u2019elles soient conjoncturelles ou plus profondes, elles rel\u00e8vent des fa\u00e7ons de se projeter dans l\u2019avenir et dans la parentalit\u00e9. Ces choix intimes soul\u00e8vent diverses questions\u202f: pourquoi fait-on des enfants\u202f? Comment fait-on couple et famille\u202f?&nbsp;<\/p>\n\n\n\n<div style=\"height:7px\" aria-hidden=\"true\" class=\"wp-block-spacer\"><\/div>\n\n\n\n<p>Un climat g\u00e9n\u00e9ral d\u2019incertitudes peut \u00eatre un frein \u00e0 la fondation d\u2019une famille et peser sur les projets d\u2019enfantement\u202f: la conjoncture \u00e9conomique (hausse du co\u00fbt de la vie\u2026) et politique (guerres en Ukraine, au Proche-Orient..) incertaine, les craintes face au r\u00e9chauffement climatique, l\u2019\u00e9co-anxi\u00e9t\u00e9, la fragilit\u00e9 des conditions mat\u00e9rielles d\u2019entr\u00e9e dans la vie adulte (pr\u00e9carisation du travail, difficult\u00e9s d\u2019acc\u00e8s et co\u00fbt d\u2019un logement), tous ces facteurs de contraintes et de contexte conjoncturel affectent ind\u00e9niablement le d\u00e9sir d\u2019enfant. De plus, le surcro\u00eet de t\u00e2ches domestiques et familiales \u00e0 l\u2019arriv\u00e9e d\u2019un enfant p\u00e8se encore surtout sur les femmes, qui peuvent \u00eatre amen\u00e9es \u00e0 voir leur carri\u00e8re frein\u00e9e en r\u00e9duisant leur temps de travail et en perdant une partie de salaire.&nbsp;<\/p>\n\n\n\n<div style=\"height:7px\" aria-hidden=\"true\" class=\"wp-block-spacer\"><\/div>\n\n\n\n<p>Cependant, des \u00e9volutions de valeurs, de normes et de mentalit\u00e9s affectent profond\u00e9ment les comportements reproducteurs. Une autre vision d\u2019\u00eatre soi, li\u00e9e \u00e0 l\u2019autonomisation et \u00e0 la libert\u00e9 de l\u2019individu dans ses choix et ses d\u00e9cisions et au sein de la famille, entra\u00eene des changements de d\u00e9sirs en mati\u00e8re de reproduction. Dans un contexte de post-modernisme, toutes sortes de pr\u00e9f\u00e9rences et de mod\u00e8les deviennent l\u00e9gitimes. Chacun a le choix de vivre en couple, mari\u00e9 ou non mari\u00e9, de vivre seul, d\u2019\u00eatre en couple non-cohabitant\u2026 Comme chacun a le choix d\u2019avoir des enfants, de ne pas en avoir, d\u2019en avoir peu\u2026 On assiste \u00e0 une diversification de \u00ab\u202fl\u2019\u00eatre parent\u202f\u00bb et du \u00ab\u202ffaire famille\u202f\u00bb. D\u00e9sormais l\u2019individu revendique d\u2019avoir sa propre vie au-del\u00e0 du couple et de la famille. Il est possible d\u2019affirmer un choix de vie positif et \u00e9panouissant avec peu d\u2019enfants, voire pas d\u2019enfant. Au sein de la famille, chacun veut devenir soi-m\u00eame, entretenir un espace \u00e0 soi et un temps pour soi. La dimension altruiste \u00e0 s\u2019occuper de sa descendance, \u00e0 \u00e9lever ses enfants, n\u2019a bien s\u00fbr pas disparu, mais la relation adulte de couple a gagn\u00e9 en importance. La motivation \u00e0 la parentalit\u00e9 est la r\u00e9alisation de soi en tant qu\u2019adulte. Le couple, l\u2019adulte deviennent les sujets de l\u2019\u00e9panouissement individuel, et non plus l\u2019enfant essentiellement, \u00e0 condition de rester \u00ab\u202flibres ensemble\u202f\u00bb. L\u2019individu n\u2019est d\u00e9sormais plus rattach\u00e9 \u00e0 un ordre de statuts\u202f: le soi statutaire (li\u00e9 aux r\u00f4les sociaux) s\u2019\u00e9clipse au profit du soi intime (li\u00e9 \u00e0 la personne).\u00a0<\/p>\n\n\n\n<div style=\"height:7px\" aria-hidden=\"true\" class=\"wp-block-spacer\"><\/div>\n\n\n\n<p>Les fa\u00e7ons d\u2019envisager la parentalit\u00e9 sont devenues plus diverses. La natalit\u00e9 hors mariage est en nette augmentation. Les enfants n\u00e9s hors mariage ne sont plus consid\u00e9r\u00e9s comme \u00ab\u202fill\u00e9gitimes\u202f\u00bb. Alors qu\u2019ils \u00e9taient minoritaires en\u202f1975 (12 % des naissances), ils repr\u00e9sentent 65 % des naissances en 2022. La Procr\u00e9ation M\u00e9dicalement Assist\u00e9e s\u2019est ouverte depuis la Loi de Bio\u00e9thique du 4 ao\u00fbt 2021 aux femmes seules et aux couples form\u00e9s de deux femmes.\u00a0<\/p>\n\n\n\n<div style=\"height:7px\" aria-hidden=\"true\" class=\"wp-block-spacer\"><\/div>\n\n\n\n<p>Ainsi, un \u00e9largissement possible des formes de la vie priv\u00e9e, une remise en cause de la vie en couple et d\u2019avoir un ou des enfants caract\u00e9risent d\u00e9sormais la famille contemporaine.&nbsp;&nbsp;Ainsi, un \u00e9largissement possible des formes de la vie priv\u00e9e, une remise en cause de la vie en couple et d\u2019avoir un ou des enfants caract\u00e9risent d\u00e9sormais la famille contemporaine.&nbsp;&nbsp;<\/p>\n\n\n\n<div style=\"height:7px\" aria-hidden=\"true\" class=\"wp-block-spacer\"><\/div>\n\n\n\n<p>Toutefois, en France, la norme parentale reste forte. \u00ab\u202fRester sans enfant\u202f\u00bb est \u00ab\u202fun choix de vie \u00e0 contre-courant\u202f\u00bb. L\u2019enqu\u00eate nationale F\u00e9cond (F\u00e9condit\u00e9, contraception et dysfonctions sexuelles) men\u00e9e en 2010 par l\u2019INED et l\u2019INSERM r\u00e9v\u00e8le que seuls 5 % des hommes et des femmes ne veulent pas d\u2019enfant. Des r\u00e9sultats qui m\u00e9riteraient d\u2019\u00eatre actualis\u00e9s par une nouvelle enqu\u00eate nationale alors que la f\u00e9condit\u00e9 n\u2019a cess\u00e9 de baisser depuis 2010.\u00a0\u00a0<\/p>\n\n\n\n<p><\/p>\n","protected":false},"featured_media":20604,"template":"","cat-theme":[68],"cat-axe":[],"class_list":["post-20563","blog","type-blog","status-publish","has-post-thumbnail","hentry","cat-theme-social-demographie"],"acf":[],"yoast_head":"<!-- This site is optimized with the Yoast SEO plugin v26.5 - https:\/\/yoast.com\/wordpress\/plugins\/seo\/ -->\n<title>Le Devenir parent\u00a0\u00a0 - Les Rencontres \u00c9conomiques<\/title>\n<meta name=\"robots\" content=\"index, follow, max-snippet:-1, max-image-preview:large, max-video-preview:-1\" \/>\n<link rel=\"canonical\" href=\"https:\/\/www.lesrencontreseconomiques.fr\/debats-idees\/le-devenir-parent\/\" \/>\n<meta property=\"og:locale\" content=\"fr_FR\" \/>\n<meta property=\"og:type\" content=\"article\" \/>\n<meta property=\"og:description\" content=\"Cet article est extrait du cinqui\u00e8me num\u00e9ro de la revue\u00a0Mermoz,\u00a0\u00ab\u00a0D\u00e9mographie, la transition silencieuse\u00a0\u00bb. Depuis les ann\u00e9es 1960, la famille fran\u00e7aise a profond\u00e9ment \u00e9volu\u00e9. Mariages en d\u00e9clin, familles recompos\u00e9es, baisse de la f\u00e9condit\u00e9, diversification des mod\u00e8les familiaux : ces transformations refl\u00e8tent une qu\u00eate de libert\u00e9 et d\u2019\u00e9panouissement, mais interrogent aussi sur l\u2019avenir de la parentalit\u00e9 dans [&hellip;]\" \/>\n<meta property=\"og:url\" content=\"https:\/\/www.lesrencontreseconomiques.fr\/debats-idees\/le-devenir-parent\/\" \/>\n<meta property=\"og:site_name\" content=\"Les Rencontres \u00c9conomiques\" \/>\n<meta property=\"article:publisher\" content=\"https:\/\/www.facebook.com\/Le.Cercle.des.Economistes\/\" \/>\n<meta property=\"article:modified_time\" content=\"2025-06-05T12:56:38+00:00\" \/>\n<meta property=\"og:image\" content=\"https:\/\/www.lesrencontreseconomiques.fr\/wp-content\/uploads\/2025\/06\/AdobeStock_95056918-1.jpeg\" \/>\n\t<meta property=\"og:image:width\" content=\"1600\" \/>\n\t<meta property=\"og:image:height\" content=\"1067\" \/>\n\t<meta property=\"og:image:type\" content=\"image\/jpeg\" \/>\n<meta name=\"twitter:card\" content=\"summary_large_image\" \/>\n<meta name=\"twitter:site\" content=\"@Cercle_eco\" \/>\n<meta name=\"twitter:label1\" content=\"Dur\u00e9e de lecture estim\u00e9e\" \/>\n\t<meta name=\"twitter:data1\" content=\"6 minutes\" \/>\n<script type=\"application\/ld+json\" class=\"yoast-schema-graph\">{\"@context\":\"https:\/\/schema.org\",\"@graph\":[{\"@type\":\"WebPage\",\"@id\":\"https:\/\/www.lesrencontreseconomiques.fr\/debats-idees\/le-devenir-parent\/\",\"url\":\"https:\/\/www.lesrencontreseconomiques.fr\/debats-idees\/le-devenir-parent\/\",\"name\":\"Le Devenir parent\u00a0\u00a0 - Les Rencontres \u00c9conomiques\",\"isPartOf\":{\"@id\":\"https:\/\/www.lesrencontreseconomiques.fr\/#website\"},\"primaryImageOfPage\":{\"@id\":\"https:\/\/www.lesrencontreseconomiques.fr\/debats-idees\/le-devenir-parent\/#primaryimage\"},\"image\":{\"@id\":\"https:\/\/www.lesrencontreseconomiques.fr\/debats-idees\/le-devenir-parent\/#primaryimage\"},\"thumbnailUrl\":\"https:\/\/www.lesrencontreseconomiques.fr\/wp-content\/uploads\/2025\/06\/AdobeStock_95056918-1.jpeg\",\"datePublished\":\"2025-06-05T12:56:36+00:00\",\"dateModified\":\"2025-06-05T12:56:38+00:00\",\"breadcrumb\":{\"@id\":\"https:\/\/www.lesrencontreseconomiques.fr\/debats-idees\/le-devenir-parent\/#breadcrumb\"},\"inLanguage\":\"fr-FR\",\"potentialAction\":[{\"@type\":\"ReadAction\",\"target\":[\"https:\/\/www.lesrencontreseconomiques.fr\/debats-idees\/le-devenir-parent\/\"]}]},{\"@type\":\"ImageObject\",\"inLanguage\":\"fr-FR\",\"@id\":\"https:\/\/www.lesrencontreseconomiques.fr\/debats-idees\/le-devenir-parent\/#primaryimage\",\"url\":\"https:\/\/www.lesrencontreseconomiques.fr\/wp-content\/uploads\/2025\/06\/AdobeStock_95056918-1.jpeg\",\"contentUrl\":\"https:\/\/www.lesrencontreseconomiques.fr\/wp-content\/uploads\/2025\/06\/AdobeStock_95056918-1.jpeg\",\"width\":1600,\"height\":1067},{\"@type\":\"BreadcrumbList\",\"@id\":\"https:\/\/www.lesrencontreseconomiques.fr\/debats-idees\/le-devenir-parent\/#breadcrumb\",\"itemListElement\":[{\"@type\":\"ListItem\",\"position\":1,\"name\":\"Accueil\",\"item\":\"https:\/\/www.lesrencontreseconomiques.fr\/\"},{\"@type\":\"ListItem\",\"position\":2,\"name\":\"D\u00e9bats & Id\u00e9es\",\"item\":\"https:\/\/www.lesrencontreseconomiques.fr\/debats-idees\/\"},{\"@type\":\"ListItem\",\"position\":3,\"name\":\"Le Devenir parent\u00a0\u00a0\"}]},{\"@type\":\"WebSite\",\"@id\":\"https:\/\/www.lesrencontreseconomiques.fr\/#website\",\"url\":\"https:\/\/www.lesrencontreseconomiques.fr\/\",\"name\":\"Les Rencontres \u00c9conomiques\",\"description\":\"\",\"potentialAction\":[{\"@type\":\"SearchAction\",\"target\":{\"@type\":\"EntryPoint\",\"urlTemplate\":\"https:\/\/www.lesrencontreseconomiques.fr\/?s={search_term_string}\"},\"query-input\":{\"@type\":\"PropertyValueSpecification\",\"valueRequired\":true,\"valueName\":\"search_term_string\"}}],\"inLanguage\":\"fr-FR\"}]}<\/script>\n<!-- \/ Yoast SEO plugin. -->","yoast_head_json":{"title":"Le Devenir parent\u00a0\u00a0 - Les Rencontres \u00c9conomiques","robots":{"index":"index","follow":"follow","max-snippet":"max-snippet:-1","max-image-preview":"max-image-preview:large","max-video-preview":"max-video-preview:-1"},"canonical":"https:\/\/www.lesrencontreseconomiques.fr\/debats-idees\/le-devenir-parent\/","og_locale":"fr_FR","og_type":"article","og_description":"Cet article est extrait du cinqui\u00e8me num\u00e9ro de la revue\u00a0Mermoz,\u00a0\u00ab\u00a0D\u00e9mographie, la transition silencieuse\u00a0\u00bb. Depuis les ann\u00e9es 1960, la famille fran\u00e7aise a profond\u00e9ment \u00e9volu\u00e9. Mariages en d\u00e9clin, familles recompos\u00e9es, baisse de la f\u00e9condit\u00e9, diversification des mod\u00e8les familiaux : ces transformations refl\u00e8tent une qu\u00eate de libert\u00e9 et d\u2019\u00e9panouissement, mais interrogent aussi sur l\u2019avenir de la parentalit\u00e9 dans [&hellip;]","og_url":"https:\/\/www.lesrencontreseconomiques.fr\/debats-idees\/le-devenir-parent\/","og_site_name":"Les Rencontres \u00c9conomiques","article_publisher":"https:\/\/www.facebook.com\/Le.Cercle.des.Economistes\/","article_modified_time":"2025-06-05T12:56:38+00:00","og_image":[{"width":1600,"height":1067,"url":"https:\/\/www.lesrencontreseconomiques.fr\/wp-content\/uploads\/2025\/06\/AdobeStock_95056918-1.jpeg","type":"image\/jpeg"}],"twitter_card":"summary_large_image","twitter_site":"@Cercle_eco","twitter_misc":{"Dur\u00e9e de lecture estim\u00e9e":"6 minutes"},"schema":{"@context":"https:\/\/schema.org","@graph":[{"@type":"WebPage","@id":"https:\/\/www.lesrencontreseconomiques.fr\/debats-idees\/le-devenir-parent\/","url":"https:\/\/www.lesrencontreseconomiques.fr\/debats-idees\/le-devenir-parent\/","name":"Le Devenir parent\u00a0\u00a0 - Les Rencontres \u00c9conomiques","isPartOf":{"@id":"https:\/\/www.lesrencontreseconomiques.fr\/#website"},"primaryImageOfPage":{"@id":"https:\/\/www.lesrencontreseconomiques.fr\/debats-idees\/le-devenir-parent\/#primaryimage"},"image":{"@id":"https:\/\/www.lesrencontreseconomiques.fr\/debats-idees\/le-devenir-parent\/#primaryimage"},"thumbnailUrl":"https:\/\/www.lesrencontreseconomiques.fr\/wp-content\/uploads\/2025\/06\/AdobeStock_95056918-1.jpeg","datePublished":"2025-06-05T12:56:36+00:00","dateModified":"2025-06-05T12:56:38+00:00","breadcrumb":{"@id":"https:\/\/www.lesrencontreseconomiques.fr\/debats-idees\/le-devenir-parent\/#breadcrumb"},"inLanguage":"fr-FR","potentialAction":[{"@type":"ReadAction","target":["https:\/\/www.lesrencontreseconomiques.fr\/debats-idees\/le-devenir-parent\/"]}]},{"@type":"ImageObject","inLanguage":"fr-FR","@id":"https:\/\/www.lesrencontreseconomiques.fr\/debats-idees\/le-devenir-parent\/#primaryimage","url":"https:\/\/www.lesrencontreseconomiques.fr\/wp-content\/uploads\/2025\/06\/AdobeStock_95056918-1.jpeg","contentUrl":"https:\/\/www.lesrencontreseconomiques.fr\/wp-content\/uploads\/2025\/06\/AdobeStock_95056918-1.jpeg","width":1600,"height":1067},{"@type":"BreadcrumbList","@id":"https:\/\/www.lesrencontreseconomiques.fr\/debats-idees\/le-devenir-parent\/#breadcrumb","itemListElement":[{"@type":"ListItem","position":1,"name":"Accueil","item":"https:\/\/www.lesrencontreseconomiques.fr\/"},{"@type":"ListItem","position":2,"name":"D\u00e9bats & Id\u00e9es","item":"https:\/\/www.lesrencontreseconomiques.fr\/debats-idees\/"},{"@type":"ListItem","position":3,"name":"Le Devenir parent\u00a0\u00a0"}]},{"@type":"WebSite","@id":"https:\/\/www.lesrencontreseconomiques.fr\/#website","url":"https:\/\/www.lesrencontreseconomiques.fr\/","name":"Les Rencontres \u00c9conomiques","description":"","potentialAction":[{"@type":"SearchAction","target":{"@type":"EntryPoint","urlTemplate":"https:\/\/www.lesrencontreseconomiques.fr\/?s={search_term_string}"},"query-input":{"@type":"PropertyValueSpecification","valueRequired":true,"valueName":"search_term_string"}}],"inLanguage":"fr-FR"}]}},"_links":{"self":[{"href":"https:\/\/www.lesrencontreseconomiques.fr\/wp-json\/wp\/v2\/blog\/20563","targetHints":{"allow":["GET"]}}],"collection":[{"href":"https:\/\/www.lesrencontreseconomiques.fr\/wp-json\/wp\/v2\/blog"}],"about":[{"href":"https:\/\/www.lesrencontreseconomiques.fr\/wp-json\/wp\/v2\/types\/blog"}],"wp:featuredmedia":[{"embeddable":true,"href":"https:\/\/www.lesrencontreseconomiques.fr\/wp-json\/wp\/v2\/media\/20604"}],"wp:attachment":[{"href":"https:\/\/www.lesrencontreseconomiques.fr\/wp-json\/wp\/v2\/media?parent=20563"}],"wp:term":[{"taxonomy":"cat-theme","embeddable":true,"href":"https:\/\/www.lesrencontreseconomiques.fr\/wp-json\/wp\/v2\/cat-theme?post=20563"},{"taxonomy":"cat-axe","embeddable":true,"href":"https:\/\/www.lesrencontreseconomiques.fr\/wp-json\/wp\/v2\/cat-axe?post=20563"}],"curies":[{"name":"wp","href":"https:\/\/api.w.org\/{rel}","templated":true}]}}