{"id":19784,"date":"2025-05-27T14:21:54","date_gmt":"2025-05-27T12:21:54","guid":{"rendered":"https:\/\/www.lesrencontreseconomiques.fr\/?post_type=blog&#038;p=19784"},"modified":"2025-05-30T09:24:30","modified_gmt":"2025-05-30T07:24:30","slug":"tous-agriculteurs","status":"publish","type":"blog","link":"https:\/\/www.lesrencontreseconomiques.fr\/debats-idees\/tous-agriculteurs\/","title":{"rendered":"Tous agriculteurs\u00a0!"},"content":{"rendered":"\n<p class=\"is-style-default\">\u00ab&nbsp;L&rsquo;agriculture est non seulement le plus ancien m\u00e9tier, mais aussi le plus sacr\u00e9&nbsp;\u00bb, \u00e9crivait la philosophe Hannah Arendt, dans ses&nbsp;<em>Cahiers<\/em>. Alors qu\u2019elle est mise \u00e0 mal en ce moment, il est bon de rappeler le r\u00f4le immense que l\u2019agriculture joue dans nos vies. Nous l\u2019avons enferm\u00e9e dans une case, la consid\u00e9rant comme une activit\u00e9 \u00e9conomique comme une autre, mais elle ne saurait \u00eatre consid\u00e9r\u00e9e comme un simple secteur. Ce ne serait pas lui rendre justice. Si tous les autres animaux semblent naturellement se d\u00e9ployer sur la surface de la terre, nous, \u00eatres humains, &#8211; grands singes maladroits, avec nos lunettes, nos trottinettes et nos t\u00e9l\u00e9phones -, semblons compl\u00e8tement d\u00e9cal\u00e9s, pour ne pas dire \u00ab&nbsp;\u00e9trangers au monde&nbsp;\u00bb. D\u2019o\u00f9 le caract\u00e8re sacr\u00e9 de l\u2019agriculture qui nous permet de mieux nous ancrer, de nous rappeler d\u2019o\u00f9 nous venons et de cultiver notre contact avec le monde.&nbsp;<\/p>\n\n\n\n<p>A une \u00e9poque o\u00f9 nous r\u00eavons d\u2019univers virtuels, de r\u00e9alit\u00e9s alternatives, d\u2019habitats extraterrestres, &#8211; qui sont autant de fuites symptomatiques de notre difficult\u00e9 \u00e0 habiter le monde -, l\u2019agriculture a un r\u00f4le salutaire \u00e0 jouer. En effet,&nbsp;combien d\u2019enfants pensent-ils que les carottes r\u00e2p\u00e9es poussent dans les placards&nbsp;? Combien sont-ils \u00e0 confondre les concombres et les courgettes,&nbsp;comme une r\u00e9cente \u00e9tude l\u2019a montr\u00e9&nbsp;? Cette m\u00e9connaissance est r\u00e9v\u00e9latrice d\u2019une terrible tendance de notre soci\u00e9t\u00e9&nbsp;: si nous sommes de plus en plus connect\u00e9s au virtuel, nous sommes de plus en plus d\u00e9connect\u00e9s du r\u00e9el. Et l\u2019alimentation fait partie de ce r\u00e9el&nbsp;! Cette question ne concerne pas seulement les enfants, mais aussi les adultes. Il y a urgence car elle interroge aussi notre rapport au corps, \u00e0 la Nature, \u00e0 autrui et, du cru au cuit, notre relation au temps.<\/p>\n\n\n\n<p>La crise que nous traversons n\u2019est pas \u00e9conomique, financi\u00e8re, sociale, \u00e9cologique, institutionnelle, territoriale ou politique&nbsp;; ce que nous vivons, c\u2019est avant tout une crise de notre rapport \u00e0 la r\u00e9alit\u00e9, comme si les liens avaient \u00e9t\u00e9 rompus entre la nature et la soci\u00e9t\u00e9, entre les agriculteurs et les consommateurs. Il suffit de se rendre au Salon de l\u2019agriculture pour le constater chaque ann\u00e9e&nbsp;: si ce Salon annuel n\u2019existait pas, beaucoup de gens n\u2019auraient pas vu une vraie vache de leur vie&nbsp;!&nbsp;\u00ab&nbsp;Comment donner un sens \u00e0 sa vie si on ne pr\u00eate pas attention \u00e0 son alimentation&nbsp;? C\u2019est le d\u00e9part de tout&nbsp;\u00bb<a href=\"applewebdata:\/\/36230167-27D5-40CF-9ABB-75F787125FD7#_ftn1\"><sup>[1]<\/sup><\/a>, pour reprendre les mots de Guillaume Gomez, ambassadeur de France pour la gastronomie, l\u2019alimentation et les arts culinaires.&nbsp;<\/p>\n\n\n\n<p>A force de d\u00e9couper notre soci\u00e9t\u00e9 en morceaux, \u00ab&nbsp;les jeunes&nbsp;\u00bb, \u00ab&nbsp;les seniors&nbsp;\u00bb, \u00ab&nbsp;les startupers&nbsp;\u00bb, \u00ab&nbsp;les agriculteurs&nbsp;\u00bb, les \u00ab&nbsp;consommateurs&nbsp;\u00bb, \u00ab&nbsp;les industriels&nbsp;\u00bb, \u00ab&nbsp;les soignants&nbsp;\u00bb, \u00ab&nbsp;les artisans&nbsp;\u00bb, \u00ab&nbsp;les commer\u00e7ants&nbsp;\u00bb, etc., nous cultivons des fronti\u00e8res absurdes et artificielles entre les mondes. De ces fronti\u00e8res na\u00eet une m\u00e9connaissance effroyable d\u2019un citoyen \u00e0 un autre, m\u00e8re de pr\u00e9jug\u00e9s et grand-m\u00e8re de m\u00e9pris. Friedrich Nietzsche avait tout compris lorsqu\u2019il affirmait que \u00ab&nbsp;les pr\u00e9jug\u00e9s viennent des intestins&nbsp;\u00bb&nbsp;! L\u2019alimentation, et \u00e0 travers elle, l\u2019agriculture, a une dimension civique. Il est donc urgent de recr\u00e9er des ponts entre les mondes<a href=\"applewebdata:\/\/36230167-27D5-40CF-9ABB-75F787125FD7#_ftn2\"><sup>[2]<\/sup><\/a>, entre l\u2019agriculture et le reste de la soci\u00e9t\u00e9, entre les producteurs et les consommateurs, parce que nous sommes en passe de tomber dans le pi\u00e8ge de l\u2019absurde&nbsp;: l\u2019agriculteur n\u2019arrive plus \u00e0 vivre de son travail, tandis que le consommateur mange n&rsquo;importe quoi&nbsp;; les cin\u00e9mas, les stades et les parcs de loisir proposent, bien loin du made in France, des pop-corn, des burgers et des hot-dogs, tandis que les personnes \u00e2g\u00e9es dans la majorit\u00e9 des EHPAD, dont l\u2019un des derniers plaisirs est la nourriture, sont condamn\u00e9es \u00e0 se nourrir de mets insipides. Il est temps d\u2019agir&nbsp;!&nbsp;<\/p>\n\n\n\n<p>Pourquoi ne pas construire des maisons de retraite dans des fermes ou des fermes dans des maisons de retraites&nbsp;? Pourquoi ne pas installer des \u00e9coles h\u00f4teli\u00e8res dans les h\u00f4pitaux&nbsp;? Pourquoi ne pas construire sur les toits ou autour des \u00e9coles des jardins potagers qui alimenteraient en circuits courts les cantines&nbsp;et apprendraient aux enfants le sens de ce qu\u2019ils mangent ? Apr\u00e8s avoir parcouru le monde et v\u00e9cu mille aventures, Candide, &#8211; le h\u00e9ros du roman du philosophe Voltaire -, comprend que l\u2019essentiel r\u00e9side dans ceci&nbsp;: \u00ab&nbsp;il faut cultiver notre jardin&nbsp;\u00bb. N\u2019attendons pas chaque ann\u00e9e le Salon International de l\u2019Agriculture pour parler de l\u2019agriculture et de ses enjeux, pensons-y et interrogeons-nous \u00e0 chaque fois que nous mangeons quelque chose&nbsp;!&nbsp;<\/p>\n\n\n\n<hr class=\"wp-block-separator has-alpha-channel-opacity\"\/>\n\n\n\n<p><a href=\"applewebdata:\/\/36230167-27D5-40CF-9ABB-75F787125FD7#_ftnref1\"><sup>[1]<\/sup><\/a>&nbsp;Gabrielle Halpern et Guillaume Gomez, \u00ab&nbsp;Philosopher et cuisiner&nbsp;: un m\u00e9lange exquis \u2013 Le Chef et la Philosophe&nbsp;\u00bb, Editions de l\u2019Aube, 2022.<\/p>\n\n\n\n<p><a href=\"applewebdata:\/\/36230167-27D5-40CF-9ABB-75F787125FD7#_ftnref2\"><sup>[2]<\/sup><\/a>&nbsp;Gabrielle Halpern, \u00ab&nbsp;Cr\u00e9er des ponts entre les mondes \u2013 Une philosophe sur le terrain&nbsp;\u00bb, Fayard, 2024.<\/p>\n","protected":false},"featured_media":19913,"template":"","cat-theme":[71],"cat-axe":[],"class_list":["post-19784","blog","type-blog","status-publish","has-post-thumbnail","hentry","cat-theme-tech-industrie"],"acf":[],"yoast_head":"<!-- This site is optimized with the Yoast SEO plugin v26.5 - https:\/\/yoast.com\/wordpress\/plugins\/seo\/ -->\n<title>Tous agriculteurs\u00a0! - Les Rencontres \u00c9conomiques<\/title>\n<meta name=\"robots\" content=\"index, follow, max-snippet:-1, max-image-preview:large, max-video-preview:-1\" \/>\n<link rel=\"canonical\" href=\"https:\/\/www.lesrencontreseconomiques.fr\/debats-idees\/tous-agriculteurs\/\" \/>\n<meta property=\"og:locale\" content=\"fr_FR\" \/>\n<meta property=\"og:type\" content=\"article\" \/>\n<meta property=\"og:description\" content=\"\u00ab&nbsp;L&rsquo;agriculture est non seulement le plus ancien m\u00e9tier, mais aussi le plus sacr\u00e9&nbsp;\u00bb, \u00e9crivait la philosophe Hannah Arendt, dans ses&nbsp;Cahiers. Alors qu\u2019elle est mise \u00e0 mal en ce moment, il est bon de rappeler le r\u00f4le immense que l\u2019agriculture joue dans nos vies. Nous l\u2019avons enferm\u00e9e dans une case, la consid\u00e9rant comme une activit\u00e9 \u00e9conomique [&hellip;]\" \/>\n<meta property=\"og:url\" content=\"https:\/\/www.lesrencontreseconomiques.fr\/debats-idees\/tous-agriculteurs\/\" \/>\n<meta property=\"og:site_name\" content=\"Les Rencontres \u00c9conomiques\" \/>\n<meta property=\"article:publisher\" content=\"https:\/\/www.facebook.com\/Le.Cercle.des.Economistes\/\" \/>\n<meta property=\"article:modified_time\" content=\"2025-05-30T07:24:30+00:00\" \/>\n<meta property=\"og:image\" content=\"https:\/\/www.lesrencontreseconomiques.fr\/wp-content\/uploads\/2025\/05\/AdobeStock_97446025.jpeg\" \/>\n\t<meta property=\"og:image:width\" content=\"1600\" \/>\n\t<meta property=\"og:image:height\" content=\"1047\" \/>\n\t<meta property=\"og:image:type\" content=\"image\/jpeg\" \/>\n<meta name=\"twitter:card\" content=\"summary_large_image\" \/>\n<meta name=\"twitter:site\" content=\"@Cercle_eco\" \/>\n<meta name=\"twitter:label1\" content=\"Dur\u00e9e de lecture estim\u00e9e\" \/>\n\t<meta name=\"twitter:data1\" content=\"4 minutes\" \/>\n<script type=\"application\/ld+json\" class=\"yoast-schema-graph\">{\"@context\":\"https:\/\/schema.org\",\"@graph\":[{\"@type\":\"WebPage\",\"@id\":\"https:\/\/www.lesrencontreseconomiques.fr\/debats-idees\/tous-agriculteurs\/\",\"url\":\"https:\/\/www.lesrencontreseconomiques.fr\/debats-idees\/tous-agriculteurs\/\",\"name\":\"Tous agriculteurs\u00a0! - Les Rencontres \u00c9conomiques\",\"isPartOf\":{\"@id\":\"https:\/\/www.lesrencontreseconomiques.fr\/#website\"},\"primaryImageOfPage\":{\"@id\":\"https:\/\/www.lesrencontreseconomiques.fr\/debats-idees\/tous-agriculteurs\/#primaryimage\"},\"image\":{\"@id\":\"https:\/\/www.lesrencontreseconomiques.fr\/debats-idees\/tous-agriculteurs\/#primaryimage\"},\"thumbnailUrl\":\"https:\/\/www.lesrencontreseconomiques.fr\/wp-content\/uploads\/2025\/05\/AdobeStock_97446025.jpeg\",\"datePublished\":\"2025-05-27T12:21:54+00:00\",\"dateModified\":\"2025-05-30T07:24:30+00:00\",\"breadcrumb\":{\"@id\":\"https:\/\/www.lesrencontreseconomiques.fr\/debats-idees\/tous-agriculteurs\/#breadcrumb\"},\"inLanguage\":\"fr-FR\",\"potentialAction\":[{\"@type\":\"ReadAction\",\"target\":[\"https:\/\/www.lesrencontreseconomiques.fr\/debats-idees\/tous-agriculteurs\/\"]}]},{\"@type\":\"ImageObject\",\"inLanguage\":\"fr-FR\",\"@id\":\"https:\/\/www.lesrencontreseconomiques.fr\/debats-idees\/tous-agriculteurs\/#primaryimage\",\"url\":\"https:\/\/www.lesrencontreseconomiques.fr\/wp-content\/uploads\/2025\/05\/AdobeStock_97446025.jpeg\",\"contentUrl\":\"https:\/\/www.lesrencontreseconomiques.fr\/wp-content\/uploads\/2025\/05\/AdobeStock_97446025.jpeg\",\"width\":1600,\"height\":1047},{\"@type\":\"BreadcrumbList\",\"@id\":\"https:\/\/www.lesrencontreseconomiques.fr\/debats-idees\/tous-agriculteurs\/#breadcrumb\",\"itemListElement\":[{\"@type\":\"ListItem\",\"position\":1,\"name\":\"Accueil\",\"item\":\"https:\/\/www.lesrencontreseconomiques.fr\/\"},{\"@type\":\"ListItem\",\"position\":2,\"name\":\"D\u00e9bats & Id\u00e9es\",\"item\":\"https:\/\/www.lesrencontreseconomiques.fr\/debats-idees\/\"},{\"@type\":\"ListItem\",\"position\":3,\"name\":\"Tous agriculteurs\u00a0!\"}]},{\"@type\":\"WebSite\",\"@id\":\"https:\/\/www.lesrencontreseconomiques.fr\/#website\",\"url\":\"https:\/\/www.lesrencontreseconomiques.fr\/\",\"name\":\"Les Rencontres \u00c9conomiques\",\"description\":\"\",\"potentialAction\":[{\"@type\":\"SearchAction\",\"target\":{\"@type\":\"EntryPoint\",\"urlTemplate\":\"https:\/\/www.lesrencontreseconomiques.fr\/?s={search_term_string}\"},\"query-input\":{\"@type\":\"PropertyValueSpecification\",\"valueRequired\":true,\"valueName\":\"search_term_string\"}}],\"inLanguage\":\"fr-FR\"}]}<\/script>\n<!-- \/ Yoast SEO plugin. -->","yoast_head_json":{"title":"Tous agriculteurs\u00a0! - Les Rencontres \u00c9conomiques","robots":{"index":"index","follow":"follow","max-snippet":"max-snippet:-1","max-image-preview":"max-image-preview:large","max-video-preview":"max-video-preview:-1"},"canonical":"https:\/\/www.lesrencontreseconomiques.fr\/debats-idees\/tous-agriculteurs\/","og_locale":"fr_FR","og_type":"article","og_description":"\u00ab&nbsp;L&rsquo;agriculture est non seulement le plus ancien m\u00e9tier, mais aussi le plus sacr\u00e9&nbsp;\u00bb, \u00e9crivait la philosophe Hannah Arendt, dans ses&nbsp;Cahiers. Alors qu\u2019elle est mise \u00e0 mal en ce moment, il est bon de rappeler le r\u00f4le immense que l\u2019agriculture joue dans nos vies. Nous l\u2019avons enferm\u00e9e dans une case, la consid\u00e9rant comme une activit\u00e9 \u00e9conomique [&hellip;]","og_url":"https:\/\/www.lesrencontreseconomiques.fr\/debats-idees\/tous-agriculteurs\/","og_site_name":"Les Rencontres \u00c9conomiques","article_publisher":"https:\/\/www.facebook.com\/Le.Cercle.des.Economistes\/","article_modified_time":"2025-05-30T07:24:30+00:00","og_image":[{"width":1600,"height":1047,"url":"https:\/\/www.lesrencontreseconomiques.fr\/wp-content\/uploads\/2025\/05\/AdobeStock_97446025.jpeg","type":"image\/jpeg"}],"twitter_card":"summary_large_image","twitter_site":"@Cercle_eco","twitter_misc":{"Dur\u00e9e de lecture estim\u00e9e":"4 minutes"},"schema":{"@context":"https:\/\/schema.org","@graph":[{"@type":"WebPage","@id":"https:\/\/www.lesrencontreseconomiques.fr\/debats-idees\/tous-agriculteurs\/","url":"https:\/\/www.lesrencontreseconomiques.fr\/debats-idees\/tous-agriculteurs\/","name":"Tous agriculteurs\u00a0! - Les Rencontres \u00c9conomiques","isPartOf":{"@id":"https:\/\/www.lesrencontreseconomiques.fr\/#website"},"primaryImageOfPage":{"@id":"https:\/\/www.lesrencontreseconomiques.fr\/debats-idees\/tous-agriculteurs\/#primaryimage"},"image":{"@id":"https:\/\/www.lesrencontreseconomiques.fr\/debats-idees\/tous-agriculteurs\/#primaryimage"},"thumbnailUrl":"https:\/\/www.lesrencontreseconomiques.fr\/wp-content\/uploads\/2025\/05\/AdobeStock_97446025.jpeg","datePublished":"2025-05-27T12:21:54+00:00","dateModified":"2025-05-30T07:24:30+00:00","breadcrumb":{"@id":"https:\/\/www.lesrencontreseconomiques.fr\/debats-idees\/tous-agriculteurs\/#breadcrumb"},"inLanguage":"fr-FR","potentialAction":[{"@type":"ReadAction","target":["https:\/\/www.lesrencontreseconomiques.fr\/debats-idees\/tous-agriculteurs\/"]}]},{"@type":"ImageObject","inLanguage":"fr-FR","@id":"https:\/\/www.lesrencontreseconomiques.fr\/debats-idees\/tous-agriculteurs\/#primaryimage","url":"https:\/\/www.lesrencontreseconomiques.fr\/wp-content\/uploads\/2025\/05\/AdobeStock_97446025.jpeg","contentUrl":"https:\/\/www.lesrencontreseconomiques.fr\/wp-content\/uploads\/2025\/05\/AdobeStock_97446025.jpeg","width":1600,"height":1047},{"@type":"BreadcrumbList","@id":"https:\/\/www.lesrencontreseconomiques.fr\/debats-idees\/tous-agriculteurs\/#breadcrumb","itemListElement":[{"@type":"ListItem","position":1,"name":"Accueil","item":"https:\/\/www.lesrencontreseconomiques.fr\/"},{"@type":"ListItem","position":2,"name":"D\u00e9bats & Id\u00e9es","item":"https:\/\/www.lesrencontreseconomiques.fr\/debats-idees\/"},{"@type":"ListItem","position":3,"name":"Tous agriculteurs\u00a0!"}]},{"@type":"WebSite","@id":"https:\/\/www.lesrencontreseconomiques.fr\/#website","url":"https:\/\/www.lesrencontreseconomiques.fr\/","name":"Les Rencontres \u00c9conomiques","description":"","potentialAction":[{"@type":"SearchAction","target":{"@type":"EntryPoint","urlTemplate":"https:\/\/www.lesrencontreseconomiques.fr\/?s={search_term_string}"},"query-input":{"@type":"PropertyValueSpecification","valueRequired":true,"valueName":"search_term_string"}}],"inLanguage":"fr-FR"}]}},"_links":{"self":[{"href":"https:\/\/www.lesrencontreseconomiques.fr\/wp-json\/wp\/v2\/blog\/19784","targetHints":{"allow":["GET"]}}],"collection":[{"href":"https:\/\/www.lesrencontreseconomiques.fr\/wp-json\/wp\/v2\/blog"}],"about":[{"href":"https:\/\/www.lesrencontreseconomiques.fr\/wp-json\/wp\/v2\/types\/blog"}],"wp:featuredmedia":[{"embeddable":true,"href":"https:\/\/www.lesrencontreseconomiques.fr\/wp-json\/wp\/v2\/media\/19913"}],"wp:attachment":[{"href":"https:\/\/www.lesrencontreseconomiques.fr\/wp-json\/wp\/v2\/media?parent=19784"}],"wp:term":[{"taxonomy":"cat-theme","embeddable":true,"href":"https:\/\/www.lesrencontreseconomiques.fr\/wp-json\/wp\/v2\/cat-theme?post=19784"},{"taxonomy":"cat-axe","embeddable":true,"href":"https:\/\/www.lesrencontreseconomiques.fr\/wp-json\/wp\/v2\/cat-axe?post=19784"}],"curies":[{"name":"wp","href":"https:\/\/api.w.org\/{rel}","templated":true}]}}